{"id":56713,"date":"2025-09-17T14:27:46","date_gmt":"2025-09-17T11:27:46","guid":{"rendered":"https:\/\/dev.vitrinclinic.com\/tr\/what-is-caries-and-how-can-it-be-treated-in-turkey-in-2026-es\/"},"modified":"2025-11-10T11:21:11","modified_gmt":"2025-11-10T08:21:11","slug":"caries","status":"publish","type":"post","link":"https:\/\/dev.vitrinclinic.com\/es\/caries\/","title":{"rendered":"\u00bfQu\u00e9 es la caries y c\u00f3mo puede tratarse en Turqu\u00eda en 2026?"},"content":{"rendered":"<h2><span class=\"ez-toc-section\" id=\"%C2%BFQue_son_las_caries_y_por_que_son_un_problema_dental_grave\"><\/span>\u00bfQu\u00e9 son las caries y por qu\u00e9 son un problema dental grave?<span class=\"ez-toc-section-end\"><\/span><\/h2>\n<p>Las caries, com\u00fanmente conocidas como deterioro dental o cavidades, son una enfermedad dental progresiva que da\u00f1a la estructura del diente. Si no se tratan, las caries pueden causar dolor, infecci\u00f3n e incluso la p\u00e9rdida del diente, convirti\u00e9ndose en un problema serio para la salud bucal en todo el mundo.<\/p>\n<h3><span class=\"ez-toc-section\" id=\"%C2%BFQue_causa_las_caries\"><\/span>\u00bfQu\u00e9 causa las caries?<span class=\"ez-toc-section-end\"><\/span><\/h3>\n<ul>\n<li style=\"font-weight: 400;\" aria-level=\"1\">Formaci\u00f3n de placa bacteriana<\/li>\n<\/ul>\n<p>Las bacterias da\u00f1inas se acumulan en los dientes formando una placa pegajosa.<\/p>\n<ul>\n<li style=\"font-weight: 400;\" aria-level=\"1\">Consumo de az\u00facar y carbohidratos<\/li>\n<\/ul>\n<p>Las bacterias se alimentan de az\u00facares y carbohidratos, produciendo \u00e1cidos.<\/p>\n<ul>\n<li style=\"font-weight: 400;\" aria-level=\"1\">Producci\u00f3n de \u00e1cido<\/li>\n<\/ul>\n<p>Los \u00e1cidos producidos por las bacterias disuelven el esmalte dental, lo que conduce a la caries.<\/p>\n<ul>\n<li style=\"font-weight: 400;\" aria-level=\"1\">Mala higiene bucal<\/li>\n<\/ul>\n<p>Cepillarse y usar hilo dental con poca frecuencia permite la acumulaci\u00f3n de placa.<\/p>\n<ul>\n<li style=\"font-weight: 400;\" aria-level=\"1\">Boca seca (reducci\u00f3n de saliva)<\/li>\n<\/ul>\n<p>La saliva ayuda a neutralizar los \u00e1cidos; menos saliva aumenta el riesgo.<\/p>\n<ul>\n<li style=\"font-weight: 400;\" aria-level=\"1\">Picoteo y consumo frecuente de bebidas<\/li>\n<\/ul>\n<p>La exposici\u00f3n constante a az\u00facares y \u00e1cidos impide la recuperaci\u00f3n del esmalte.<\/p>\n<ul>\n<li style=\"font-weight: 400;\" aria-level=\"1\">Esmalte d\u00e9bil o delgado<\/li>\n<\/ul>\n<p>Algunas personas tienen naturalmente un esmalte menos resistente.<\/p>\n<ul>\n<li style=\"font-weight: 400;\" aria-level=\"1\">Deficiencia de fl\u00faor<\/li>\n<\/ul>\n<p>El fl\u00faor fortalece el esmalte y ayuda a prevenir la caries.<\/p>\n<ul>\n<li style=\"font-weight: 400;\" aria-level=\"1\">Factores gen\u00e9ticos<\/li>\n<\/ul>\n<p>La gen\u00e9tica puede influir en la susceptibilidad a las caries.<\/p>\n<h3><span class=\"ez-toc-section\" id=\"%C2%BFComo_conduce_la_formacion_de_placa_a_las_caries\"><\/span>\u00bfC\u00f3mo conduce la formaci\u00f3n de placa a las caries?<span class=\"ez-toc-section-end\"><\/span><\/h3>\n<p>La placa es una pel\u00edcula pegajosa de bacterias que se forma en los dientes. Cuando no se elimina, produce \u00e1cidos que erosionan el esmalte, iniciando el proceso de caries.<\/p>\n<h4><span class=\"ez-toc-section\" id=\"%C2%BFQue_papel_juegan_las_bacterias_orales_en_el_desarrollo_de_las_caries\"><\/span>\u00bfQu\u00e9 papel juegan las bacterias orales en el desarrollo de las caries?<span class=\"ez-toc-section-end\"><\/span><\/h4>\n<p>Las bacterias da\u00f1inas metabolizan los az\u00facares en \u00e1cidos, que desmineralizan la superficie dura del diente, provocando deterioro.<\/p>\n<h4><span class=\"ez-toc-section\" id=\"%C2%BFComo_contribuyen_los_alimentos_azucarados_y_acidos_a_las_caries\"><\/span>\u00bfC\u00f3mo contribuyen los alimentos azucarados y \u00e1cidos a las caries?<span class=\"ez-toc-section-end\"><\/span><\/h4>\n<p>El consumo frecuente de alimentos azucarados y \u00e1cidos alimenta a las bacterias y reduce el pH de la boca, acelerando la descomposici\u00f3n del esmalte.<\/p>\n<h3><span class=\"ez-toc-section\" id=\"%C2%BFPuede_la_mala_higiene_bucal_ser_la_principal_causa_de_las_caries\"><\/span>\u00bfPuede la mala higiene bucal ser la principal causa de las caries?<span class=\"ez-toc-section-end\"><\/span><\/h3>\n<p>S\u00ed. Descuidar el cepillado y el uso del hilo dental permite la acumulaci\u00f3n de placa, aumentando el riesgo de caries.<\/p>\n<h4><span class=\"ez-toc-section\" id=\"%C2%BFComo_aumenta_el_riesgo_el_cepillado_y_uso_del_hilo_dental_infrecuentes\"><\/span>\u00bfC\u00f3mo aumenta el riesgo el cepillado y uso del hilo dental infrecuentes?<span class=\"ez-toc-section-end\"><\/span><\/h4>\n<p>Permite que las bacterias prosperen, creando un ambiente \u00e1cido que ataca los dientes.<\/p>\n<h4><span class=\"ez-toc-section\" id=\"%C2%BFQue_sucede_si_se_ignoran_las_revisiones_dentales\"><\/span>\u00bfQu\u00e9 sucede si se ignoran las revisiones dentales?<span class=\"ez-toc-section-end\"><\/span><\/h4>\n<p>Las caries tempranas pueden pasar desapercibidas y empeorar sin un diagn\u00f3stico e intervenci\u00f3n profesional.<\/p>\n<h3><span class=\"ez-toc-section\" id=\"%C2%BFEstan_relacionadas_las_caries_con_la_genetica_y_los_antecedentes_familiares\"><\/span>\u00bfEst\u00e1n relacionadas las caries con la gen\u00e9tica y los antecedentes familiares?<span class=\"ez-toc-section-end\"><\/span><\/h3>\n<p>La gen\u00e9tica puede influir en la resistencia del esmalte y en la composici\u00f3n de la saliva, afectando la susceptibilidad a las caries.<\/p>\n<h2><span class=\"ez-toc-section\" id=\"%C2%BFCuales_son_los_diferentes_tipos_de_caries\"><\/span>\u00bfCu\u00e1les son los diferentes tipos de caries?<span class=\"ez-toc-section-end\"><\/span><\/h2>\n<ul>\n<li style=\"font-weight: 400;\" aria-level=\"1\">Caries de fosas y fisuras<\/li>\n<\/ul>\n<p>Ocurren en las superficies masticatorias de los dientes posteriores (molares y premolares) Comunes en \u00e1reas con surcos o fosas profundas<\/p>\n<ul>\n<li style=\"font-weight: 400;\" aria-level=\"1\">Caries de superficie lisa<\/li>\n<\/ul>\n<p>Se encuentran en los lados planos y lisos de los dientes A menudo se desarrollan entre los dientes donde no se usa hilo dental<\/p>\n<ul>\n<li style=\"font-weight: 400;\" aria-level=\"1\">Caries radiculares<\/li>\n<\/ul>\n<p>Afectan las superficies de las ra\u00edces de los dientes, especialmente en personas con recesi\u00f3n de las enc\u00edas M\u00e1s comunes en adultos mayores<\/p>\n<ul>\n<li style=\"font-weight: 400;\" aria-level=\"1\">Caries recurrentes (secundarias)<\/li>\n<\/ul>\n<p>Se desarrollan alrededor de empastes, coronas u otras restauraciones dentales existentes Causadas por m\u00e1rgenes defectuosos o placa residual<\/p>\n<ul>\n<li style=\"font-weight: 400;\" aria-level=\"1\">Caries rampantes<\/li>\n<\/ul>\n<p>Deterioro extenso y de r\u00e1pida progresi\u00f3n A menudo se observa en ni\u00f1os o adultos con mala higiene bucal, alto consumo de az\u00facar o boca seca<\/p>\n<ul>\n<li style=\"font-weight: 400;\" aria-level=\"1\">Caries de la primera infancia (caries del biber\u00f3n)<\/li>\n<\/ul>\n<p>Afectan a beb\u00e9s y ni\u00f1os peque\u00f1os, especialmente por el uso prolongado del biber\u00f3n con l\u00edquidos azucarados<\/p>\n<h3><span class=\"ez-toc-section\" id=\"%C2%BFQue_son_las_caries_de_fosas_y_fisuras\"><\/span>\u00bfQu\u00e9 son las caries de fosas y fisuras?<span class=\"ez-toc-section-end\"><\/span><\/h3>\n<p>Estas ocurren en los surcos de las superficies masticatorias, donde los alimentos tienden a quedar atrapados.<\/p>\n<h3><span class=\"ez-toc-section\" id=\"%C2%BFQue_son_las_caries_de_superficie_lisa\"><\/span>\u00bfQu\u00e9 son las caries de superficie lisa?<span class=\"ez-toc-section-end\"><\/span><\/h3>\n<p>Deterioro que aparece en las superficies planas de los dientes, a menudo entre los dientes.<\/p>\n<h3><span class=\"ez-toc-section\" id=\"%C2%BFQue_son_las_caries_radiculares\"><\/span>\u00bfQu\u00e9 son las caries radiculares?<span class=\"ez-toc-section-end\"><\/span><\/h3>\n<p>Deterioro que afecta las ra\u00edces expuestas, com\u00fan en adultos mayores con recesi\u00f3n gingival.<\/p>\n<h3><span class=\"ez-toc-section\" id=\"%C2%BFEn_que_se_diferencian_las_caries_recurrentes_de_las_caries_primarias\"><\/span>\u00bfEn qu\u00e9 se diferencian las caries recurrentes de las caries primarias?<span class=\"ez-toc-section-end\"><\/span><\/h3>\n<p>Las caries recurrentes se desarrollan alrededor de empastes o coronas existentes, a diferencia de las caries primarias que son lesiones nuevas.<\/p>\n<h2><span class=\"ez-toc-section\" id=\"%C2%BFCuales_son_los_primeros_signos_y_sintomas_de_las_caries\"><\/span>\u00bfCu\u00e1les son los primeros signos y s\u00edntomas de las caries?<span class=\"ez-toc-section-end\"><\/span><\/h2>\n<ul>\n<li style=\"font-weight: 400;\" aria-level=\"1\">Manchas blancas en los dientes<\/li>\n<\/ul>\n<p>Desmineralizaci\u00f3n temprana del esmalte<\/p>\n<ul>\n<li style=\"font-weight: 400;\" aria-level=\"1\">Sensibilidad dental<\/li>\n<\/ul>\n<p>Especialmente a alimentos y bebidas calientes, fr\u00edas, dulces o \u00e1cidas<\/p>\n<ul>\n<li style=\"font-weight: 400;\" aria-level=\"1\">Dolor o molestia leve en el diente<\/li>\n<\/ul>\n<p>Dolor ocasional o espont\u00e1neo sin causa clara<\/p>\n<ul>\n<li style=\"font-weight: 400;\" aria-level=\"1\">Agujeros o fosas visibles en los dientes<\/li>\n<\/ul>\n<p>Peque\u00f1as aberturas en la superficie del diente<\/p>\n<ul>\n<li style=\"font-weight: 400;\" aria-level=\"1\">Decoloraci\u00f3n<\/li>\n<\/ul>\n<p>\u00c1reas marrones, negras o blancas opacas en el diente<\/p>\n<ul>\n<li style=\"font-weight: 400;\" aria-level=\"1\">Mal aliento o sabor desagradable<\/li>\n<\/ul>\n<p>Causado por la actividad bacteriana en \u00e1reas en descomposici\u00f3n<\/p>\n<ul>\n<li style=\"font-weight: 400;\" aria-level=\"1\">Aspereza en la superficie del diente<\/li>\n<\/ul>\n<p>Cambio en la textura que se siente con la lengua o al cepillarse<\/p>\n<h3><span class=\"ez-toc-section\" id=\"%C2%BFComo_puede_la_sensibilidad_indicar_la_presencia_de_caries\"><\/span>\u00bfC\u00f3mo puede la sensibilidad indicar la presencia de caries?<span class=\"ez-toc-section-end\"><\/span><\/h3>\n<p>La caries temprana a menudo causa una sensibilidad leve a est\u00edmulos calientes, fr\u00edos o dulces.<\/p>\n<h3><span class=\"ez-toc-section\" id=\"%C2%BFCuales_son_los_signos_visibles_de_las_caries_en_los_dientes\"><\/span>\u00bfCu\u00e1les son los signos visibles de las caries en los dientes?<span class=\"ez-toc-section-end\"><\/span><\/h3>\n<p>Manchas blancas, decoloraci\u00f3n marr\u00f3n o negra, o peque\u00f1os agujeros en la superficie del diente.<\/p>\n<h3><span class=\"ez-toc-section\" id=\"%C2%BFPuede_el_mal_aliento_ser_causado_por_las_caries\"><\/span>\u00bfPuede el mal aliento ser causado por las caries?<span class=\"ez-toc-section-end\"><\/span><\/h3>\n<p>S\u00ed, la actividad bacteriana en los dientes deteriorados puede causar mal aliento persistente.<\/p>\n<h2><span class=\"ez-toc-section\" id=\"%C2%BFComo_diagnostican_los_dentistas_las_caries_en_Turquia\"><\/span>\u00bfC\u00f3mo diagnostican los dentistas las caries en Turqu\u00eda?<span class=\"ez-toc-section-end\"><\/span><\/h2>\n<p style=\"text-align: center;\">\n<table id=\"tablepress-24\" class=\"tablepress tablepress-id-24\">\n<thead>\n<tr class=\"row-1\">\n\t<th class=\"column-1\">Diagnostic Method<\/th><th class=\"column-2\">Purpose &amp; Use<\/th>\n<\/tr>\n<\/thead>\n<tbody class=\"row-striping row-hover\">\n<tr class=\"row-2\">\n\t<td class=\"column-1\">Visual-Tactile Exam<\/td><td class=\"column-2\">Initial detection of visible lesions or enamel defects<\/td>\n<\/tr>\n<tr class=\"row-3\">\n\t<td class=\"column-1\">Probe Examination (blunt explorer)<\/td><td class=\"column-2\">Identifies sticky or softened areas without causing damage<\/td>\n<\/tr>\n<tr class=\"row-4\">\n\t<td class=\"column-1\">Panoramic X-ray<\/td><td class=\"column-2\">Broad overview common extraoral imaging tool<\/td>\n<\/tr>\n<tr class=\"row-5\">\n\t<td class=\"column-1\">Periapical \/ Bite-wing X-rays<\/td><td class=\"column-2\">Focused detection, particularly for early interproximal caries<\/td>\n<\/tr>\n<tr class=\"row-6\">\n\t<td class=\"column-1\">Intraoral Camera<\/td><td class=\"column-2\">High-resolution imaging for early-stage detection and patient education<\/td>\n<\/tr>\n<tr class=\"row-7\">\n\t<td class=\"column-1\">CBCT (3D Imaging)<\/td><td class=\"column-2\">Used in complex cases for detailed anatomical assessment<\/td>\n<\/tr>\n<tr class=\"row-8\">\n\t<td class=\"column-1\">AI-supported diagnostics<\/td><td class=\"column-2\">Emerging tools to boost detection accuracy and speed<\/td>\n<\/tr>\n<\/tbody>\n<\/table>\n<\/p>\n<h3><span class=\"ez-toc-section\" id=\"%C2%BFQue_papel_juegan_las_radiografias_dentales_en_la_deteccion_de_caries\"><\/span>\u00bfQu\u00e9 papel juegan las radiograf\u00edas dentales en la detecci\u00f3n de caries?<span class=\"ez-toc-section-end\"><\/span><\/h3>\n<p>Las radiograf\u00edas revelan deterioro entre los dientes y debajo de las restauraciones invisibles al ojo humano.<\/p>\n<h3><span class=\"ez-toc-section\" id=\"%C2%BFSe_puede_usar_la_fluorescencia_laser_para_detectar_caries\"><\/span>\u00bfSe puede usar la fluorescencia l\u00e1ser para detectar caries?<span class=\"ez-toc-section-end\"><\/span><\/h3>\n<p>S\u00ed, detecta caries tempranas midiendo los cambios en la fluorescencia del diente.<\/p>\n<h3><span class=\"ez-toc-section\" id=\"%C2%BFComo_diferencian_los_dentistas_las_manchas_de_las_caries\"><\/span>\u00bfC\u00f3mo diferencian los dentistas las manchas de las caries?<span class=\"ez-toc-section-end\"><\/span><\/h3>\n<p>Los ex\u00e1menes cl\u00ednicos y las herramientas de diagn\u00f3stico ayudan a distinguir las manchas inofensivas de la caries.<\/p>\n<h2><span class=\"ez-toc-section\" id=\"%C2%BFComo_se_pueden_prevenir_las_caries\"><\/span>\u00bfC\u00f3mo se pueden prevenir las caries?<span class=\"ez-toc-section-end\"><\/span><\/h2>\n<p><strong> H\u00e1bitos de higiene bucal<\/strong><\/p>\n<ul>\n<li style=\"font-weight: 400;\" aria-level=\"1\"><strong>Cep\u00edllate dos veces al d\u00eda<\/strong> con pasta dental con fl\u00faor<\/li>\n<li style=\"font-weight: 400;\" aria-level=\"1\"><strong>Usa hilo dental a diario<\/strong> para limpiar entre los dientes<\/li>\n<li style=\"font-weight: 400;\" aria-level=\"1\"><strong>Usa enjuague bucal<\/strong> con contenido antibacteriano o de fl\u00faor<\/li>\n<\/ul>\n<p><strong> Dieta y nutrici\u00f3n<\/strong><\/p>\n<ul>\n<li style=\"font-weight: 400;\" aria-level=\"1\"><strong>Limita los alimentos y bebidas azucarados y \u00e1cidos<\/strong><\/li>\n<li style=\"font-weight: 400;\" aria-level=\"1\"><strong>Evita los refrigerios frecuentes<\/strong><\/li>\n<li style=\"font-weight: 400;\" aria-level=\"1\"><strong>Bebe mucha agua<\/strong>, especialmente agua fluorada<\/li>\n<\/ul>\n<p><strong>Uso del fl\u00faor<\/strong><\/p>\n<ul>\n<li style=\"font-weight: 400;\" aria-level=\"1\"><strong>Usa pasta dental y enjuague bucal con fl\u00faor<\/strong><\/li>\n<li style=\"font-weight: 400;\" aria-level=\"1\"><strong>Considera tratamientos profesionales con fl\u00faor<\/strong> por parte de un dentista<\/li>\n<\/ul>\n<p><strong> Selladores dentales<\/strong><\/p>\n<ul>\n<li style=\"font-weight: 400;\" aria-level=\"1\"><strong>Recubrimientos protectores<\/strong> aplicados en los dientes posteriores (molares) para prevenir la caries<\/li>\n<li style=\"font-weight: 400;\" aria-level=\"1\">Especialmente recomendados para ni\u00f1os y adolescentes<\/li>\n<\/ul>\n<p><strong> Visitas dentales regulares<\/strong><\/p>\n<ul>\n<li style=\"font-weight: 400;\" aria-level=\"1\"><strong>Revisiones y limpiezas rutinarias<\/strong> (cada 6 meses o seg\u00fan lo aconsejado)<\/li>\n<li style=\"font-weight: 400;\" aria-level=\"1\">Detecci\u00f3n temprana de caries o factores de riesgo<\/li>\n<\/ul>\n<p><strong> Controlar la sequedad bucal<\/strong><\/p>\n<ul>\n<li style=\"font-weight: 400;\" aria-level=\"1\"><strong>Mantente hidratado<\/strong> y evita el tabaco o el alcohol<\/li>\n<li style=\"font-weight: 400;\" aria-level=\"1\">Usa <strong>sustitutos de saliva<\/strong> si es necesario<\/li>\n<\/ul>\n<p><strong> Abordar los factores de riesgo<\/strong><\/p>\n<ul>\n<li style=\"font-weight: 400;\" aria-level=\"1\">Habla con tu dentista sobre antecedentes familiares, condiciones m\u00e9dicas y medicamentos<\/li>\n<li style=\"font-weight: 400;\" aria-level=\"1\">Trata cualquier condici\u00f3n como el reflujo \u00e1cido o el bruxismo que pueda afectar la salud dental<\/li>\n<\/ul>\n<h3><span class=\"ez-toc-section\" id=\"%C2%BFComo_previenen_las_caries_el_cepillado_y_el_uso_del_hilo_dental_con_regularidad\"><\/span>\u00bfC\u00f3mo previenen las caries el cepillado y el uso del hilo dental con regularidad?<span class=\"ez-toc-section-end\"><\/span><\/h3>\n<p>Eliminan la placa y las part\u00edculas de comida, reduciendo la producci\u00f3n de \u00e1cido.<\/p>\n<h4><span class=\"ez-toc-section\" id=\"%C2%BFQue_tipo_de_pasta_dental_funciona_mejor_contra_las_caries\"><\/span>\u00bfQu\u00e9 tipo de pasta dental funciona mejor contra las caries?<span class=\"ez-toc-section-end\"><\/span><\/h4>\n<p>La pasta dental que contiene fl\u00faor fortalece el esmalte y combate la caries.<\/p>\n<h4><span class=\"ez-toc-section\" id=\"%C2%BFCon_que_frecuencia_debes_cambiar_tu_cepillo_de_dientes\"><\/span>\u00bfCon qu\u00e9 frecuencia debes cambiar tu cepillo de dientes?<span class=\"ez-toc-section-end\"><\/span><\/h4>\n<p>Cada 3 meses o antes si las cerdas est\u00e1n desgastadas.<\/p>\n<h3><span class=\"ez-toc-section\" id=\"%C2%BFComo_ayudan_los_tratamientos_con_fluor_a_prevenir_las_caries\"><\/span>\u00bfC\u00f3mo ayudan los tratamientos con fl\u00faor a prevenir las caries?<span class=\"ez-toc-section-end\"><\/span><\/h3>\n<p>Las aplicaciones profesionales de fl\u00faor remineralizan el esmalte y hacen que los dientes sean m\u00e1s resistentes al \u00e1cido.<\/p>\n<h3><span class=\"ez-toc-section\" id=\"%C2%BFPueden_los_selladores_dentales_proteger_contra_las_caries\"><\/span>\u00bfPueden los selladores dentales proteger contra las caries?<span class=\"ez-toc-section-end\"><\/span><\/h3>\n<p>S\u00ed, los selladores cubren surcos y fisuras para bloquear bacterias y restos de alimentos.<\/p>\n<h3><span class=\"ez-toc-section\" id=\"%C2%BFComo_reduce_una_dieta_equilibrada_el_riesgo_de_caries\"><\/span>\u00bfC\u00f3mo reduce una dieta equilibrada el riesgo de caries?<span class=\"ez-toc-section-end\"><\/span><\/h3>\n<p>Comer alimentos ricos en nutrientes apoya dientes sanos y limita la ingesta de az\u00facar.<\/p>\n<h2><span class=\"ez-toc-section\" id=\"%C2%BFCuales_son_las_opciones_de_tratamiento_para_las_caries\"><\/span>\u00bfCu\u00e1les son las opciones de tratamiento para las caries?<span class=\"ez-toc-section-end\"><\/span><\/h2>\n<ul>\n<li style=\"font-weight: 400;\" aria-level=\"1\">Tratamiento con fl\u00faor<\/li>\n<\/ul>\n<p>Para la desmineralizaci\u00f3n temprana del esmalte Ayuda a remineralizar la superficie del diente<\/p>\n<ul>\n<li style=\"font-weight: 400;\" aria-level=\"1\">Empastes dentales<\/li>\n<\/ul>\n<p>Para cavidades peque\u00f1as o moderadas Se elimina la caries y se rellena con materiales como resina compuesta o amalgama<\/p>\n<ul>\n<li style=\"font-weight: 400;\" aria-level=\"1\">Incrustaciones y sobreincrustaciones<\/li>\n<\/ul>\n<p>Usadas para cavidades m\u00e1s grandes que no requieren una corona completa Restauraciones personalizadas adheridas al diente<\/p>\n<ul>\n<li style=\"font-weight: 400;\" aria-level=\"1\">Coronas dentales<\/li>\n<\/ul>\n<p>Para caries extensas o dientes debilitados Una corona cubre y protege el diente restante<\/p>\n<ul>\n<li style=\"font-weight: 400;\" aria-level=\"1\">Tratamiento de conducto<\/li>\n<\/ul>\n<p>Necesario cuando la caries llega a la pulpa del diente (nervio) Implica limpiar, desinfectar y sellar el conducto radicular<\/p>\n<ul>\n<li style=\"font-weight: 400;\" aria-level=\"1\">Extracci\u00f3n dental<\/li>\n<\/ul>\n<p>Se realiza cuando el diente est\u00e1 demasiado da\u00f1ado para salvarse Puede ser seguida por un implante o un puente dental<\/p>\n<ul>\n<li style=\"font-weight: 400;\" aria-level=\"1\">Medidas preventivas posteriores al tratamiento<\/li>\n<\/ul>\n<p>Aplicaciones de fl\u00faor, selladores e instrucciones de higiene bucal para prevenir recurrencias<\/p>\n<h3><span class=\"ez-toc-section\" id=\"%C2%BFComo_se_usan_los_empastes_para_tratar_las_caries\"><\/span>\u00bfC\u00f3mo se usan los empastes para tratar las caries?<span class=\"ez-toc-section-end\"><\/span><\/h3>\n<p>Se elimina el tejido cariado y la cavidad se rellena con material compuesto o amalgama para restaurar la integridad del diente.<\/p>\n<h3><span class=\"ez-toc-section\" id=\"%C2%BFCuando_se_necesita_una_terapia_de_conducto_para_las_caries\"><\/span>\u00bfCu\u00e1ndo se necesita una terapia de conducto para las caries?<span class=\"ez-toc-section-end\"><\/span><\/h3>\n<p>Cuando la caries alcanza la pulpa del diente causando infecci\u00f3n o dolor severo.<\/p>\n<h3><span class=\"ez-toc-section\" id=\"%C2%BFPueden_las_coronas_ser_una_solucion_para_las_caries_graves\"><\/span>\u00bfPueden las coronas ser una soluci\u00f3n para las caries graves?<span class=\"ez-toc-section-end\"><\/span><\/h3>\n<p>Las coronas protegen y refuerzan los dientes con caries extensas o despu\u00e9s del tratamiento de conducto.<\/p>\n<h3><span class=\"ez-toc-section\" id=\"%C2%BFCuales_son_los_tratamientos_quirurgicos_para_las_caries_avanzadas\"><\/span>\u00bfCu\u00e1les son los tratamientos quir\u00fargicos para las caries avanzadas?<span class=\"ez-toc-section-end\"><\/span><\/h3>\n<p>La extracci\u00f3n o apicectom\u00eda pueden ser necesarias si el diente no puede salvarse.<\/p>\n<h2><span class=\"ez-toc-section\" id=\"%C2%BFQue_tratamientos_avanzados_para_caries_estan_disponibles_en_Turquia\"><\/span>\u00bfQu\u00e9 tratamientos avanzados para caries est\u00e1n disponibles en Turqu\u00eda?<span class=\"ez-toc-section-end\"><\/span><\/h2>\n<p style=\"text-align: center;\">\n<table id=\"tablepress-25\" class=\"tablepress tablepress-id-25\">\n<thead>\n<tr class=\"row-1\">\n\t<th class=\"column-1\">Treatment Type<\/th><th class=\"column-2\">Advanced Technique Highlights<\/th>\n<\/tr>\n<\/thead>\n<tbody class=\"row-striping row-hover\">\n<tr class=\"row-2\">\n\t<td class=\"column-1\">Laser Dentistry<\/td><td class=\"column-2\">No-touch decay removal, less pain, strong disinfection<\/td>\n<\/tr>\n<tr class=\"row-3\">\n\t<td class=\"column-1\">Adhesive Restorations (Inlay\/Onlay)<\/td><td class=\"column-2\">Preserves more tooth, esthetic and functional<\/td>\n<\/tr>\n<tr class=\"row-4\">\n\t<td class=\"column-1\">Vital Pulp Therapy \/ RCT<\/td><td class=\"column-2\">Pulp-saving where possible; root canal when needed<\/td>\n<\/tr>\n<tr class=\"row-5\">\n\t<td class=\"column-1\">Preventive Treatments<\/td><td class=\"column-2\">SDF, fissure sealants, high\u2011fluoride varnish, hydroxyapatite pastes<\/td>\n<\/tr>\n<tr class=\"row-6\">\n\t<td class=\"column-1\">Vitrin Clinic Services<\/td><td class=\"column-2\">Laser dentistry, endodontics, conservative cosmetic restorations<\/td>\n<\/tr>\n<\/tbody>\n<\/table>\n<\/p>\n<h3><span class=\"ez-toc-section\" id=\"%C2%BFComo_utilizan_las_clinicas_dentales_turcas_la_odontologia_laser_para_tratar_las_caries\"><\/span>\u00bfC\u00f3mo utilizan las cl\u00ednicas dentales turcas la odontolog\u00eda l\u00e1ser para tratar las caries?<span class=\"ez-toc-section-end\"><\/span><\/h3>\n<p>Los l\u00e1seres permiten una eliminaci\u00f3n precisa y m\u00ednimamente invasiva de la caries con menos dolor y una curaci\u00f3n m\u00e1s r\u00e1pida.<\/p>\n<h3><span class=\"ez-toc-section\" id=\"%C2%BFSon_populares_los_tratamientos_minimamente_invasivos_en_Turquia\"><\/span>\u00bfSon populares los tratamientos m\u00ednimamente invasivos en Turqu\u00eda?<span class=\"ez-toc-section-end\"><\/span><\/h3>\n<p>S\u00ed, m\u00e9todos como la abrasi\u00f3n por aire y la remineralizaci\u00f3n son cada vez m\u00e1s preferidos.<\/p>\n<h3><span class=\"ez-toc-section\" id=\"%C2%BFQue_tan_asequibles_son_los_tratamientos_para_caries_en_Turquia_en_comparacion_con_Europa\"><\/span>\u00bfQu\u00e9 tan asequibles son los tratamientos para caries en Turqu\u00eda en comparaci\u00f3n con Europa?<span class=\"ez-toc-section-end\"><\/span><\/h3>\n<p>Turqu\u00eda ofrece atenci\u00f3n de alta calidad a una fracci\u00f3n del costo europeo, lo que la convierte en un destino popular para el turismo dental.<\/p>\n<h2><span class=\"ez-toc-section\" id=\"%C2%BFQue_complicaciones_pueden_resultar_de_las_caries_no_tratadas\"><\/span>\u00bfQu\u00e9 complicaciones pueden resultar de las caries no tratadas?<span class=\"ez-toc-section-end\"><\/span><\/h2>\n<p>Las caries dentales no tratadas pueden provocar varias complicaciones graves, incluyendo: <strong>Dolor y sensibilidad dental<\/strong><\/p>\n<ul>\n<li style=\"font-weight: 400;\" aria-level=\"1\">Molestias persistentes o en aumento<\/li>\n<li style=\"font-weight: 400;\" aria-level=\"1\">Interfiere con comer, beber y hablar<\/li>\n<\/ul>\n<p><strong>Infecci\u00f3n dental (absceso)<\/strong><\/p>\n<ul>\n<li style=\"font-weight: 400;\" aria-level=\"1\">La infecci\u00f3n bacteriana se propaga a la pulpa del diente<\/li>\n<li style=\"font-weight: 400;\" aria-level=\"1\">Puede provocar pus, hinchaz\u00f3n y dolor intenso<\/li>\n<li style=\"font-weight: 400;\" aria-level=\"1\">Puede requerir tratamiento de conducto o extracci\u00f3n<\/li>\n<\/ul>\n<p><strong>Propagaci\u00f3n de la infecci\u00f3n<\/strong><\/p>\n<ul>\n<li style=\"font-weight: 400;\" aria-level=\"1\">La infecci\u00f3n puede extenderse al hueso de la mand\u00edbula, el cuello o el torrente sangu\u00edneo<\/li>\n<li style=\"font-weight: 400;\" aria-level=\"1\">En casos graves, puede causar sepsis \u2014 una condici\u00f3n potencialmente mortal<\/li>\n<\/ul>\n<p><strong>Fractura o p\u00e9rdida dental<\/strong><\/p>\n<ul>\n<li style=\"font-weight: 400;\" aria-level=\"1\">La caries extensa debilita la estructura del diente<\/li>\n<li style=\"font-weight: 400;\" aria-level=\"1\">Puede romperse o requerir extracci\u00f3n si no se trata a tiempo<\/li>\n<\/ul>\n<p><strong>Enfermedad de las enc\u00edas (periodontitis)<\/strong><\/p>\n<ul>\n<li style=\"font-weight: 400;\" aria-level=\"1\">Las caries pueden contribuir a la acumulaci\u00f3n de placa y a la inflamaci\u00f3n de las enc\u00edas<\/li>\n<li style=\"font-weight: 400;\" aria-level=\"1\">Conduce a la recesi\u00f3n de las enc\u00edas, p\u00e9rdida \u00f3sea y movilidad dental<\/li>\n<\/ul>\n<p><strong> Problemas para masticar y comer<\/strong><\/p>\n<ul>\n<li style=\"font-weight: 400;\" aria-level=\"1\">El dolor o la p\u00e9rdida dental afectan la nutrici\u00f3n y la digesti\u00f3n<\/li>\n<\/ul>\n<p><strong> Dificultades para hablar<\/strong><\/p>\n<ul>\n<li style=\"font-weight: 400;\" aria-level=\"1\">Especialmente si la caries afecta los dientes frontales o m\u00faltiples dientes<\/li>\n<\/ul>\n<p><strong> Impacto est\u00e9tico y social<\/strong><\/p>\n<ul>\n<li style=\"font-weight: 400;\" aria-level=\"1\">La caries visible o la p\u00e9rdida dental pueden afectar la autoestima y la confianza<\/li>\n<\/ul>\n<p><strong>Problemas de salud sist\u00e9mica<\/strong><\/p>\n<ul>\n<li style=\"font-weight: 400;\" aria-level=\"1\">Las infecciones orales cr\u00f3nicas est\u00e1n relacionadas con:<\/li>\n<\/ul>\n<p>Enfermedades card\u00edacas<br \/>\nInfecciones respiratorias<\/p>\n<p>Nacimiento prematuro (en mujeres embarazadas)<\/p>\n<h3><span class=\"ez-toc-section\" id=\"%C2%BFPueden_las_caries_provocar_la_perdida_de_dientes\"><\/span>\u00bfPueden las caries provocar la p\u00e9rdida de dientes?<span class=\"ez-toc-section-end\"><\/span><\/h3>\n<p>S\u00ed. La caries no tratada puede destruir la estructura dental, lo que lleva a la extracci\u00f3n.<\/p>\n<h3><span class=\"ez-toc-section\" id=\"%C2%BFComo_afectan_las_caries_a_la_salud_bucal_en_general\"><\/span>\u00bfC\u00f3mo afectan las caries a la salud bucal en general?<span class=\"ez-toc-section-end\"><\/span><\/h3>\n<p>Pueden causar infecciones, enfermedades de las enc\u00edas y afectar la masticaci\u00f3n y el habla.<\/p>\n<h3><span class=\"ez-toc-section\" id=\"%C2%BFPueden_las_caries_no_tratadas_provocar_problemas_de_salud_sistemicos\"><\/span>\u00bfPueden las caries no tratadas provocar problemas de salud sist\u00e9micos?<span class=\"ez-toc-section-end\"><\/span><\/h3>\n<p>Las infecciones graves pueden propagarse y afectar la salud del coraz\u00f3n, el control de la diabetes y m\u00e1s.<\/p>\n<h2><span class=\"ez-toc-section\" id=\"%C2%BFComo_experimentan_las_caries_los_ninos_y_los_adultos_de_manera_diferente\"><\/span>\u00bfC\u00f3mo experimentan las caries los ni\u00f1os y los adultos de manera diferente?<span class=\"ez-toc-section-end\"><\/span><\/h2>\n<p style=\"text-align: center;\">\n<table id=\"tablepress-26\" class=\"tablepress tablepress-id-26\">\n<thead>\n<tr class=\"row-1\">\n\t<th class=\"column-1\">Factor<\/th><th class=\"column-2\">Children<\/th><th class=\"column-3\">Adults<\/th>\n<\/tr>\n<\/thead>\n<tbody class=\"row-striping row-hover\">\n<tr class=\"row-2\">\n\t<td class=\"column-1\">Enamel Thickness<\/td><td class=\"column-2\">Thin \u2192 Fast decay<\/td><td class=\"column-3\">Thicker \u2192 Slower progression<\/td>\n<\/tr>\n<tr class=\"row-3\">\n\t<td class=\"column-1\">Tooth Type<\/td><td class=\"column-2\">Baby teeth<\/td><td class=\"column-3\">Permanent teeth<\/td>\n<\/tr>\n<tr class=\"row-4\">\n\t<td class=\"column-1\">Common Caries Type<\/td><td class=\"column-2\">ECC, pit &amp; fissure caries<\/td><td class=\"column-3\">Root caries, recurrent decay<\/td>\n<\/tr>\n<tr class=\"row-5\">\n\t<td class=\"column-1\">Contributing Factors<\/td><td class=\"column-2\">Diet, poor hygiene, bottle feeding<\/td><td class=\"column-3\">Dry mouth, restorations, aging gums<\/td>\n<\/tr>\n<tr class=\"row-6\">\n\t<td class=\"column-1\">Treatment Focus<\/td><td class=\"column-2\">Prevention &amp; education<\/td><td class=\"column-3\">Repair, restoration, long-term care<\/td>\n<\/tr>\n<\/tbody>\n<\/table>\n<\/p>\n<h3><span class=\"ez-toc-section\" id=\"%C2%BFPor_que_las_caries_infantiles_son_una_preocupacion_comun\"><\/span>\u00bfPor qu\u00e9 las caries infantiles son una preocupaci\u00f3n com\u00fan?<span class=\"ez-toc-section-end\"><\/span><\/h3>\n<p>Los dientes de los ni\u00f1os son m\u00e1s susceptibles debido al esmalte m\u00e1s delgado y a los h\u00e1bitos alimentarios.<\/p>\n<h3><span class=\"ez-toc-section\" id=\"%C2%BFComo_progresa_la_caries_de_manera_diferente_en_los_adultos\"><\/span>\u00bfC\u00f3mo progresa la caries de manera diferente en los adultos?<span class=\"ez-toc-section-end\"><\/span><\/h3>\n<p>Los adultos pueden experimentar caries radiculares y una progresi\u00f3n m\u00e1s lenta debido a cambios en la saliva.<\/p>\n<h3><span class=\"ez-toc-section\" id=\"%C2%BFPueden_las_caries_en_los_dientes_de_leche_afectar_los_dientes_permanentes\"><\/span>\u00bfPueden las caries en los dientes de leche afectar los dientes permanentes?<span class=\"ez-toc-section-end\"><\/span><\/h3>\n<p>S\u00ed, la caries grave en los dientes de leche puede afectar el desarrollo y la alineaci\u00f3n de los dientes permanentes.<\/p>\n<h2><span class=\"ez-toc-section\" id=\"%C2%BFQue_papel_desempena_la_dieta_en_el_desarrollo_de_las_caries\"><\/span>\u00bfQu\u00e9 papel desempe\u00f1a la dieta en el desarrollo de las caries?<span class=\"ez-toc-section-end\"><\/span><\/h2>\n<p><strong>La ingesta de az\u00facar alimenta a las bacterias<\/strong><\/p>\n<ul>\n<li style=\"font-weight: 400;\" aria-level=\"1\">Los az\u00facares (especialmente la sacarosa) son fermentados por las bacterias orales<\/li>\n<li style=\"font-weight: 400;\" aria-level=\"1\">Esto produce \u00e1cido que desmineraliza el esmalte dental<\/li>\n<\/ul>\n<p><strong>La frecuencia importa m\u00e1s que la cantidad<\/strong><\/p>\n<ul>\n<li style=\"font-weight: 400;\" aria-level=\"1\">Comer o beber con frecuencia da a las bacterias m\u00e1s tiempo para producir \u00e1cido<\/li>\n<li style=\"font-weight: 400;\" aria-level=\"1\">La exposici\u00f3n constante impide que el esmalte se repare por s\u00ed mismo<\/li>\n<\/ul>\n<p><strong>Los alimentos pegajosos y procesados son de alto riesgo<\/strong><\/p>\n<ul>\n<li style=\"font-weight: 400;\" aria-level=\"1\">Los caramelos, frutas secas, patatas fritas y pasteles se adhieren a los dientes por m\u00e1s tiempo<\/li>\n<li style=\"font-weight: 400;\" aria-level=\"1\">Aumentan el tiempo de exposici\u00f3n al \u00e1cido<\/li>\n<\/ul>\n<p><strong>Bebidas azucaradas y \u00e1cidas<\/strong><\/p>\n<ul>\n<li style=\"font-weight: 400;\" aria-level=\"1\">Los refrescos, jugos y bebidas energ\u00e9ticas erosionan el esmalte y alimentan a las bacterias<\/li>\n<li style=\"font-weight: 400;\" aria-level=\"1\">Incluso los refrescos sin az\u00facar pueden da\u00f1ar los dientes debido a la acidez<\/li>\n<\/ul>\n<p><strong>La mala nutrici\u00f3n afecta la salud bucal<\/strong><\/p>\n<ul>\n<li style=\"font-weight: 400;\" aria-level=\"1\">La falta de vitaminas y minerales (como calcio, f\u00f3sforo y vitamina D) debilita el esmalte<\/li>\n<li style=\"font-weight: 400;\" aria-level=\"1\">Afecta la producci\u00f3n de saliva y la salud de las enc\u00edas<\/li>\n<\/ul>\n<p><strong>El agua ayuda a proteger los dientes<\/strong><\/p>\n<ul>\n<li style=\"font-weight: 400;\" aria-level=\"1\">El agua fluorada fortalece el esmalte<\/li>\n<li style=\"font-weight: 400;\" aria-level=\"1\">Beber agua ayuda a eliminar part\u00edculas de comida y \u00e1cidos<\/li>\n<\/ul>\n<p><strong>H\u00e1bitos diet\u00e9ticos protectores<\/strong><\/p>\n<ul>\n<li style=\"font-weight: 400;\" aria-level=\"1\">Elige alimentos integrales (verduras, l\u00e1cteos, prote\u00ednas magras)<\/li>\n<li style=\"font-weight: 400;\" aria-level=\"1\">Limita los aperitivos entre comidas<\/li>\n<li style=\"font-weight: 400;\" aria-level=\"1\">Termina las comidas con queso o frutos secos para neutralizar el \u00e1cido<\/li>\n<li style=\"font-weight: 400;\" aria-level=\"1\">Mastica chicle sin az\u00facar para estimular el flujo salival<\/li>\n<\/ul>\n<h3><span class=\"ez-toc-section\" id=\"%C2%BFComo_aumentan_el_riesgo_de_caries_los_aperitivos_y_bebidas_azucaradas\"><\/span>\u00bfC\u00f3mo aumentan el riesgo de caries los aperitivos y bebidas azucaradas?<span class=\"ez-toc-section-end\"><\/span><\/h3>\n<p>El consumo frecuente de az\u00facar alimenta a las bacterias da\u00f1inas que producen \u00e1cidos que erosionan el esmalte.<\/p>\n<h3><span class=\"ez-toc-section\" id=\"%C2%BFPuede_el_consumo_frecuente_de_aperitivos_contribuir_a_las_caries\"><\/span>\u00bfPuede el consumo frecuente de aperitivos contribuir a las caries?<span class=\"ez-toc-section-end\"><\/span><\/h3>\n<p>S\u00ed, el picoteo constante mantiene altos los niveles de \u00e1cido, aumentando el riesgo de caries.<\/p>\n<h3><span class=\"ez-toc-section\" id=\"%C2%BFComo_ayuda_la_fluoracion_del_agua_a_prevenir_las_caries\"><\/span>\u00bfC\u00f3mo ayuda la fluoraci\u00f3n del agua a prevenir las caries?<span class=\"ez-toc-section-end\"><\/span><\/h3>\n<p>El agua fluorada fortalece el esmalte y reduce la caries en la poblaci\u00f3n.<\/p>\n<h2><span class=\"ez-toc-section\" id=\"%C2%BFComo_influyen_los_habitos_de_vida_en_el_riesgo_de_caries\"><\/span>\u00bfC\u00f3mo influyen los h\u00e1bitos de vida en el riesgo de caries?<span class=\"ez-toc-section-end\"><\/span><\/h2>\n<p><strong> Fumar y usar tabaco<\/strong><\/p>\n<ul>\n<li style=\"font-weight: 400;\" aria-level=\"1\">Reduce el flujo de saliva y altera el equilibrio de las bacterias orales<\/li>\n<li style=\"font-weight: 400;\" aria-level=\"1\">Aumenta la acumulaci\u00f3n de placa y el riesgo de enfermedad de las enc\u00edas<\/li>\n<li style=\"font-weight: 400;\" aria-level=\"1\">Conduce a una mayor incidencia de caries, especialmente caries radiculares<\/li>\n<\/ul>\n<p>Consumo de alcohol<\/p>\n<ul>\n<li style=\"font-weight: 400;\" aria-level=\"1\">El alcohol puede resecar la boca (xerostom\u00eda), reduciendo la protecci\u00f3n de la saliva<\/li>\n<li style=\"font-weight: 400;\" aria-level=\"1\">Muchas bebidas alcoh\u00f3licas son azucaradas o \u00e1cidas, aumentando la erosi\u00f3n del esmalte<\/li>\n<\/ul>\n<p><strong> Malos h\u00e1bitos de higiene bucal<\/strong><\/p>\n<ul>\n<li style=\"font-weight: 400;\" aria-level=\"1\">Cepillarse y usar hilo dental de forma irregular permite que la placa y las bacterias prosperen<\/li>\n<li style=\"font-weight: 400;\" aria-level=\"1\">Aumenta la producci\u00f3n de \u00e1cido y el riesgo de caries<\/li>\n<\/ul>\n<p><strong> Elecciones diet\u00e9ticas<\/strong><\/p>\n<ul>\n<li style=\"font-weight: 400;\" aria-level=\"1\">El consumo frecuente de alimentos y bebidas azucaradas, pegajosas o \u00e1cidas alimenta a las bacterias que causan caries<\/li>\n<\/ul>\n<p><strong> Sue\u00f1o y estr\u00e9s<\/strong><\/p>\n<ul>\n<li style=\"font-weight: 400;\" aria-level=\"1\">El estr\u00e9s puede llevar al descuido del cuidado bucal o al bruxismo (rechinar de dientes), lo que da\u00f1a el esmalte<\/li>\n<li style=\"font-weight: 400;\" aria-level=\"1\">El mal sue\u00f1o afecta la respuesta inmunitaria, aumentando potencialmente el riesgo de infecci\u00f3n<\/li>\n<\/ul>\n<p><strong> Uso de medicamentos<\/strong><\/p>\n<ul>\n<li style=\"font-weight: 400;\" aria-level=\"1\">Ciertos medicamentos causan sequedad bucal, reduciendo los efectos protectores de la saliva<\/li>\n<li style=\"font-weight: 400;\" aria-level=\"1\">Mayor susceptibilidad a las caries debido a una menor limpieza y amortiguaci\u00f3n natural<\/li>\n<\/ul>\n<p><strong>Salud general y actividad f\u00edsica<\/strong><\/p>\n<ul>\n<li style=\"font-weight: 400;\" aria-level=\"1\">Una buena salud general apoya la defensa inmunitaria y la reparaci\u00f3n de los tejidos orales<\/li>\n<li style=\"font-weight: 400;\" aria-level=\"1\">Un estilo de vida sedentario y una mala nutrici\u00f3n pueden aumentar indirectamente el riesgo de caries<\/li>\n<\/ul>\n<p><strong> Opciones de estilo de vida positivas para reducir el riesgo de caries<\/strong><\/p>\n<ul>\n<li style=\"font-weight: 400;\" aria-level=\"1\">Mantener una rutina constante de higiene bucal<\/li>\n<li style=\"font-weight: 400;\" aria-level=\"1\">Evitar el tabaco y limitar el consumo de alcohol<\/li>\n<li style=\"font-weight: 400;\" aria-level=\"1\">Seguir una dieta equilibrada y baja en az\u00facar<\/li>\n<li style=\"font-weight: 400;\" aria-level=\"1\">Mantenerse bien hidratado<\/li>\n<li style=\"font-weight: 400;\" aria-level=\"1\">Controlar el estr\u00e9s y dormir lo suficiente<\/li>\n<li style=\"font-weight: 400;\" aria-level=\"1\">Visitas regulares al dentista<\/li>\n<\/ul>\n<h3><span class=\"ez-toc-section\" id=\"%C2%BFPueden_el_tabaco_y_el_alcohol_aumentar_el_riesgo_de_caries\"><\/span>\u00bfPueden el tabaco y el alcohol aumentar el riesgo de caries?<span class=\"ez-toc-section-end\"><\/span><\/h3>\n<p>Ambos resecan la boca y dificultan la cicatrizaci\u00f3n, lo que favorece la aparici\u00f3n de caries.<\/p>\n<h3><span class=\"ez-toc-section\" id=\"%C2%BFComo_afecta_el_estres_a_la_salud_bucal_y_a_las_caries\"><\/span>\u00bfC\u00f3mo afecta el estr\u00e9s a la salud bucal y a las caries?<span class=\"ez-toc-section-end\"><\/span><\/h3>\n<p>El estr\u00e9s puede reducir el flujo salival y debilitar la respuesta inmunitaria, aumentando la vulnerabilidad.<\/p>\n<h3><span class=\"ez-toc-section\" id=\"%C2%BFPueden_las_bebidas_deportivas_y_energeticas_aumentar_la_tasa_de_caries\"><\/span>\u00bfPueden las bebidas deportivas y energ\u00e9ticas aumentar la tasa de caries?<span class=\"ez-toc-section-end\"><\/span><\/h3>\n<p>Sus altos niveles de az\u00facar y acidez incrementan la erosi\u00f3n del esmalte y el riesgo de caries.<\/p>\n<h2><span class=\"ez-toc-section\" id=\"%C2%BFCual_es_el_futuro_del_tratamiento_y_la_prevencion_de_las_caries\"><\/span>\u00bfCu\u00e1l es el futuro del tratamiento y la prevenci\u00f3n de las caries?<span class=\"ez-toc-section-end\"><\/span><\/h2>\n<p><strong>Atenci\u00f3n m\u00ednimamente invasiva y preventiva<\/strong><\/p>\n<ul>\n<li style=\"font-weight: 400;\" aria-level=\"1\">\u00c9nfasis en la detecci\u00f3n temprana y el tratamiento de las caries antes de que se formen cavidades<\/li>\n<li style=\"font-weight: 400;\" aria-level=\"1\">Uso de barnices de fl\u00faor, selladores y agentes desmineralizantes para revertir la caries temprana<\/li>\n<\/ul>\n<p><strong>Herramientas de diagn\u00f3stico avanzadas<\/strong><\/p>\n<ul>\n<li style=\"font-weight: 400;\" aria-level=\"1\">Im\u00e1genes y dispositivos de detecci\u00f3n \u00f3ptica impulsados por IA para identificar la caries de manera m\u00e1s temprana y precisa<\/li>\n<li style=\"font-weight: 400;\" aria-level=\"1\">Herramientas port\u00e1tiles y de uso en silla para un diagn\u00f3stico en tiempo real<\/li>\n<\/ul>\n<p><strong>Odontolog\u00eda regenerativa<\/strong><\/p>\n<ul>\n<li style=\"font-weight: 400;\" aria-level=\"1\">Investigaci\u00f3n sobre terapias con c\u00e9lulas madre y biomateriales para regenerar estructuras dentales da\u00f1adas<\/li>\n<li style=\"font-weight: 400;\" aria-level=\"1\">Posibilidad de cultivar dentina o esmalte para reparar los dientes de forma natural<\/li>\n<\/ul>\n<p><strong>Materiales dentales inteligentes<\/strong><\/p>\n<ul>\n<li style=\"font-weight: 400;\" aria-level=\"1\">Desarrollo de materiales restauradores bioactivos y antibacterianos que ayudan a prevenir la caries recurrente<\/li>\n<li style=\"font-weight: 400;\" aria-level=\"1\">Materiales que liberan fl\u00faor u otros agentes protectores con el tiempo<\/li>\n<\/ul>\n<p><strong>Terapia l\u00e1ser y fotodin\u00e1mica<\/strong><\/p>\n<ul>\n<li style=\"font-weight: 400;\" aria-level=\"1\">Uso m\u00e1s extendido de tratamientos con l\u00e1ser para eliminar la caries sin dolor y desinfectar los dientes<\/li>\n<li style=\"font-weight: 400;\" aria-level=\"1\">Terapia fotodin\u00e1mica para atacar las bacterias con agentes activados por la luz<\/li>\n<\/ul>\n<p><strong>Cuidado bucal personalizado<\/strong><\/p>\n<ul>\n<li style=\"font-weight: 400;\" aria-level=\"1\">Uso de perfiles gen\u00e9ticos y del microbioma para personalizar los planes de prevenci\u00f3n y tratamiento<\/li>\n<li style=\"font-weight: 400;\" aria-level=\"1\">Productos de higiene bucal adaptados a los factores de riesgo individuales<\/li>\n<\/ul>\n<p><strong>Teleodontolog\u00eda y monitoreo remoto<\/strong><\/p>\n<ul>\n<li style=\"font-weight: 400;\" aria-level=\"1\">Consultas virtuales y monitoreo remoto de la salud bucal<\/li>\n<li style=\"font-weight: 400;\" aria-level=\"1\">Mayor acceso a la atenci\u00f3n y detecci\u00f3n temprana, especialmente en \u00e1reas desatendidas<\/li>\n<\/ul>\n<p><strong>Innovaciones en salud p\u00fablica y educaci\u00f3n<\/strong><\/p>\n<ul>\n<li style=\"font-weight: 400;\" aria-level=\"1\">Campa\u00f1as de concienciaci\u00f3n y programas comunitarios mejorados<\/li>\n<li style=\"font-weight: 400;\" aria-level=\"1\">Integraci\u00f3n de la salud bucal con las iniciativas de salud general<\/li>\n<\/ul>\n<h3><span class=\"ez-toc-section\" id=\"%C2%BFComo_se_utiliza_la_IA_en_la_deteccion_de_caries\"><\/span>\u00bfC\u00f3mo se utiliza la IA en la detecci\u00f3n de caries?<span class=\"ez-toc-section-end\"><\/span><\/h3>\n<p>La IA ayuda a analizar radiograf\u00edas para detectar la caries en etapas tempranas con gran precisi\u00f3n.<\/p>\n<h3><span class=\"ez-toc-section\" id=\"%C2%BFPuede_la_odontologia_regenerativa_reparar_dientes_danados_por_caries\"><\/span>\u00bfPuede la odontolog\u00eda regenerativa reparar dientes da\u00f1ados por caries?<span class=\"ez-toc-section-end\"><\/span><\/h3>\n<p>Las t\u00e9cnicas emergentes buscan regenerar el esmalte y la dentina de forma natural.<\/p>\n<h3><span class=\"ez-toc-section\" id=\"%C2%BFEstan_la_nanotecnologia_y_los_biomateriales_cambiando_el_tratamiento_de_las_caries\"><\/span>\u00bfEst\u00e1n la nanotecnolog\u00eda y los biomateriales cambiando el tratamiento de las caries?<span class=\"ez-toc-section-end\"><\/span><\/h3>\n<p>S\u00ed, ofrecen terapias dirigidas para la reparaci\u00f3n del esmalte y la prevenci\u00f3n de la caries. <a href=\"https:\/\/wa.me\/+905451016000\" target=\"_blank\" rel=\"noopener noreferrer nofollow\"><img fetchpriority=\"high\" decoding=\"async\" class=\"aligncenter wp-image-50264 size-full\" src=\"https:\/\/dev.dev.vitrinclinic.com\/wp-content\/uploads\/2025\/09\/CTA-3.webp\" alt=\"CTA 3\" width=\"700\" height=\"250\" srcset=\"https:\/\/dev.vitrinclinic.com\/wp-content\/uploads\/2025\/09\/CTA-3.webp 700w, https:\/\/dev.vitrinclinic.com\/wp-content\/uploads\/2025\/09\/CTA-3-300x107.webp 300w, https:\/\/dev.vitrinclinic.com\/wp-content\/uploads\/2025\/09\/CTA-3-18x6.webp 18w, https:\/\/dev.vitrinclinic.com\/wp-content\/uploads\/2025\/09\/CTA-3-370x132.webp 370w, https:\/\/dev.vitrinclinic.com\/wp-content\/uploads\/2025\/09\/CTA-3-410x146.webp 410w, https:\/\/dev.vitrinclinic.com\/wp-content\/uploads\/2025\/09\/CTA-3-600x214.webp 600w\" sizes=\"(max-width: 700px) 100vw, 700px\" \/><\/a> [sc_fs_multi_faq headline-0=&#8221;h3&#8243; question-0=&#8221;\u00bfCu\u00e1l es la diferencia entre caries y cavidades?&#8221; answer-0=&#8221;La caries es el proceso de deterioro dental, mientras que las cavidades son los agujeros formados como resultado.&#8221; image-0=&#8221;&#8221; headline-1=&#8221;h3&#8243; question-1=&#8221;\u00bfPueden curarse las caries sin tratamiento?&#8221; answer-1=&#8221;Las caries en etapa temprana pueden revertirse con fl\u00faor y buena higiene bucal, pero la caries avanzada requiere tratamiento.&#8221; image-1=&#8221;&#8221; headline-2=&#8221;h3&#8243; question-2=&#8221;\u00bfCu\u00e1nto tiempo tarda en desarrollarse una caries?&#8221; answer-2=&#8221;La caries puede desarrollarse durante meses o a\u00f1os, dependiendo de la higiene bucal y la dieta.&#8221; image-2=&#8221;&#8221; headline-3=&#8221;h3&#8243; question-3=&#8221;\u00bfSon contagiosas las caries entre personas?&#8221; answer-3=&#8221;Las bacterias que causan caries pueden transmitirse, especialmente de padres a hijos.&#8221; image-3=&#8221;&#8221; headline-4=&#8221;h3&#8243; question-4=&#8221;\u00bfEs doloroso el tratamiento de caries?&#8221; answer-4=&#8221;La odontolog\u00eda moderna utiliza anestesia, lo que hace que el tratamiento sea c\u00f3modo.&#8221; image-4=&#8221;&#8221; headline-5=&#8221;h3&#8243; question-5=&#8221;\u00bfCu\u00e1nto cuesta el tratamiento de caries en Turqu\u00eda?&#8221; answer-5=&#8221;Los costos var\u00edan seg\u00fan el tipo de tratamiento, pero generalmente son asequibles en comparaci\u00f3n con Europa y Estados Unidos.&#8221; image-5=&#8221;&#8221; headline-6=&#8221;h3&#8243; question-6=&#8221;\u00bfPueden volver las caries despu\u00e9s del tratamiento?&#8221; answer-6=&#8221;S\u00ed, si no se mantiene una buena higiene bucal y una dieta adecuada.&#8221; image-6=&#8221;&#8221; headline-7=&#8221;h3&#8243; question-7=&#8221;\u00bfCu\u00e1l es la mejor manera de proteger a los ni\u00f1os de las caries?&#8221; answer-7=&#8221;Visitas regulares al dentista, cepillado adecuado, limitar el az\u00facar y tratamientos con fl\u00faor.&#8221; image-7=&#8221;&#8221; headline-8=&#8221;h3&#8243; question-8=&#8221;\u00bfC\u00f3mo deciden los dentistas entre empastes y endodoncias para tratar las caries?&#8221; answer-8=&#8221;Depende de la profundidad de la caries y de si el nervio est\u00e1 afectado; se realiza una endodoncia si la infecci\u00f3n llega al nervio.&#8221; image-8=&#8221;&#8221; headline-9=&#8221;h3&#8243; question-9=&#8221;\u00bfEs la odontolog\u00eda l\u00e1ser una soluci\u00f3n permanente para las caries?&#8221; answer-9=&#8221;El tratamiento con l\u00e1ser es eficaz, pero requiere una buena higiene bucal para evitar la recurrencia.&#8221; image-9=&#8221;&#8221; count=&#8221;10&#8243; html=&#8221;true&#8221; css_class=&#8221;&#8221;]<\/p>\n","protected":false},"excerpt":{"rendered":"<p>\u00bfQu\u00e9 son las caries y por qu\u00e9 son un problema dental grave? Las caries, com\u00fanmente conocidas como deterioro dental o cavidades, son una enfermedad dental progresiva que da\u00f1a la estructura&hellip;<\/p>\n","protected":false},"author":34,"featured_media":56731,"comment_status":"open","ping_status":"open","sticky":false,"template":"","format":"standard","meta":{"iawp_total_views":0,"footnotes":""},"categories":[352],"tags":[],"class_list":["post-56713","post","type-post","status-publish","format-standard","has-post-thumbnail","hentry","category-sin-categoria"],"_wp_old_slugs":["what-is-caries-and-how-can-it-be-treated-in-turkey-in-2026-es"],"rank_math_title":"","rank_math_description":"","rank_math_focus_keyword":"","_links":{"self":[{"href":"https:\/\/dev.vitrinclinic.com\/es\/wp-json\/wp\/v2\/posts\/56713","targetHints":{"allow":["GET"]}}],"collection":[{"href":"https:\/\/dev.vitrinclinic.com\/es\/wp-json\/wp\/v2\/posts"}],"about":[{"href":"https:\/\/dev.vitrinclinic.com\/es\/wp-json\/wp\/v2\/types\/post"}],"author":[{"embeddable":true,"href":"https:\/\/dev.vitrinclinic.com\/es\/wp-json\/wp\/v2\/users\/34"}],"replies":[{"embeddable":true,"href":"https:\/\/dev.vitrinclinic.com\/es\/wp-json\/wp\/v2\/comments?post=56713"}],"version-history":[{"count":0,"href":"https:\/\/dev.vitrinclinic.com\/es\/wp-json\/wp\/v2\/posts\/56713\/revisions"}],"wp:featuredmedia":[{"embeddable":true,"href":"https:\/\/dev.vitrinclinic.com\/es\/wp-json\/wp\/v2\/media\/56731"}],"wp:attachment":[{"href":"https:\/\/dev.vitrinclinic.com\/es\/wp-json\/wp\/v2\/media?parent=56713"}],"wp:term":[{"taxonomy":"category","embeddable":true,"href":"https:\/\/dev.vitrinclinic.com\/es\/wp-json\/wp\/v2\/categories?post=56713"},{"taxonomy":"post_tag","embeddable":true,"href":"https:\/\/dev.vitrinclinic.com\/es\/wp-json\/wp\/v2\/tags?post=56713"}],"curies":[{"name":"wp","href":"https:\/\/api.w.org\/{rel}","templated":true}]}}