{"id":56714,"date":"2025-09-17T14:27:46","date_gmt":"2025-09-17T11:27:46","guid":{"rendered":"https:\/\/dev.vitrinclinic.com\/tr\/what-is-caries-and-how-can-it-be-treated-in-turkey-in-2026-fr\/"},"modified":"2025-11-10T11:20:51","modified_gmt":"2025-11-10T08:20:51","slug":"caries","status":"publish","type":"post","link":"https:\/\/dev.vitrinclinic.com\/fr\/caries\/","title":{"rendered":"Qu&#8217;est-ce que la carie et comment peut-elle \u00eatre trait\u00e9e en Turquie en 2026 ?"},"content":{"rendered":"<h2><span class=\"ez-toc-section\" id=\"Quest-ce_que_la_carie_dentaire_et_pourquoi_est-ce_un_probleme_serieux\"><\/span>Qu\u2019est-ce que la carie dentaire et pourquoi est-ce un probl\u00e8me s\u00e9rieux ?<span class=\"ez-toc-section-end\"><\/span><\/h2>\n<p>La carie, commun\u00e9ment appel\u00e9e d\u00e9composition dentaire ou cavit\u00e9, est une maladie dentaire progressive qui endommage la structure de la dent. Si elle n\u2019est pas trait\u00e9e, la carie peut provoquer des douleurs, des infections et m\u00eame la perte de dents, ce qui en fait un probl\u00e8me majeur pour la sant\u00e9 bucco-dentaire dans le monde entier.<\/p>\n<h3><span class=\"ez-toc-section\" id=\"Quelles_sont_les_causes_de_la_carie\"><\/span>Quelles sont les causes de la carie ?<span class=\"ez-toc-section-end\"><\/span><\/h3>\n<ul>\n<li style=\"font-weight: 400;\" aria-level=\"1\">Formation de plaque bact\u00e9rienne<\/li>\n<\/ul>\n<p>Les bact\u00e9ries nocives s\u2019accumulent sur les dents et forment une plaque collante.<\/p>\n<ul>\n<li style=\"font-weight: 400;\" aria-level=\"1\">Consommation de sucres et de glucides<\/li>\n<\/ul>\n<p>Les bact\u00e9ries se nourrissent de sucres et de glucides, produisant des acides.<\/p>\n<ul>\n<li style=\"font-weight: 400;\" aria-level=\"1\">Production d\u2019acide<\/li>\n<\/ul>\n<p>Les acides produits par les bact\u00e9ries dissolvent l\u2019\u00e9mail dentaire, provoquant la carie.<\/p>\n<ul>\n<li style=\"font-weight: 400;\" aria-level=\"1\">Mauvaise hygi\u00e8ne bucco-dentaire<\/li>\n<\/ul>\n<p>Un brossage et un passage de fil dentaire peu fr\u00e9quents favorisent l\u2019accumulation de plaque.<\/p>\n<ul>\n<li style=\"font-weight: 400;\" aria-level=\"1\">Bouche s\u00e8che (r\u00e9duction de la salive)<\/li>\n<\/ul>\n<p>La salive aide \u00e0 neutraliser les acides ; moins de salive augmente le risque de carie.<\/p>\n<ul>\n<li style=\"font-weight: 400;\" aria-level=\"1\">Grignotages et boissons fr\u00e9quents<\/li>\n<\/ul>\n<p>L\u2019exposition constante aux sucres et aux acides emp\u00eache la r\u00e9cup\u00e9ration de l\u2019\u00e9mail.<\/p>\n<ul>\n<li style=\"font-weight: 400;\" aria-level=\"1\">\u00c9mail faible ou mince<\/li>\n<\/ul>\n<p>Certaines personnes ont naturellement un \u00e9mail moins r\u00e9sistant.<\/p>\n<ul>\n<li style=\"font-weight: 400;\" aria-level=\"1\">Carence en fluor<\/li>\n<\/ul>\n<p>Le fluor renforce l\u2019\u00e9mail et aide \u00e0 pr\u00e9venir la carie.<\/p>\n<ul>\n<li style=\"font-weight: 400;\" aria-level=\"1\">Facteurs g\u00e9n\u00e9tiques<\/li>\n<\/ul>\n<p>La g\u00e9n\u00e9tique peut influencer la susceptibilit\u00e9 \u00e0 la carie.<\/p>\n<h3><span class=\"ez-toc-section\" id=\"Comment_la_formation_de_plaque_conduit-elle_a_la_carie\"><\/span>Comment la formation de plaque conduit-elle \u00e0 la carie ?<span class=\"ez-toc-section-end\"><\/span><\/h3>\n<p>La plaque est un film collant de bact\u00e9ries qui se forme sur les dents. Lorsqu\u2019elle n\u2019est pas \u00e9limin\u00e9e, elle produit des acides qui \u00e9rodent l\u2019\u00e9mail, amor\u00e7ant le processus de carie.<\/p>\n<h4><span class=\"ez-toc-section\" id=\"Quel_role_jouent_les_bacteries_buccales_dans_le_developpement_de_la_carie\"><\/span>Quel r\u00f4le jouent les bact\u00e9ries buccales dans le d\u00e9veloppement de la carie ?<span class=\"ez-toc-section-end\"><\/span><\/h4>\n<p>Les bact\u00e9ries nocives m\u00e9tabolisent les sucres en acides, qui d\u00e9min\u00e9ralisent la surface dure de la dent, entra\u00eenant la carie.<\/p>\n<h4><span class=\"ez-toc-section\" id=\"Comment_les_aliments_sucres_et_acides_contribuent-ils_a_la_carie\"><\/span>Comment les aliments sucr\u00e9s et acides contribuent-ils \u00e0 la carie ?<span class=\"ez-toc-section-end\"><\/span><\/h4>\n<p>La consommation fr\u00e9quente d\u2019aliments sucr\u00e9s et acides nourrit les bact\u00e9ries et abaisse le pH de la bouche, acc\u00e9l\u00e9rant la d\u00e9gradation de l\u2019\u00e9mail.<\/p>\n<h3><span class=\"ez-toc-section\" id=\"Une_mauvaise_hygiene_bucco-dentaire_peut-elle_etre_la_principale_cause_de_carie\"><\/span>Une mauvaise hygi\u00e8ne bucco-dentaire peut-elle \u00eatre la principale cause de carie ?<span class=\"ez-toc-section-end\"><\/span><\/h3>\n<p>Oui. N\u00e9gliger le brossage et le fil dentaire favorise l\u2019accumulation de plaque, augmentant ainsi le risque de carie.<\/p>\n<h4><span class=\"ez-toc-section\" id=\"Comment_un_brossage_et_un_passage_de_fil_dentaire_peu_frequents_augmentent-ils_le_risque\"><\/span>Comment un brossage et un passage de fil dentaire peu fr\u00e9quents augmentent-ils le risque ?<span class=\"ez-toc-section-end\"><\/span><\/h4>\n<p>Ils permettent aux bact\u00e9ries de prolif\u00e9rer, cr\u00e9ant un environnement acide qui attaque les dents.<\/p>\n<h4><span class=\"ez-toc-section\" id=\"Que_se_passe-t-il_si_les_visites_chez_le_dentiste_sont_ignorees\"><\/span>Que se passe-t-il si les visites chez le dentiste sont ignor\u00e9es ?<span class=\"ez-toc-section-end\"><\/span><\/h4>\n<p>Les caries pr\u00e9coces peuvent passer inaper\u00e7ues et s\u2019aggraver sans diagnostic ni intervention professionnelle.<\/p>\n<h3><span class=\"ez-toc-section\" id=\"Les_facteurs_genetiques_et_les_antecedents_familiaux_sont-ils_lies_a_la_carie\"><\/span>Les facteurs g\u00e9n\u00e9tiques et les ant\u00e9c\u00e9dents familiaux sont-ils li\u00e9s \u00e0 la carie ?<span class=\"ez-toc-section-end\"><\/span><\/h3>\n<p>La g\u00e9n\u00e9tique peut influencer la force de l\u2019\u00e9mail et la composition de la salive, affectant la sensibilit\u00e9 \u00e0 la carie.<\/p>\n<h2><span class=\"ez-toc-section\" id=\"Quels_sont_les_differents_types_de_caries\"><\/span>Quels sont les diff\u00e9rents types de caries ?<span class=\"ez-toc-section-end\"><\/span><\/h2>\n<ul>\n<li style=\"font-weight: 400;\" aria-level=\"1\">Caries des sillons et des fissures<\/li>\n<\/ul>\n<p>Surviennent sur les surfaces de mastication des molaires et pr\u00e9molaires<\/p>\n<p>Fr\u00e9quentes dans les zones pr\u00e9sentant des rainures ou des fosses profondes<\/p>\n<ul>\n<li style=\"font-weight: 400;\" aria-level=\"1\">Caries de surface lisse<\/li>\n<\/ul>\n<p>Pr\u00e9sentes sur les c\u00f4t\u00e9s plats et lisses des dents<\/p>\n<p>Souvent situ\u00e9es entre les dents lorsque le fil dentaire est n\u00e9glig\u00e9<\/p>\n<ul>\n<li style=\"font-weight: 400;\" aria-level=\"1\">Caries radiculaires<\/li>\n<\/ul>\n<p>Affectent les surfaces radiculaires des dents, surtout chez les personnes pr\u00e9sentant une r\u00e9cession gingivale<\/p>\n<p>Plus fr\u00e9quentes chez les adultes \u00e2g\u00e9s<\/p>\n<ul>\n<li style=\"font-weight: 400;\" aria-level=\"1\">Caries r\u00e9currentes (secondaires)<\/li>\n<\/ul>\n<p>Se d\u00e9veloppent autour des obturations, couronnes ou autres restaurations dentaires existantes<\/p>\n<p>Caus\u00e9es par de mauvaises finitions ou des r\u00e9sidus de plaque<\/p>\n<ul>\n<li style=\"font-weight: 400;\" aria-level=\"1\">Caries rampantes<\/li>\n<\/ul>\n<p>D\u00e9composition \u00e9tendue et \u00e0 progression rapide<\/p>\n<p>Souvent observ\u00e9e chez les enfants ou les adultes ayant une mauvaise hygi\u00e8ne bucco-dentaire, une forte consommation de sucre ou une bouche s\u00e8che<\/p>\n<ul>\n<li style=\"font-weight: 400;\" aria-level=\"1\">Caries de la petite enfance (carie du biberon)<\/li>\n<\/ul>\n<p>Touchent les nourrissons et les jeunes enfants, notamment \u00e0 cause de l\u2019allaitement prolong\u00e9 au biberon contenant un liquide sucr\u00e9<\/p>\n<h3><span class=\"ez-toc-section\" id=\"Que_sont_les_caries_des_sillons_et_des_fissures\"><\/span>Que sont les caries des sillons et des fissures ?<span class=\"ez-toc-section-end\"><\/span><\/h3>\n<p>Elles apparaissent dans les rainures des surfaces de mastication, o\u00f9 les aliments ont tendance \u00e0 se coincer.<\/p>\n<h3><span class=\"ez-toc-section\" id=\"Que_sont_les_caries_de_surface_lisse\"><\/span>Que sont les caries de surface lisse ?<span class=\"ez-toc-section-end\"><\/span><\/h3>\n<p>Carie apparaissant sur les surfaces planes des dents, souvent entre les dents.<\/p>\n<h3><span class=\"ez-toc-section\" id=\"Que_sont_les_caries_radiculaires\"><\/span>Que sont les caries radiculaires ?<span class=\"ez-toc-section-end\"><\/span><\/h3>\n<p>Carie affectant les racines expos\u00e9es, fr\u00e9quente chez les personnes \u00e2g\u00e9es pr\u00e9sentant une r\u00e9cession gingivale.<\/p>\n<h3><span class=\"ez-toc-section\" id=\"En_quoi_les_caries_recurrentes_different-elles_des_caries_primaires\"><\/span>En quoi les caries r\u00e9currentes diff\u00e8rent-elles des caries primaires ?<span class=\"ez-toc-section-end\"><\/span><\/h3>\n<p>Les caries r\u00e9currentes se d\u00e9veloppent autour des obturations ou des couronnes existantes, contrairement aux caries primaires qui sont de nouvelles l\u00e9sions.<\/p>\n<h2><span class=\"ez-toc-section\" id=\"Quels_sont_les_signes_et_symptomes_precoces_de_la_carie\"><\/span>Quels sont les signes et sympt\u00f4mes pr\u00e9coces de la carie ?<span class=\"ez-toc-section-end\"><\/span><\/h2>\n<ul>\n<li style=\"font-weight: 400;\" aria-level=\"1\">Taches blanches sur les dents<\/li>\n<\/ul>\n<p>Premi\u00e8re d\u00e9min\u00e9ralisation de l\u2019\u00e9mail<\/p>\n<ul>\n<li style=\"font-weight: 400;\" aria-level=\"1\">Sensibilit\u00e9 dentaire<\/li>\n<\/ul>\n<p>Surtout face aux aliments et boissons chauds, froids, sucr\u00e9s ou acides<\/p>\n<ul>\n<li style=\"font-weight: 400;\" aria-level=\"1\">L\u00e9g\u00e8re douleur ou inconfort dentaire<\/li>\n<\/ul>\n<p>Douleur occasionnelle ou spontan\u00e9e sans cause \u00e9vidente<\/p>\n<ul>\n<li style=\"font-weight: 400;\" aria-level=\"1\">Trous ou cavit\u00e9s visibles dans les dents<\/li>\n<\/ul>\n<p>Petites ouvertures \u00e0 la surface de la dent<\/p>\n<ul>\n<li style=\"font-weight: 400;\" aria-level=\"1\">D\u00e9coloration<\/li>\n<\/ul>\n<p>Zones brunes, noires ou blanch\u00e2tres sur la dent<\/p>\n<ul>\n<li style=\"font-weight: 400;\" aria-level=\"1\">Mauvaise haleine ou go\u00fbt d\u00e9sagr\u00e9able<\/li>\n<\/ul>\n<p>Caus\u00e9s par l\u2019activit\u00e9 bact\u00e9rienne dans les zones cari\u00e9es<\/p>\n<ul>\n<li style=\"font-weight: 400;\" aria-level=\"1\">Rugosit\u00e9 de la surface dentaire<\/li>\n<\/ul>\n<p>Changement de texture ressenti avec la langue ou lors du brossage<\/p>\n<h3><span class=\"ez-toc-section\" id=\"Comment_la_sensibilite_peut-elle_indiquer_la_presence_de_carie\"><\/span>Comment la sensibilit\u00e9 peut-elle indiquer la pr\u00e9sence de carie ?<span class=\"ez-toc-section-end\"><\/span><\/h3>\n<p>Les d\u00e9buts de carie provoquent souvent une l\u00e9g\u00e8re sensibilit\u00e9 aux stimuli chauds, froids ou sucr\u00e9s.<\/p>\n<h3><span class=\"ez-toc-section\" id=\"Quels_sont_les_signes_visibles_de_carie_sur_les_dents\"><\/span>Quels sont les signes visibles de carie sur les dents ?<span class=\"ez-toc-section-end\"><\/span><\/h3>\n<p>Taches blanches, d\u00e9colorations brunes ou noires, ou petits trous \u00e0 la surface des dents.<\/p>\n<h3><span class=\"ez-toc-section\" id=\"La_mauvaise_haleine_peut-elle_etre_causee_par_la_carie\"><\/span>La mauvaise haleine peut-elle \u00eatre caus\u00e9e par la carie ?<span class=\"ez-toc-section-end\"><\/span><\/h3>\n<p>Oui, l\u2019activit\u00e9 bact\u00e9rienne dans les dents cari\u00e9es peut provoquer une mauvaise haleine persistante.<\/p>\n<h2><span class=\"ez-toc-section\" id=\"Comment_les_caries_sont-elles_diagnostiquees_par_les_dentistes_en_Turquie\"><\/span>Comment les caries sont-elles diagnostiqu\u00e9es par les dentistes en Turquie<span class=\"ez-toc-section-end\"><\/span><\/h2>\n<p style=\"text-align: center;\">\n<table id=\"tablepress-24\" class=\"tablepress tablepress-id-24\">\n<thead>\n<tr class=\"row-1\">\n\t<th class=\"column-1\">Diagnostic Method<\/th><th class=\"column-2\">Purpose &amp; Use<\/th>\n<\/tr>\n<\/thead>\n<tbody class=\"row-striping row-hover\">\n<tr class=\"row-2\">\n\t<td class=\"column-1\">Visual-Tactile Exam<\/td><td class=\"column-2\">Initial detection of visible lesions or enamel defects<\/td>\n<\/tr>\n<tr class=\"row-3\">\n\t<td class=\"column-1\">Probe Examination (blunt explorer)<\/td><td class=\"column-2\">Identifies sticky or softened areas without causing damage<\/td>\n<\/tr>\n<tr class=\"row-4\">\n\t<td class=\"column-1\">Panoramic X-ray<\/td><td class=\"column-2\">Broad overview common extraoral imaging tool<\/td>\n<\/tr>\n<tr class=\"row-5\">\n\t<td class=\"column-1\">Periapical \/ Bite-wing X-rays<\/td><td class=\"column-2\">Focused detection, particularly for early interproximal caries<\/td>\n<\/tr>\n<tr class=\"row-6\">\n\t<td class=\"column-1\">Intraoral Camera<\/td><td class=\"column-2\">High-resolution imaging for early-stage detection and patient education<\/td>\n<\/tr>\n<tr class=\"row-7\">\n\t<td class=\"column-1\">CBCT (3D Imaging)<\/td><td class=\"column-2\">Used in complex cases for detailed anatomical assessment<\/td>\n<\/tr>\n<tr class=\"row-8\">\n\t<td class=\"column-1\">AI-supported diagnostics<\/td><td class=\"column-2\">Emerging tools to boost detection accuracy and speed<\/td>\n<\/tr>\n<\/tbody>\n<\/table>\n<\/p>\n<h3><span class=\"ez-toc-section\" id=\"Quel_role_jouent_les_radiographies_dentaires_dans_la_detection_de_la_carie\"><\/span>Quel r\u00f4le jouent les radiographies dentaires dans la d\u00e9tection de la carie ?<span class=\"ez-toc-section-end\"><\/span><\/h3>\n<p>Les radiographies r\u00e9v\u00e8lent la carie entre les dents et sous les restaurations invisibles \u00e0 l\u2019\u0153il nu.<\/p>\n<h3><span class=\"ez-toc-section\" id=\"La_fluorescence_laser_peut-elle_etre_utilisee_pour_detecter_la_carie\"><\/span>La fluorescence laser peut-elle \u00eatre utilis\u00e9e pour d\u00e9tecter la carie ?<span class=\"ez-toc-section-end\"><\/span><\/h3>\n<p>Oui, elle d\u00e9tecte les d\u00e9buts de carie en mesurant les changements de fluorescence de la dent.<\/p>\n<h3><span class=\"ez-toc-section\" id=\"Comment_les_dentistes_distinguent-ils_les_taches_des_caries\"><\/span>Comment les dentistes distinguent-ils les taches des caries ?<span class=\"ez-toc-section-end\"><\/span><\/h3>\n<p>Les examens cliniques et les outils de diagnostic permettent de diff\u00e9rencier les taches inoffensives de la carie.<\/p>\n<h2><span class=\"ez-toc-section\" id=\"Comment_prevenir_la_carie\"><\/span>Comment pr\u00e9venir la carie ?<span class=\"ez-toc-section-end\"><\/span><\/h2>\n<p><strong> Habitudes d\u2019hygi\u00e8ne bucco-dentaire<\/strong><\/p>\n<ul>\n<li style=\"font-weight: 400;\" aria-level=\"1\"><strong>Brossez-vous les dents deux fois par jour<\/strong> avec un dentifrice fluor\u00e9<\/li>\n<li style=\"font-weight: 400;\" aria-level=\"1\"><strong>Utilisez le fil dentaire tous les jours<\/strong> pour nettoyer entre les dents<\/li>\n<li style=\"font-weight: 400;\" aria-level=\"1\"><strong>Utilisez un bain de bouche<\/strong> contenant des agents antibact\u00e9riens ou du fluor<\/li>\n<\/ul>\n<p><strong> Alimentation et nutrition<\/strong><\/p>\n<ul>\n<li style=\"font-weight: 400;\" aria-level=\"1\"><strong>Limitez les aliments et boissons sucr\u00e9s et acides<\/strong><\/li>\n<li style=\"font-weight: 400;\" aria-level=\"1\"><strong>\u00c9vitez les grignotages fr\u00e9quents<\/strong><\/li>\n<li style=\"font-weight: 400;\" aria-level=\"1\"><strong>Buvez beaucoup d\u2019eau<\/strong>, surtout de l\u2019eau fluor\u00e9e<\/li>\n<\/ul>\n<p><strong>Utilisation du fluor<\/strong><\/p>\n<ul>\n<li style=\"font-weight: 400;\" aria-level=\"1\"><strong>Utilisez un dentifrice et un bain de bouche au fluor<\/strong><\/li>\n<li style=\"font-weight: 400;\" aria-level=\"1\"><strong>Envisagez des traitements professionnels au fluor<\/strong> chez le dentiste<\/li>\n<\/ul>\n<p><strong> Scellements dentaires<\/strong><\/p>\n<ul>\n<li style=\"font-weight: 400;\" aria-level=\"1\"><strong>Rev\u00eatements protecteurs<\/strong> appliqu\u00e9s sur les dents du fond (molaires) pour pr\u00e9venir la carie<\/li>\n<li style=\"font-weight: 400;\" aria-level=\"1\">Particuli\u00e8rement recommand\u00e9s pour les enfants et les adolescents<\/li>\n<\/ul>\n<p><strong> Visites dentaires r\u00e9guli\u00e8res<\/strong><\/p>\n<ul>\n<li style=\"font-weight: 400;\" aria-level=\"1\"><strong>Contr\u00f4les et nettoyages de routine<\/strong> (tous les 6 mois ou selon les recommandations)<\/li>\n<li style=\"font-weight: 400;\" aria-level=\"1\">D\u00e9tection pr\u00e9coce des caries ou des facteurs de risque<\/li>\n<\/ul>\n<p><strong> Gestion de la bouche s\u00e8che<\/strong><\/p>\n<ul>\n<li style=\"font-weight: 400;\" aria-level=\"1\"><strong>Restez bien hydrat\u00e9<\/strong> et \u00e9vitez le tabac ou l\u2019alcool<\/li>\n<li style=\"font-weight: 400;\" aria-level=\"1\">Utilisez des <strong>substituts de salive<\/strong> si n\u00e9cessaire<\/li>\n<\/ul>\n<p><strong> Traiter les facteurs de risque<\/strong><\/p>\n<ul>\n<li style=\"font-weight: 400;\" aria-level=\"1\">Discutez des ant\u00e9c\u00e9dents familiaux, des conditions m\u00e9dicales et des m\u00e9dicaments avec votre dentiste<\/li>\n<li style=\"font-weight: 400;\" aria-level=\"1\">Traitez toute condition telle que le reflux acide ou le bruxisme pouvant affecter la sant\u00e9 dentaire<\/li>\n<\/ul>\n<h3><span class=\"ez-toc-section\" id=\"Comment_le_brossage_et_le_passage_du_fil_dentaire_reguliers_previennent-ils_les_caries\"><\/span>Comment le brossage et le passage du fil dentaire r\u00e9guliers pr\u00e9viennent-ils les caries ?<span class=\"ez-toc-section-end\"><\/span><\/h3>\n<p>Ils \u00e9liminent la plaque et les d\u00e9bris alimentaires, r\u00e9duisant ainsi la production d\u2019acide.<\/p>\n<h4><span class=\"ez-toc-section\" id=\"Quel_type_de_dentifrice_est_le_plus_efficace_contre_les_caries\"><\/span>Quel type de dentifrice est le plus efficace contre les caries ?<span class=\"ez-toc-section-end\"><\/span><\/h4>\n<p>Les dentifrices contenant du fluor renforcent l\u2019\u00e9mail et combattent la carie.<\/p>\n<h4><span class=\"ez-toc-section\" id=\"A_quelle_frequence_faut-il_remplacer_sa_brosse_a_dents\"><\/span>\u00c0 quelle fr\u00e9quence faut-il remplacer sa brosse \u00e0 dents ?<span class=\"ez-toc-section-end\"><\/span><\/h4>\n<p>Tous les 3 mois ou plus t\u00f4t si les poils sont us\u00e9s.<\/p>\n<h3><span class=\"ez-toc-section\" id=\"Comment_les_traitements_au_fluor_aident-ils_a_prevenir_les_caries\"><\/span>Comment les traitements au fluor aident-ils \u00e0 pr\u00e9venir les caries ?<span class=\"ez-toc-section-end\"><\/span><\/h3>\n<p>Les applications professionnelles de fluor remin\u00e9ralisent l\u2019\u00e9mail et rendent les dents plus r\u00e9sistantes aux acides.<\/p>\n<h3><span class=\"ez-toc-section\" id=\"Les_scellements_dentaires_peuvent-ils_proteger_contre_les_caries\"><\/span>Les scellements dentaires peuvent-ils prot\u00e9ger contre les caries ?<span class=\"ez-toc-section-end\"><\/span><\/h3>\n<p>Oui, les scellements couvrent les sillons et fissures pour bloquer les bact\u00e9ries et les d\u00e9bris alimentaires.<\/p>\n<h3><span class=\"ez-toc-section\" id=\"Comment_une_alimentation_equilibree_reduit-elle_le_risque_de_caries\"><\/span>Comment une alimentation \u00e9quilibr\u00e9e r\u00e9duit-elle le risque de caries ?<span class=\"ez-toc-section-end\"><\/span><\/h3>\n<p>Une alimentation riche en nutriments favorise des dents saines et limite la consommation de sucre.<\/p>\n<h2><span class=\"ez-toc-section\" id=\"Quelles_sont_les_options_de_traitement_des_caries\"><\/span>Quelles sont les options de traitement des caries ?<span class=\"ez-toc-section-end\"><\/span><\/h2>\n<ul>\n<li style=\"font-weight: 400;\" aria-level=\"1\">Traitement au fluor<\/li>\n<\/ul>\n<p>Pour la d\u00e9min\u00e9ralisation pr\u00e9coce de l\u2019\u00e9mail<\/p>\n<p>Aide \u00e0 remin\u00e9raliser la surface de la dent<\/p>\n<ul>\n<li style=\"font-weight: 400;\" aria-level=\"1\">Plombages dentaires<\/li>\n<\/ul>\n<p>Pour les petites \u00e0 moyennes cavit\u00e9s<\/p>\n<p>La carie est retir\u00e9e puis combl\u00e9e avec des mat\u00e9riaux tels que la r\u00e9sine composite ou l\u2019amalgame<\/p>\n<ul>\n<li style=\"font-weight: 400;\" aria-level=\"1\">Inlays et onlays<\/li>\n<\/ul>\n<p>Utilis\u00e9s pour les cavit\u00e9s plus importantes ne n\u00e9cessitant pas de couronne compl\u00e8te<\/p>\n<p>Restaurations sur mesure coll\u00e9es \u00e0 la dent<\/p>\n<ul>\n<li style=\"font-weight: 400;\" aria-level=\"1\">Couronnes dentaires<\/li>\n<\/ul>\n<p>Pour les caries \u00e9tendues ou les dents affaiblies<\/p>\n<p>Une coiffe recouvre et prot\u00e8ge la dent restante<\/p>\n<ul>\n<li style=\"font-weight: 400;\" aria-level=\"1\">Traitement de canal<\/li>\n<\/ul>\n<p>N\u00e9cessaire lorsque la carie atteint la pulpe dentaire (nerf)<\/p>\n<p>Implique le nettoyage, la d\u00e9sinfection et l\u2019obturation du canal radiculaire<\/p>\n<ul>\n<li style=\"font-weight: 400;\" aria-level=\"1\">Extraction dentaire<\/li>\n<\/ul>\n<p>R\u00e9alis\u00e9e lorsque la dent est trop endommag\u00e9e pour \u00eatre sauv\u00e9e<\/p>\n<p>Peut \u00eatre suivie d\u2019un implant dentaire ou d\u2019un bridge<\/p>\n<ul>\n<li style=\"font-weight: 400;\" aria-level=\"1\">Mesures pr\u00e9ventives apr\u00e8s traitement<\/li>\n<\/ul>\n<p>Applications de fluor, scellements et instructions d\u2019hygi\u00e8ne bucco-dentaire pour pr\u00e9venir la r\u00e9cidive<\/p>\n<h3><span class=\"ez-toc-section\" id=\"Comment_les_plombages_sont-ils_utilises_pour_traiter_les_caries\"><\/span>Comment les plombages sont-ils utilis\u00e9s pour traiter les caries ?<span class=\"ez-toc-section-end\"><\/span><\/h3>\n<p>Les tissus cari\u00e9s sont retir\u00e9s et la cavit\u00e9 est combl\u00e9e avec de la r\u00e9sine composite ou de l\u2019amalgame pour restaurer l\u2019int\u00e9grit\u00e9 de la dent.<\/p>\n<h3><span class=\"ez-toc-section\" id=\"Quand_un_traitement_de_canal_est-il_necessaire_pour_les_caries\"><\/span>Quand un traitement de canal est-il n\u00e9cessaire pour les caries ?<span class=\"ez-toc-section-end\"><\/span><\/h3>\n<p>Lorsque la carie atteint la pulpe dentaire, provoquant une infection ou une douleur intense.<\/p>\n<h3><span class=\"ez-toc-section\" id=\"Les_couronnes_peuvent-elles_etre_une_solution_pour_les_caries_severes\"><\/span>Les couronnes peuvent-elles \u00eatre une solution pour les caries s\u00e9v\u00e8res ?<span class=\"ez-toc-section-end\"><\/span><\/h3>\n<p>Les couronnes prot\u00e8gent et renforcent les dents atteintes de caries \u00e9tendues ou apr\u00e8s un traitement de canal.<\/p>\n<h3><span class=\"ez-toc-section\" id=\"Quels_sont_les_traitements_chirurgicaux_des_caries_avancees\"><\/span>Quels sont les traitements chirurgicaux des caries avanc\u00e9es ?<span class=\"ez-toc-section-end\"><\/span><\/h3>\n<p>L\u2019extraction ou l\u2019apicectomie peuvent \u00eatre n\u00e9cessaires si la dent ne peut pas \u00eatre sauv\u00e9e.<\/p>\n<h2><span class=\"ez-toc-section\" id=\"Quels_traitements_avances_contre_les_caries_sont_disponibles_en_Turquie\"><\/span>Quels traitements avanc\u00e9s contre les caries sont disponibles en Turquie ?<span class=\"ez-toc-section-end\"><\/span><\/h2>\n<p style=\"text-align: center;\">\n<table id=\"tablepress-25\" class=\"tablepress tablepress-id-25\">\n<thead>\n<tr class=\"row-1\">\n\t<th class=\"column-1\">Treatment Type<\/th><th class=\"column-2\">Advanced Technique Highlights<\/th>\n<\/tr>\n<\/thead>\n<tbody class=\"row-striping row-hover\">\n<tr class=\"row-2\">\n\t<td class=\"column-1\">Laser Dentistry<\/td><td class=\"column-2\">No-touch decay removal, less pain, strong disinfection<\/td>\n<\/tr>\n<tr class=\"row-3\">\n\t<td class=\"column-1\">Adhesive Restorations (Inlay\/Onlay)<\/td><td class=\"column-2\">Preserves more tooth, esthetic and functional<\/td>\n<\/tr>\n<tr class=\"row-4\">\n\t<td class=\"column-1\">Vital Pulp Therapy \/ RCT<\/td><td class=\"column-2\">Pulp-saving where possible; root canal when needed<\/td>\n<\/tr>\n<tr class=\"row-5\">\n\t<td class=\"column-1\">Preventive Treatments<\/td><td class=\"column-2\">SDF, fissure sealants, high\u2011fluoride varnish, hydroxyapatite pastes<\/td>\n<\/tr>\n<tr class=\"row-6\">\n\t<td class=\"column-1\">Vitrin Clinic Services<\/td><td class=\"column-2\">Laser dentistry, endodontics, conservative cosmetic restorations<\/td>\n<\/tr>\n<\/tbody>\n<\/table>\n<\/p>\n<h3><span class=\"ez-toc-section\" id=\"Comment_les_cliniques_dentaires_turques_utilisent-elles_la_dentisterie_au_laser_contre_les_caries\"><\/span>Comment les cliniques dentaires turques utilisent-elles la dentisterie au laser contre les caries ?<span class=\"ez-toc-section-end\"><\/span><\/h3>\n<p>Les lasers permettent une \u00e9limination pr\u00e9cise et peu invasive de la carie, avec moins de douleur et une cicatrisation plus rapide.<\/p>\n<h3><span class=\"ez-toc-section\" id=\"Les_traitements_minimalement_invasifs_sont-ils_populaires_en_Turquie\"><\/span>Les traitements minimalement invasifs sont-ils populaires en Turquie ?<span class=\"ez-toc-section-end\"><\/span><\/h3>\n<p>Oui, des approches comme l\u2019abrasion \u00e0 l\u2019air et la remin\u00e9ralisation sont de plus en plus privil\u00e9gi\u00e9es.<\/p>\n<h3><span class=\"ez-toc-section\" id=\"Les_traitements_contre_les_caries_sont-ils_abordables_en_Turquie_par_rapport_a_lEurope\"><\/span>Les traitements contre les caries sont-ils abordables en Turquie par rapport \u00e0 l\u2019Europe ?<span class=\"ez-toc-section-end\"><\/span><\/h3>\n<p>La Turquie offre des soins de haute qualit\u00e9 \u00e0 une fraction du co\u00fbt europ\u00e9en, ce qui en fait une destination pris\u00e9e pour le tourisme dentaire.<\/p>\n<h2><span class=\"ez-toc-section\" id=\"Quelles_complications_peuvent_resulter_dune_carie_non_traitee\"><\/span>Quelles complications peuvent r\u00e9sulter d\u2019une carie non trait\u00e9e ?<span class=\"ez-toc-section-end\"><\/span><\/h2>\n<p>Les caries dentaires non trait\u00e9es peuvent entra\u00eener plusieurs complications graves, notamment :<\/p>\n<p><strong>Douleur et sensibilit\u00e9 dentaires<\/strong><\/p>\n<ul>\n<li style=\"font-weight: 400;\" aria-level=\"1\">Inconfort persistant ou aggrav\u00e9<\/li>\n<li style=\"font-weight: 400;\" aria-level=\"1\">Interf\u00e8re avec l\u2019alimentation, la boisson et la parole<\/li>\n<\/ul>\n<p><strong>Infection dentaire (abc\u00e8s)<\/strong><\/p>\n<ul>\n<li style=\"font-weight: 400;\" aria-level=\"1\">L\u2019infection bact\u00e9rienne se propage \u00e0 la pulpe dentaire<\/li>\n<li style=\"font-weight: 400;\" aria-level=\"1\">Peut entra\u00eener du pus, un gonflement et une douleur intense<\/li>\n<li style=\"font-weight: 400;\" aria-level=\"1\">Peut n\u00e9cessiter un traitement de canal ou une extraction<\/li>\n<\/ul>\n<p><strong>Propagation de l\u2019infection<\/strong><\/p>\n<ul>\n<li style=\"font-weight: 400;\" aria-level=\"1\">L\u2019infection peut s\u2019\u00e9tendre \u00e0 la m\u00e2choire, au cou ou \u00e0 la circulation sanguine<\/li>\n<li style=\"font-weight: 400;\" aria-level=\"1\">Dans les cas graves, peut provoquer une septic\u00e9mie \u2014 une condition potentiellement mortelle<\/li>\n<\/ul>\n<p><strong>Fracture ou perte de dent<\/strong><\/p>\n<ul>\n<li style=\"font-weight: 400;\" aria-level=\"1\">Une carie \u00e9tendue affaiblit la structure de la dent<\/li>\n<li style=\"font-weight: 400;\" aria-level=\"1\">Peut se casser ou n\u00e9cessiter une extraction si elle n\u2019est pas trait\u00e9e \u00e0 temps<\/li>\n<\/ul>\n<p><strong>Maladie des gencives (parodontite)<\/strong><\/p>\n<ul>\n<li style=\"font-weight: 400;\" aria-level=\"1\">Les caries peuvent contribuer \u00e0 l\u2019accumulation de plaque et \u00e0 l\u2019inflammation des gencives<\/li>\n<li style=\"font-weight: 400;\" aria-level=\"1\">Entra\u00eene un recul des gencives, une perte osseuse et une mobilit\u00e9 dentaire<\/li>\n<\/ul>\n<p><strong> Probl\u00e8mes de mastication et d\u2019alimentation<\/strong><\/p>\n<ul>\n<li style=\"font-weight: 400;\" aria-level=\"1\">La douleur ou la perte de dents affecte la nutrition et la digestion<\/li>\n<\/ul>\n<p><strong> Difficult\u00e9s d\u2019\u00e9locution<\/strong><\/p>\n<ul>\n<li style=\"font-weight: 400;\" aria-level=\"1\">Surtout si la carie affecte les dents de devant ou plusieurs dents<\/li>\n<\/ul>\n<p><strong> Impact esth\u00e9tique et social<\/strong><\/p>\n<ul>\n<li style=\"font-weight: 400;\" aria-level=\"1\">Les dents cari\u00e9es ou manquantes peuvent nuire \u00e0 l\u2019estime de soi et \u00e0 la confiance<\/li>\n<\/ul>\n<p><strong>Probl\u00e8mes de sant\u00e9 syst\u00e9miques<\/strong><\/p>\n<ul>\n<li style=\"font-weight: 400;\" aria-level=\"1\">Les infections buccales chroniques sont li\u00e9es \u00e0 :<\/li>\n<\/ul>\n<p>Maladies cardiaques<\/p>\n<p>Complications du diab\u00e8te<\/p>\n<p>Infections respiratoires<\/p>\n<p>Naissance pr\u00e9matur\u00e9e (chez les femmes enceintes)<\/p>\n<h3><span class=\"ez-toc-section\" id=\"La_carie_peut-elle_entrainer_la_perte_dune_dent\"><\/span>La carie peut-elle entra\u00eener la perte d&#8217;une dent ?<span class=\"ez-toc-section-end\"><\/span><\/h3>\n<p>Oui. Une carie non trait\u00e9e peut d\u00e9truire la structure de la dent, menant \u00e0 son extraction.<\/p>\n<h3><span class=\"ez-toc-section\" id=\"Comment_la_carie_affecte-t-elle_la_sante_bucco-dentaire_globale\"><\/span>Comment la carie affecte-t-elle la sant\u00e9 bucco-dentaire globale ?<span class=\"ez-toc-section-end\"><\/span><\/h3>\n<p>Elle peut provoquer des infections, des maladies des gencives et affecter la mastication et la parole.<\/p>\n<h3><span class=\"ez-toc-section\" id=\"Une_carie_non_traitee_peut-elle_entrainer_des_problemes_de_sante_systemiques\"><\/span>Une carie non trait\u00e9e peut-elle entra\u00eener des probl\u00e8mes de sant\u00e9 syst\u00e9miques ?<span class=\"ez-toc-section-end\"><\/span><\/h3>\n<p>Les infections graves peuvent se propager et affecter la sant\u00e9 cardiaque, le contr\u00f4le du diab\u00e8te, et plus encore.<\/p>\n<h2><span class=\"ez-toc-section\" id=\"Comment_les_enfants_et_les_adultes_vivent-ils_la_carie_differemment\"><\/span>Comment les enfants et les adultes vivent-ils la carie diff\u00e9remment ?<span class=\"ez-toc-section-end\"><\/span><\/h2>\n<p style=\"text-align: center;\">\n<table id=\"tablepress-26\" class=\"tablepress tablepress-id-26\">\n<thead>\n<tr class=\"row-1\">\n\t<th class=\"column-1\">Factor<\/th><th class=\"column-2\">Children<\/th><th class=\"column-3\">Adults<\/th>\n<\/tr>\n<\/thead>\n<tbody class=\"row-striping row-hover\">\n<tr class=\"row-2\">\n\t<td class=\"column-1\">Enamel Thickness<\/td><td class=\"column-2\">Thin \u2192 Fast decay<\/td><td class=\"column-3\">Thicker \u2192 Slower progression<\/td>\n<\/tr>\n<tr class=\"row-3\">\n\t<td class=\"column-1\">Tooth Type<\/td><td class=\"column-2\">Baby teeth<\/td><td class=\"column-3\">Permanent teeth<\/td>\n<\/tr>\n<tr class=\"row-4\">\n\t<td class=\"column-1\">Common Caries Type<\/td><td class=\"column-2\">ECC, pit &amp; fissure caries<\/td><td class=\"column-3\">Root caries, recurrent decay<\/td>\n<\/tr>\n<tr class=\"row-5\">\n\t<td class=\"column-1\">Contributing Factors<\/td><td class=\"column-2\">Diet, poor hygiene, bottle feeding<\/td><td class=\"column-3\">Dry mouth, restorations, aging gums<\/td>\n<\/tr>\n<tr class=\"row-6\">\n\t<td class=\"column-1\">Treatment Focus<\/td><td class=\"column-2\">Prevention &amp; education<\/td><td class=\"column-3\">Repair, restoration, long-term care<\/td>\n<\/tr>\n<\/tbody>\n<\/table>\n<\/p>\n<h3><span class=\"ez-toc-section\" id=\"Pourquoi_la_carie_chez_lenfant_est-elle_un_probleme_frequent\"><\/span>Pourquoi la carie chez l\u2019enfant est-elle un probl\u00e8me fr\u00e9quent ?<span class=\"ez-toc-section-end\"><\/span><\/h3>\n<p>Les dents des enfants sont plus vuln\u00e9rables en raison d\u2019un \u00e9mail plus fin et de leurs habitudes alimentaires.<\/p>\n<h3><span class=\"ez-toc-section\" id=\"Comment_la_carie_evolue-t-elle_differemment_chez_les_adultes\"><\/span>Comment la carie \u00e9volue-t-elle diff\u00e9remment chez les adultes ?<span class=\"ez-toc-section-end\"><\/span><\/h3>\n<p>Les adultes peuvent d\u00e9velopper des caries radiculaires et une progression plus lente \u00e0 cause des changements de salive.<\/p>\n<h3><span class=\"ez-toc-section\" id=\"Les_caries_sur_les_dents_de_lait_peuvent-elles_affecter_les_dents_permanentes\"><\/span>Les caries sur les dents de lait peuvent-elles affecter les dents permanentes ?<span class=\"ez-toc-section-end\"><\/span><\/h3>\n<p>Oui, une carie s\u00e9v\u00e8re sur une dent de lait peut influencer le d\u00e9veloppement et l\u2019alignement des dents permanentes.<\/p>\n<h2><span class=\"ez-toc-section\" id=\"Quel_role_joue_lalimentation_dans_le_developpement_des_caries\"><\/span>Quel r\u00f4le joue l\u2019alimentation dans le d\u00e9veloppement des caries ?<span class=\"ez-toc-section-end\"><\/span><\/h2>\n<p><strong>La consommation de sucre alimente les bact\u00e9ries<\/strong><\/p>\n<ul>\n<li style=\"font-weight: 400;\" aria-level=\"1\">Les sucres (surtout le saccharose) sont ferment\u00e9s par les bact\u00e9ries buccales<\/li>\n<li style=\"font-weight: 400;\" aria-level=\"1\">Cela produit un acide qui d\u00e9min\u00e9ralise l\u2019\u00e9mail des dents<\/li>\n<\/ul>\n<p><strong>La fr\u00e9quence compte plus que la quantit\u00e9<\/strong><\/p>\n<ul>\n<li style=\"font-weight: 400;\" aria-level=\"1\">Les grignotages ou boissons fr\u00e9quents donnent plus de temps aux bact\u00e9ries pour produire de l\u2019acide<\/li>\n<li style=\"font-weight: 400;\" aria-level=\"1\">L\u2019exposition constante emp\u00eache l\u2019\u00e9mail de se r\u00e9parer<\/li>\n<\/ul>\n<p><strong>Les aliments collants et transform\u00e9s sont \u00e0 haut risque<\/strong><\/p>\n<ul>\n<li style=\"font-weight: 400;\" aria-level=\"1\">Les bonbons, fruits secs, chips et p\u00e2tisseries restent plus longtemps coll\u00e9s aux dents<\/li>\n<li style=\"font-weight: 400;\" aria-level=\"1\">Cela augmente le temps d\u2019exposition aux acides<\/li>\n<\/ul>\n<p><strong>Boissons sucr\u00e9es et acides<\/strong><\/p>\n<ul>\n<li style=\"font-weight: 400;\" aria-level=\"1\">Les sodas, jus et boissons \u00e9nerg\u00e9tiques \u00e9rodent l\u2019\u00e9mail et nourrissent les bact\u00e9ries<\/li>\n<li style=\"font-weight: 400;\" aria-level=\"1\">M\u00eame les sodas sans sucre peuvent endommager les dents en raison de leur acidit\u00e9<\/li>\n<\/ul>\n<p><strong>Une mauvaise nutrition affecte la sant\u00e9 bucco-dentaire<\/strong><\/p>\n<ul>\n<li style=\"font-weight: 400;\" aria-level=\"1\">Le manque de vitamines et de min\u00e9raux (comme le calcium, le phosphore et la vitamine D) affaiblit l\u2019\u00e9mail<\/li>\n<li style=\"font-weight: 400;\" aria-level=\"1\">Affecte la production de salive et la sant\u00e9 des gencives<\/li>\n<\/ul>\n<p><strong>L\u2019eau aide \u00e0 prot\u00e9ger les dents<\/strong><\/p>\n<ul>\n<li style=\"font-weight: 400;\" aria-level=\"1\">L\u2019eau fluor\u00e9e renforce l\u2019\u00e9mail<\/li>\n<li style=\"font-weight: 400;\" aria-level=\"1\">Boire de l\u2019eau aide \u00e0 \u00e9liminer les particules alimentaires et les acides<\/li>\n<\/ul>\n<p><strong> Habitudes alimentaires protectrices<\/strong><\/p>\n<ul>\n<li style=\"font-weight: 400;\" aria-level=\"1\">Choisissez des aliments complets (l\u00e9gumes, produits laitiers, prot\u00e9ines maigres)<\/li>\n<li style=\"font-weight: 400;\" aria-level=\"1\">Limitez les collations entre les repas<\/li>\n<li style=\"font-weight: 400;\" aria-level=\"1\">Terminez les repas par du fromage ou des noix pour neutraliser l\u2019acide<\/li>\n<li style=\"font-weight: 400;\" aria-level=\"1\">M\u00e2chez un chewing-gum sans sucre pour stimuler le flux salivaire<\/li>\n<\/ul>\n<h3><span class=\"ez-toc-section\" id=\"Comment_les_collations_et_boissons_sucrees_augmentent-elles_le_risque_de_caries\"><\/span>Comment les collations et boissons sucr\u00e9es augmentent-elles le risque de caries ?<span class=\"ez-toc-section-end\"><\/span><\/h3>\n<p>La consommation fr\u00e9quente de sucre nourrit les bact\u00e9ries nocives produisant des acides qui \u00e9rodent l\u2019\u00e9mail.<\/p>\n<h3><span class=\"ez-toc-section\" id=\"Le_grignotage_frequent_peut-il_favoriser_les_caries\"><\/span>Le grignotage fr\u00e9quent peut-il favoriser les caries ?<span class=\"ez-toc-section-end\"><\/span><\/h3>\n<p>Oui, le grignotage constant maintient un niveau d\u2019acidit\u00e9 \u00e9lev\u00e9, augmentant le risque de caries.<\/p>\n<h3><span class=\"ez-toc-section\" id=\"Comment_la_fluoration_de_leau_aide-t-elle_a_prevenir_les_caries\"><\/span>Comment la fluoration de l\u2019eau aide-t-elle \u00e0 pr\u00e9venir les caries ?<span class=\"ez-toc-section-end\"><\/span><\/h3>\n<p>L\u2019eau fluor\u00e9e renforce l\u2019\u00e9mail et r\u00e9duit la carie au sein des populations.<\/p>\n<h2><span class=\"ez-toc-section\" id=\"Comment_les_choix_de_vie_influencent-ils_le_risque_de_caries\"><\/span>Comment les choix de vie influencent-ils le risque de caries ?<span class=\"ez-toc-section-end\"><\/span><\/h2>\n<p><strong> Tabagisme et usage du tabac<\/strong><\/p>\n<ul>\n<li style=\"font-weight: 400;\" aria-level=\"1\">R\u00e9duit le flux salivaire et modifie l\u2019\u00e9quilibre des bact\u00e9ries buccales<\/li>\n<li style=\"font-weight: 400;\" aria-level=\"1\">Augmente l\u2019accumulation de plaque et le risque de maladies des gencives<\/li>\n<li style=\"font-weight: 400;\" aria-level=\"1\">Conduit \u00e0 une incidence plus \u00e9lev\u00e9e de caries, notamment des caries radiculaires<\/li>\n<\/ul>\n<p>Consommation d\u2019alcool<\/p>\n<ul>\n<li style=\"font-weight: 400;\" aria-level=\"1\">L\u2019alcool peut ass\u00e9cher la bouche (x\u00e9rostomie), r\u00e9duisant la protection de la salive<\/li>\n<li style=\"font-weight: 400;\" aria-level=\"1\">De nombreuses boissons alcoolis\u00e9es sont sucr\u00e9es ou acides, augmentant l\u2019\u00e9rosion de l\u2019\u00e9mail<\/li>\n<\/ul>\n<p><strong> Mauvaises habitudes d\u2019hygi\u00e8ne bucco-dentaire<\/strong><\/p>\n<ul>\n<li style=\"font-weight: 400;\" aria-level=\"1\">Un brossage et un passage du fil dentaire irr\u00e9guliers permettent \u00e0 la plaque et aux bact\u00e9ries de prolif\u00e9rer<\/li>\n<li style=\"font-weight: 400;\" aria-level=\"1\">Augmente la production d\u2019acide et le risque de caries<\/li>\n<\/ul>\n<p><strong> Choix alimentaires<\/strong><\/p>\n<ul>\n<li style=\"font-weight: 400;\" aria-level=\"1\">La consommation fr\u00e9quente d\u2019aliments et de boissons sucr\u00e9s, collants ou acides nourrit les bact\u00e9ries responsables des caries<\/li>\n<\/ul>\n<p><strong> Sommeil et stress<\/strong><\/p>\n<ul>\n<li style=\"font-weight: 400;\" aria-level=\"1\">Le stress peut entra\u00eener la n\u00e9gligence des soins bucco-dentaires ou le bruxisme (grincement des dents), qui endommage l\u2019\u00e9mail<\/li>\n<li style=\"font-weight: 400;\" aria-level=\"1\">Un mauvais sommeil affecte la r\u00e9ponse immunitaire, augmentant potentiellement le risque d\u2019infection<\/li>\n<\/ul>\n<p><strong> Utilisation de m\u00e9dicaments<\/strong><\/p>\n<ul>\n<li style=\"font-weight: 400;\" aria-level=\"1\">Certains m\u00e9dicaments provoquent une s\u00e9cheresse buccale, r\u00e9duisant les effets protecteurs de la salive<\/li>\n<li style=\"font-weight: 400;\" aria-level=\"1\">Augmente la susceptibilit\u00e9 aux caries en raison d\u2019un nettoyage et d\u2019un tamponnement naturels r\u00e9duits<\/li>\n<\/ul>\n<p><strong>Sant\u00e9 g\u00e9n\u00e9rale et activit\u00e9 physique<\/strong><\/p>\n<ul>\n<li style=\"list-style-type: none;\">\n<ul>\n<li style=\"font-weight: 400;\" aria-level=\"1\">Une bonne sant\u00e9 g\u00e9n\u00e9rale soutient les d\u00e9fenses immunitaires et la r\u00e9paration des tissus buccaux<\/li>\n<li style=\"font-weight: 400;\" aria-level=\"1\">Un mode de vie s\u00e9dentaire et une mauvaise alimentation peuvent indirectement augmenter le risque de caries<\/li>\n<\/ul>\n<\/li>\n<\/ul>\n<p><strong> Choix de vie positifs pour r\u00e9duire le risque de caries<\/strong><\/p>\n<ul>\n<li style=\"list-style-type: none;\">\n<ul>\n<li style=\"list-style-type: none;\">\n<ul>\n<li style=\"font-weight: 400;\" aria-level=\"1\">Maintenir une routine d\u2019hygi\u00e8ne bucco-dentaire constante<\/li>\n<li style=\"font-weight: 400;\" aria-level=\"1\">\u00c9viter le tabac et limiter la consommation d\u2019alcool<\/li>\n<li style=\"font-weight: 400;\" aria-level=\"1\">Adopter une alimentation \u00e9quilibr\u00e9e et pauvre en sucre<\/li>\n<li style=\"font-weight: 400;\" aria-level=\"1\">Rester bien hydrat\u00e9<\/li>\n<li style=\"font-weight: 400;\" aria-level=\"1\">G\u00e9rer le stress et dormir suffisamment<\/li>\n<li style=\"font-weight: 400;\" aria-level=\"1\">Consulter r\u00e9guli\u00e8rement le dentiste<\/li>\n<\/ul>\n<\/li>\n<\/ul>\n<\/li>\n<\/ul>\n<h3><span class=\"ez-toc-section\" id=\"Le_tabac_et_lalcool_peuvent-ils_augmenter_le_risque_de_caries\"><\/span>Le tabac et l\u2019alcool peuvent-ils augmenter le risque de caries ?<span class=\"ez-toc-section-end\"><\/span><\/h3>\n<p>Les deux ass\u00e8chent la bouche et ralentissent la gu\u00e9rison, favorisant la formation de caries.<\/p>\n<h3><span class=\"ez-toc-section\" id=\"Comment_le_stress_affecte-t-il_la_sante_bucco-dentaire_et_les_caries\"><\/span>Comment le stress affecte-t-il la sant\u00e9 bucco-dentaire et les caries ?<span class=\"ez-toc-section-end\"><\/span><\/h3>\n<p>Le stress peut r\u00e9duire le flux salivaire et affaiblir la r\u00e9ponse immunitaire, augmentant la vuln\u00e9rabilit\u00e9.<\/p>\n<h3><span class=\"ez-toc-section\" id=\"Les_boissons_energetiques_et_sportives_peuvent-elles_augmenter_le_taux_de_caries\"><\/span>Les boissons \u00e9nerg\u00e9tiques et sportives peuvent-elles augmenter le taux de caries ?<span class=\"ez-toc-section-end\"><\/span><\/h3>\n<p>Leur teneur \u00e9lev\u00e9e en sucre et en acidit\u00e9 favorise l\u2019\u00e9rosion de l\u2019\u00e9mail et le risque de caries.<\/p>\n<h2><span class=\"ez-toc-section\" id=\"Quel_est_lavenir_du_traitement_et_de_la_prevention_des_caries\"><\/span>Quel est l\u2019avenir du traitement et de la pr\u00e9vention des caries ?<span class=\"ez-toc-section-end\"><\/span><\/h2>\n<p><strong>Soins pr\u00e9ventifs et peu invasifs<\/strong><\/p>\n<ul>\n<li style=\"list-style-type: none;\">\n<ul>\n<li style=\"list-style-type: none;\">\n<ul>\n<li style=\"font-weight: 400;\" aria-level=\"1\">Accent mis sur la d\u00e9tection pr\u00e9coce et le traitement des caries avant la formation des cavit\u00e9s<\/li>\n<li style=\"font-weight: 400;\" aria-level=\"1\">Utilisation de vernis fluor\u00e9s, de scellants et d\u2019agents de d\u00e9min\u00e9ralisation pour inverser les premiers signes de carie<\/li>\n<\/ul>\n<\/li>\n<\/ul>\n<\/li>\n<\/ul>\n<p><strong>Outils de diagnostic avanc\u00e9s<\/strong><\/p>\n<ul>\n<li style=\"list-style-type: none;\">\n<ul>\n<li style=\"list-style-type: none;\">\n<ul>\n<li style=\"font-weight: 400;\" aria-level=\"1\">Imagerie et dispositifs de d\u00e9tection optique aliment\u00e9s par l\u2019IA pour identifier les caries plus t\u00f4t et avec plus de pr\u00e9cision<\/li>\n<li style=\"font-weight: 400;\" aria-level=\"1\">Outils portables et au fauteuil pour un diagnostic en temps r\u00e9el<\/li>\n<\/ul>\n<\/li>\n<\/ul>\n<\/li>\n<\/ul>\n<p><strong>Odontologie r\u00e9g\u00e9n\u00e9rative<\/strong><\/p>\n<ul>\n<li style=\"list-style-type: none;\">\n<ul>\n<li style=\"list-style-type: none;\">\n<ul>\n<li style=\"font-weight: 400;\" aria-level=\"1\">Recherche sur les th\u00e9rapies \u00e0 base de cellules souches et les biomat\u00e9riaux pour r\u00e9g\u00e9n\u00e9rer les structures dentaires endommag\u00e9es<\/li>\n<li style=\"font-weight: 400;\" aria-level=\"1\">Possibilit\u00e9 de faire pousser la dentine ou l\u2019\u00e9mail pour r\u00e9parer naturellement les dents<\/li>\n<\/ul>\n<\/li>\n<\/ul>\n<\/li>\n<\/ul>\n<p><strong>Mat\u00e9riaux dentaires intelligents<\/strong><\/p>\n<ul>\n<li style=\"list-style-type: none;\">\n<ul>\n<li style=\"list-style-type: none;\">\n<ul>\n<li style=\"font-weight: 400;\" aria-level=\"1\">D\u00e9veloppement de mat\u00e9riaux restaurateurs bioactifs et antibact\u00e9riens aidant \u00e0 pr\u00e9venir les r\u00e9cidives de caries<\/li>\n<li style=\"font-weight: 400;\" aria-level=\"1\">Mat\u00e9riaux lib\u00e9rant du fluor ou d\u2019autres agents protecteurs au fil du temps<\/li>\n<\/ul>\n<\/li>\n<\/ul>\n<\/li>\n<\/ul>\n<p><strong>Th\u00e9rapie laser et photodynamique<\/strong><\/p>\n<ul>\n<li style=\"list-style-type: none;\">\n<ul>\n<li style=\"list-style-type: none;\">\n<ul>\n<li style=\"font-weight: 400;\" aria-level=\"1\">Utilisation plus large des traitements au laser pour \u00e9liminer les caries sans douleur et d\u00e9sinfecter les dents<\/li>\n<li style=\"font-weight: 400;\" aria-level=\"1\">Th\u00e9rapie photodynamique ciblant les bact\u00e9ries \u00e0 l\u2019aide d\u2019agents activ\u00e9s par la lumi\u00e8re<\/li>\n<\/ul>\n<\/li>\n<\/ul>\n<\/li>\n<\/ul>\n<p><strong>Soins bucco-dentaires personnalis\u00e9s<\/strong><\/p>\n<ul>\n<li style=\"list-style-type: none;\">\n<ul>\n<li style=\"list-style-type: none;\">\n<ul>\n<li style=\"font-weight: 400;\" aria-level=\"1\">Utilisation du profilage g\u00e9n\u00e9tique et du microbiome pour personnaliser la pr\u00e9vention et les plans de traitement<\/li>\n<li style=\"font-weight: 400;\" aria-level=\"1\">Produits d\u2019hygi\u00e8ne bucco-dentaire adapt\u00e9s aux facteurs de risque individuels<\/li>\n<\/ul>\n<\/li>\n<\/ul>\n<\/li>\n<\/ul>\n<p><strong>T\u00e9l\u00e9dentisterie et surveillance \u00e0 distance<\/strong><\/p>\n<ul>\n<li style=\"list-style-type: none;\">\n<ul>\n<li style=\"list-style-type: none;\">\n<ul>\n<li style=\"font-weight: 400;\" aria-level=\"1\">Consultations virtuelles et suivi \u00e0 distance de la sant\u00e9 bucco-dentaire<\/li>\n<li style=\"font-weight: 400;\" aria-level=\"1\">Acc\u00e8s accru aux soins et interventions pr\u00e9coces, notamment dans les zones mal desservies<\/li>\n<\/ul>\n<\/li>\n<\/ul>\n<\/li>\n<\/ul>\n<p><strong> Innovations en sant\u00e9 publique et en \u00e9ducation<\/strong><\/p>\n<ul>\n<li style=\"list-style-type: none;\">\n<ul>\n<li style=\"list-style-type: none;\">\n<ul>\n<li style=\"font-weight: 400;\" aria-level=\"1\">Campagnes de sensibilisation et programmes communautaires renforc\u00e9s<\/li>\n<li style=\"font-weight: 400;\" aria-level=\"1\">Int\u00e9gration de la sant\u00e9 bucco-dentaire dans les initiatives de sant\u00e9 g\u00e9n\u00e9rale<\/li>\n<\/ul>\n<\/li>\n<\/ul>\n<\/li>\n<\/ul>\n<h3><span class=\"ez-toc-section\" id=\"Comment_lIA_est-elle_utilisee_dans_la_detection_des_caries\"><\/span>Comment l\u2019IA est-elle utilis\u00e9e dans la d\u00e9tection des caries ?<span class=\"ez-toc-section-end\"><\/span><\/h3>\n<p>L\u2019IA aide \u00e0 analyser les radiographies pour d\u00e9tecter les d\u00e9buts de caries avec une grande pr\u00e9cision.<\/p>\n<h3><span class=\"ez-toc-section\" id=\"Lodontologie_regenerative_peut-elle_reparer_les_dents_endommagees_par_les_caries\"><\/span>L\u2019odontologie r\u00e9g\u00e9n\u00e9rative peut-elle r\u00e9parer les dents endommag\u00e9es par les caries ?<span class=\"ez-toc-section-end\"><\/span><\/h3>\n<p>Les techniques \u00e9mergentes visent \u00e0 r\u00e9g\u00e9n\u00e9rer naturellement l\u2019\u00e9mail et la dentine.<\/p>\n<h3><span class=\"ez-toc-section\" id=\"La_nanotechnologie_et_les_biomateriaux_changent-ils_le_traitement_des_caries\"><\/span>La nanotechnologie et les biomat\u00e9riaux changent-ils le traitement des caries ?<span class=\"ez-toc-section-end\"><\/span><\/h3>\n<p>Oui, ils offrent des th\u00e9rapies cibl\u00e9es pour la r\u00e9paration de l\u2019\u00e9mail et la pr\u00e9vention de la carie.<\/p>\n<p><a href=\"https:\/\/wa.me\/+905451016000\" target=\"_blank\" rel=\"noopener noreferrer nofollow\"><img fetchpriority=\"high\" decoding=\"async\" class=\"aligncenter wp-image-50264 size-full\" src=\"https:\/\/dev.dev.vitrinclinic.com\/wp-content\/uploads\/2025\/09\/CTA-3.webp\" alt=\"CTA 3\" width=\"700\" height=\"250\" srcset=\"https:\/\/dev.vitrinclinic.com\/wp-content\/uploads\/2025\/09\/CTA-3.webp 700w, https:\/\/dev.vitrinclinic.com\/wp-content\/uploads\/2025\/09\/CTA-3-300x107.webp 300w, https:\/\/dev.vitrinclinic.com\/wp-content\/uploads\/2025\/09\/CTA-3-18x6.webp 18w, https:\/\/dev.vitrinclinic.com\/wp-content\/uploads\/2025\/09\/CTA-3-370x132.webp 370w, https:\/\/dev.vitrinclinic.com\/wp-content\/uploads\/2025\/09\/CTA-3-410x146.webp 410w, https:\/\/dev.vitrinclinic.com\/wp-content\/uploads\/2025\/09\/CTA-3-600x214.webp 600w\" sizes=\"(max-width: 700px) 100vw, 700px\" \/><\/a><\/p>\n<p>[sc_fs_multi_faq headline-0=&#8221;h3&#8243; question-0=&#8221;Quelle est la diff\u00e9rence entre les caries et les cavit\u00e9s ?&#8221; answer-0=&#8221;La carie est le processus de d\u00e9gradation de la dent, tandis que les cavit\u00e9s sont les trous form\u00e9s \u00e0 la suite de ce processus.&#8221; image-0=&#8221;&#8221; headline-1=&#8221;h3&#8243; question-1=&#8221;Les caries peuvent-elles gu\u00e9rir sans traitement ?&#8221; answer-1=&#8221;Les caries \u00e0 un stade pr\u00e9coce peuvent \u00eatre invers\u00e9es avec du fluor et une bonne hygi\u00e8ne bucco-dentaire, mais une carie avanc\u00e9e n\u00e9cessite un traitement.&#8221; image-1=&#8221;&#8221; headline-2=&#8221;h3&#8243; question-2=&#8221;Combien de temps faut-il pour qu\u2019une carie se d\u00e9veloppe ?&#8221; answer-2=&#8221;Les caries peuvent se d\u00e9velopper sur plusieurs mois ou ann\u00e9es selon l\u2019hygi\u00e8ne bucco-dentaire et le r\u00e9gime alimentaire.&#8221; image-2=&#8221;&#8221; headline-3=&#8221;h3&#8243; question-3=&#8221;Les caries sont-elles contagieuses entre les personnes ?&#8221; answer-3=&#8221;Les bact\u00e9ries responsables des caries peuvent \u00eatre transmises, notamment des parents aux enfants.&#8221; image-3=&#8221;&#8221; headline-4=&#8221;h3&#8243; question-4=&#8221;Le traitement des caries est-il douloureux ?&#8221; answer-4=&#8221;La dentisterie moderne utilise l\u2019anesth\u00e9sie, rendant le traitement confortable.&#8221; image-4=&#8221;&#8221; headline-5=&#8221;h3&#8243; question-5=&#8221;Combien co\u00fbte le traitement des caries en Turquie ?&#8221; answer-5=&#8221;Les co\u00fbts varient selon le type de traitement, mais restent g\u00e9n\u00e9ralement abordables par rapport \u00e0 l\u2019Europe et aux \u00c9tats-Unis.&#8221; image-5=&#8221;&#8221; headline-6=&#8221;h3&#8243; question-6=&#8221;Les caries peuvent-elles r\u00e9appara\u00eetre apr\u00e8s traitement ?&#8221; answer-6=&#8221;Oui, si l\u2019hygi\u00e8ne bucco-dentaire et l\u2019alimentation ne sont pas maintenues.&#8221; image-6=&#8221;&#8221; headline-7=&#8221;h3&#8243; question-7=&#8221;Quelle est la meilleure fa\u00e7on de prot\u00e9ger les enfants contre les caries ?&#8221; answer-7=&#8221;Des visites r\u00e9guli\u00e8res chez le dentiste, un brossage ad\u00e9quat, une limitation du sucre et des traitements au fluor.&#8221; image-7=&#8221;&#8221; headline-8=&#8221;h3&#8243; question-8=&#8221;Comment les dentistes choisissent-ils entre un plombage et un traitement de canal pour les caries ?&#8221; answer-8=&#8221;Cela d\u00e9pend de la profondeur de la carie et de l\u2019atteinte de la pulpe ; un traitement de canal est n\u00e9cessaire si l\u2019infection atteint le nerf.&#8221; image-8=&#8221;&#8221; headline-9=&#8221;h3&#8243; question-9=&#8221;La dentisterie au laser est-elle une solution permanente contre les caries ?&#8221; answer-9=&#8221;Le traitement au laser est efficace, mais n\u00e9cessite une bonne hygi\u00e8ne bucco-dentaire pour \u00e9viter les r\u00e9cidives.&#8221; image-9=&#8221;&#8221; count=&#8221;10&#8243; html=&#8221;true&#8221; css_class=&#8221;&#8221;]<\/p>\n","protected":false},"excerpt":{"rendered":"<p>Qu\u2019est-ce que la carie dentaire et pourquoi est-ce un probl\u00e8me s\u00e9rieux ? La carie, commun\u00e9ment appel\u00e9e d\u00e9composition dentaire ou cavit\u00e9, est une maladie dentaire progressive qui endommage la structure de&hellip;<\/p>\n","protected":false},"author":34,"featured_media":56721,"comment_status":"open","ping_status":"open","sticky":false,"template":"","format":"standard","meta":{"iawp_total_views":0,"footnotes":""},"categories":[351],"tags":[],"class_list":["post-56714","post","type-post","status-publish","format-standard","has-post-thumbnail","hentry","category-non-categorise"],"_wp_old_slugs":["what-is-caries-and-how-can-it-be-treated-in-turkey-in-2026-fr"],"rank_math_title":"","rank_math_description":"","rank_math_focus_keyword":"","_links":{"self":[{"href":"https:\/\/dev.vitrinclinic.com\/fr\/wp-json\/wp\/v2\/posts\/56714","targetHints":{"allow":["GET"]}}],"collection":[{"href":"https:\/\/dev.vitrinclinic.com\/fr\/wp-json\/wp\/v2\/posts"}],"about":[{"href":"https:\/\/dev.vitrinclinic.com\/fr\/wp-json\/wp\/v2\/types\/post"}],"author":[{"embeddable":true,"href":"https:\/\/dev.vitrinclinic.com\/fr\/wp-json\/wp\/v2\/users\/34"}],"replies":[{"embeddable":true,"href":"https:\/\/dev.vitrinclinic.com\/fr\/wp-json\/wp\/v2\/comments?post=56714"}],"version-history":[{"count":0,"href":"https:\/\/dev.vitrinclinic.com\/fr\/wp-json\/wp\/v2\/posts\/56714\/revisions"}],"wp:featuredmedia":[{"embeddable":true,"href":"https:\/\/dev.vitrinclinic.com\/fr\/wp-json\/wp\/v2\/media\/56721"}],"wp:attachment":[{"href":"https:\/\/dev.vitrinclinic.com\/fr\/wp-json\/wp\/v2\/media?parent=56714"}],"wp:term":[{"taxonomy":"category","embeddable":true,"href":"https:\/\/dev.vitrinclinic.com\/fr\/wp-json\/wp\/v2\/categories?post=56714"},{"taxonomy":"post_tag","embeddable":true,"href":"https:\/\/dev.vitrinclinic.com\/fr\/wp-json\/wp\/v2\/tags?post=56714"}],"curies":[{"name":"wp","href":"https:\/\/api.w.org\/{rel}","templated":true}]}}