{"id":57863,"date":"2025-09-15T09:00:55","date_gmt":"2025-09-15T06:00:55","guid":{"rendered":"https:\/\/dev.vitrinclinic.com\/what-is-malocclusion-and-why-does-it-matter-for-oral-health-in-2026-fr\/"},"modified":"2025-11-06T15:19:54","modified_gmt":"2025-11-06T12:19:54","slug":"malocclusion","status":"publish","type":"post","link":"https:\/\/dev.vitrinclinic.com\/fr\/malocclusion\/","title":{"rendered":"Qu\u2019est-ce que la malocclusion et pourquoi est-elle importante pour la sant\u00e9 bucco-dentaire en 2026 ?"},"content":{"rendered":"<p>FR<\/p>\n<p>Qu\u2019est-ce que la malocclusion et pourquoi est-elle importante pour la sant\u00e9 bucco-dentaire en 2026 ?<\/p>\n<h2><span class=\"ez-toc-section\" id=\"Quest-ce_que_la_Malocclusion_et_Pourquoi_Est-elle_Importante_pour_la_Sante_Bucco-dentaire\"><\/span>Qu&#8217;est-ce que la Malocclusion et Pourquoi Est-elle Importante pour la Sant\u00e9 Bucco-dentaire ?<span class=\"ez-toc-section-end\"><\/span><\/h2>\n<p>La malocclusion est une condition dentaire o\u00f9 les dents et les m\u00e2choires ne s&#8217;alignent pas correctement lorsque la bouche est ferm\u00e9e. Ce mauvais alignement affecte la sant\u00e9 bucco-dentaire en causant des probl\u00e8mes de mastication, d&#8217;\u00e9locution, d&#8217;hygi\u00e8ne buccale et de fonction de la m\u00e2choire. Si elle n&#8217;est pas trait\u00e9e, la malocclusion peut entra\u00eener une usure dentaire, des maladies des gencives et des douleurs \u00e0 la m\u00e2choire. Elle impacte \u00e9galement l&#8217;esth\u00e9tique, affectant votre sourire et votre confiance.<\/p>\n<h3><span class=\"ez-toc-section\" id=\"Quelles_Sont_les_Principales_Causes_de_la_Malocclusion\"><\/span>Quelles Sont les Principales Causes de la Malocclusion ?<span class=\"ez-toc-section-end\"><\/span><\/h3>\n<p>La malocclusion peut \u00eatre caus\u00e9e par une combinaison de facteurs g\u00e9n\u00e9tiques et environnementaux. La g\u00e9n\u00e9tique peut d\u00e9terminer la taille de la m\u00e2choire, sa forme et la taille des dents, tandis que des habitudes comme la succion du pouce ou la pouss\u00e9e linguale, les dents manquantes ou suppl\u00e9mentaires, et les diff\u00e9rences de taille de la m\u00e2choire jouent \u00e9galement un r\u00f4le.<\/p>\n<h3><span class=\"ez-toc-section\" id=\"La_malocclusion_est-elle_genetique_ou_hereditaire\"><\/span>La malocclusion est-elle g\u00e9n\u00e9tique ou h\u00e9r\u00e9ditaire ?<span class=\"ez-toc-section-end\"><\/span><\/h3>\n<p>Oui, la malocclusion est souvent h\u00e9r\u00e9ditaire des parents car les g\u00e8nes influencent le d\u00e9veloppement de la m\u00e2choire et des dents.<\/p>\n<h4><span class=\"ez-toc-section\" id=\"Quels_genes_sont_lies_a_lalignement_de_la_machoire_et_des_dents\"><\/span>Quels g\u00e8nes sont li\u00e9s \u00e0 l&#8217;alignement de la m\u00e2choire et des dents ?<span class=\"ez-toc-section-end\"><\/span><\/h4>\n<p>Des g\u00e8nes tels que MSX1 et PAX9 sont li\u00e9s \u00e0 la croissance osseuse de la m\u00e2choire et \u00e0 la formation des dents, affectant l&#8217;alignement des dents.<\/p>\n<h4><span class=\"ez-toc-section\" id=\"La_malocclusion_peut-elle_sauter_des_generations\"><\/span>La malocclusion peut-elle sauter des g\u00e9n\u00e9rations ?<span class=\"ez-toc-section-end\"><\/span><\/h4>\n<p>Oui, les traits g\u00e9n\u00e9tiques de la malocclusion peuvent sauter des g\u00e9n\u00e9rations, ce qui signifie qu&#8217;un enfant peut h\u00e9riter du mauvais alignement m\u00eame si les parents ne le montrent pas.<\/p>\n<h3><span class=\"ez-toc-section\" id=\"La_succion_du_pouce_peut-elle_causer_une_malocclusion\"><\/span>La succion du pouce peut-elle causer une malocclusion ?<span class=\"ez-toc-section-end\"><\/span><\/h3>\n<p>Oui, une succion prolong\u00e9e du pouce peut exercer une pression sur les dents et les m\u00e2choires, causant un mauvais alignement.<\/p>\n<h4><span class=\"ez-toc-section\" id=\"A_quel_age_la_succion_du_pouce_devient-elle_nocive\"><\/span>\u00c0 quel \u00e2ge la succion du pouce devient-elle nocive ?<span class=\"ez-toc-section-end\"><\/span><\/h4>\n<p>La succion du pouce devient nocive si elle se poursuit au-del\u00e0 de 3-4 ans lorsque les dents permanentes commencent \u00e0 faire \u00e9ruption.<\/p>\n<h4><span class=\"ez-toc-section\" id=\"Quels_types_de_malocclusion_sont_causes_par_une_succion_prolongee_du_pouce\"><\/span>Quels types de malocclusion sont caus\u00e9s par une succion prolong\u00e9e du pouce ?<span class=\"ez-toc-section-end\"><\/span><\/h4>\n<p>Elle cause souvent une b\u00e9ance ant\u00e9rieure et des dents de devant sup\u00e9rieures pro\u00e9minentes (surplomb).<\/p>\n<h3><span class=\"ez-toc-section\" id=\"Comment_la_taille_de_la_machoire_affecte-t-elle_la_malocclusion\"><\/span>Comment la taille de la m\u00e2choire affecte-t-elle la malocclusion ?<span class=\"ez-toc-section-end\"><\/span><\/h3>\n<p>La taille de la m\u00e2choire influence la fa\u00e7on dont les dents s&#8217;adaptent dans la bouche. Une inad\u00e9quation entre la taille de la m\u00e2choire sup\u00e9rieure et inf\u00e9rieure peut causer une malocclusion.<\/p>\n<h4><span class=\"ez-toc-section\" id=\"Une_petite_machoire_peut-elle_causer_un_encombrement\"><\/span>Une petite m\u00e2choire peut-elle causer un encombrement ?<span class=\"ez-toc-section-end\"><\/span><\/h4>\n<p>Oui, une petite m\u00e2choire peut ne pas avoir assez d&#8217;espace, entra\u00eenant un encombrement des dents.<\/p>\n<h4><span class=\"ez-toc-section\" id=\"Pourquoi_une_grande_machoire_entraine-t-elle_des_problemes_despacement\"><\/span>Pourquoi une grande m\u00e2choire entra\u00eene-t-elle des probl\u00e8mes d&#8217;espacement ?<span class=\"ez-toc-section-end\"><\/span><\/h4>\n<p>Une grande m\u00e2choire peut cr\u00e9er un espace suppl\u00e9mentaire, causant des \u00e9carts entre les dents.<\/p>\n<h3><span class=\"ez-toc-section\" id=\"Les_dents_manquantes_ou_supplementaires_conduisent-elles_a_la_malocclusion\"><\/span>Les dents manquantes ou suppl\u00e9mentaires conduisent-elles \u00e0 la malocclusion ?<span class=\"ez-toc-section-end\"><\/span><\/h3>\n<p>Oui, les dents manquantes font d\u00e9placer les dents voisines ; les dents suppl\u00e9mentaires peuvent encombrer ou pousser les dents hors de l&#8217;alignement.<\/p>\n<h4><span class=\"ez-toc-section\" id=\"Comment_les_dents_de_sagesse_contribuent-elles_a_la_malocclusion\"><\/span>Comment les dents de sagesse contribuent-elles \u00e0 la malocclusion ?<span class=\"ez-toc-section-end\"><\/span><\/h4>\n<p>Les dents de sagesse incluses peuvent pousser les molaires adjacentes vers l&#8217;avant, causant un encombrement.<\/p>\n<h4><span class=\"ez-toc-section\" id=\"Les_dents_surnumeraires_peuvent-elles_pousser_dautres_dents_hors_de_lalignement\"><\/span>Les dents surnum\u00e9raires peuvent-elles pousser d&#8217;autres dents hors de l&#8217;alignement ?<span class=\"ez-toc-section-end\"><\/span><\/h4>\n<p>Oui, les dents suppl\u00e9mentaires occupent l&#8217;espace n\u00e9cessaire aux dents normales, causant un mauvais alignement.<\/p>\n<h3><span class=\"ez-toc-section\" id=\"Comment_des_habitudes_comme_la_poussee_linguale_contribuent-elles_a_la_malocclusion\"><\/span>Comment des habitudes comme la pouss\u00e9e linguale contribuent-elles \u00e0 la malocclusion ?<span class=\"ez-toc-section-end\"><\/span><\/h3>\n<p>La pouss\u00e9e linguale exerce une pression sur les dents, les poussant vers l&#8217;avant et affectant le d\u00e9veloppement de l&#8217;occlusion.<\/p>\n<h4><span class=\"ez-toc-section\" id=\"Comment_la_position_de_la_langue_affecte-t-elle_le_developpement_de_locclusion\"><\/span>Comment la position de la langue affecte-t-elle le d\u00e9veloppement de l&#8217;occlusion ?<span class=\"ez-toc-section-end\"><\/span><\/h4>\n<p>Une position inappropri\u00e9e de la langue peut emp\u00eacher la fermeture correcte des dents, causant une b\u00e9ance ou d&#8217;autres mauvais alignements.<\/p>\n<h2><span class=\"ez-toc-section\" id=\"Quels_Sont_les_Differents_Types_de_Malocclusion\"><\/span>Quels Sont les Diff\u00e9rents Types de Malocclusion ?<span class=\"ez-toc-section-end\"><\/span><\/h2>\n<p style=\"text-align: center;\">\n<table id=\"tablepress-11\" class=\"tablepress tablepress-id-11\">\n<thead>\n<tr class=\"row-1\">\n\t<th class=\"column-1\">Type<\/th><th class=\"column-2\">Description<\/th>\n<\/tr>\n<\/thead>\n<tbody class=\"row-striping row-hover\">\n<tr class=\"row-2\">\n\t<td class=\"column-1\">Class I<\/td><td class=\"column-2\">Normal bite, but teeth are misaligned or crowded<\/td>\n<\/tr>\n<tr class=\"row-3\">\n\t<td class=\"column-1\">Class II<\/td><td class=\"column-2\">Overbite \u2013 upper jaw\/teeth protrude<\/td>\n<\/tr>\n<tr class=\"row-4\">\n\t<td class=\"column-1\">Class III<\/td><td class=\"column-2\">Underbite \u2013 lower jaw\/teeth protrude<\/td>\n<\/tr>\n<tr class=\"row-5\">\n\t<td class=\"column-1\">Crossbite<\/td><td class=\"column-2\">Upper teeth sit inside lower teeth<\/td>\n<\/tr>\n<tr class=\"row-6\">\n\t<td class=\"column-1\">Open Bite<\/td><td class=\"column-2\">Front teeth don\u2019t touch when biting<\/td>\n<\/tr>\n<tr class=\"row-7\">\n\t<td class=\"column-1\">Deep Bite<\/td><td class=\"column-2\">Upper front teeth cover lower teeth too much<\/td>\n<\/tr>\n<tr class=\"row-8\">\n\t<td class=\"column-1\">Crowding<\/td><td class=\"column-2\">Not enough space for proper alignment<\/td>\n<\/tr>\n<tr class=\"row-9\">\n\t<td class=\"column-1\">Spacing<\/td><td class=\"column-2\">Gaps between teeth<\/td>\n<\/tr>\n<tr class=\"row-10\">\n\t<td class=\"column-1\">Impacted Teeth<\/td><td class=\"column-2\">Teeth stuck in bone or gum<\/td>\n<\/tr>\n<\/tbody>\n<\/table>\n<\/p>\n<h3><span class=\"ez-toc-section\" id=\"Quest-ce_que_la_malocclusion_de_Classe_I\"><\/span>Qu&#8217;est-ce que la malocclusion de Classe I ?<span class=\"ez-toc-section-end\"><\/span><\/h3>\n<p>La malocclusion de Classe I est lorsque l&#8217;occlusion est normale mais qu&#8217;il y a encombrement, espacement ou dents mal align\u00e9es.<\/p>\n<h3><span class=\"ez-toc-section\" id=\"Quest-ce_que_la_malocclusion_de_Classe_II_surplomb\"><\/span>Qu&#8217;est-ce que la malocclusion de Classe II (surplomb) ?<span class=\"ez-toc-section-end\"><\/span><\/h3>\n<p>La malocclusion de Classe II se produit lorsque les dents sup\u00e9rieures chevauchent consid\u00e9rablement les dents inf\u00e9rieures.<\/p>\n<h4><span class=\"ez-toc-section\" id=\"Quels_sont_les_sous-types_de_malocclusion_de_Classe_II\"><\/span>Quels sont les sous-types de malocclusion de Classe II ?<span class=\"ez-toc-section-end\"><\/span><\/h4>\n<ul>\n<li style=\"font-weight: 400;\" aria-level=\"1\">Division 1 : Les dents de devant sup\u00e9rieures sont pro\u00e9minentes vers l&#8217;ext\u00e9rieur.<\/li>\n<li style=\"font-weight: 400;\" aria-level=\"1\">Division 2 : Les dents de devant sup\u00e9rieures s&#8217;inclinent vers l&#8217;arri\u00e8re.<\/li>\n<\/ul>\n<h3><span class=\"ez-toc-section\" id=\"Quest-ce_que_la_malocclusion_de_Classe_III_prognathisme\"><\/span>Qu&#8217;est-ce que la malocclusion de Classe III (prognathisme) ?<span class=\"ez-toc-section-end\"><\/span><\/h3>\n<p>La Classe III est lorsque les dents inf\u00e9rieures d\u00e9passent au-del\u00e0 des dents sup\u00e9rieures, causant un prognathisme.<\/p>\n<h4><span class=\"ez-toc-section\" id=\"Pourquoi_la_malocclusion_de_Classe_III_est-elle_plus_complexe_a_traiter\"><\/span>Pourquoi la malocclusion de Classe III est-elle plus complexe \u00e0 traiter ?<span class=\"ez-toc-section-end\"><\/span><\/h4>\n<p>Parce qu&#8217;elle implique souvent des discordances osseuses de la m\u00e2choire n\u00e9cessitant une chirurgie en plus de l&#8217;orthodontie.<\/p>\n<h3><span class=\"ez-toc-section\" id=\"Quest-ce_quune_beance_et_pourquoi_se_produit-elle\"><\/span>Qu&#8217;est-ce qu&#8217;une b\u00e9ance et pourquoi se produit-elle ?<span class=\"ez-toc-section-end\"><\/span><\/h3>\n<p>Une b\u00e9ance est lorsque les dents de devant ou de derri\u00e8re ne se touchent pas lors de la morsure. Elle se produit en raison d&#8217;habitudes ou de probl\u00e8mes de croissance de la m\u00e2choire.<\/p>\n<h4><span class=\"ez-toc-section\" id=\"Quelles_sont_les_differences_entre_la_beance_anterieure_et_posterieure\"><\/span>Quelles sont les diff\u00e9rences entre la b\u00e9ance ant\u00e9rieure et post\u00e9rieure ?<span class=\"ez-toc-section-end\"><\/span><\/h4>\n<p>La b\u00e9ance ant\u00e9rieure implique que les dents de devant ne se touchent pas ; la b\u00e9ance post\u00e9rieure implique que les dents de derri\u00e8re ne se touchent pas.<\/p>\n<h3><span class=\"ez-toc-section\" id=\"Quest-ce_quune_occlusion_croisee\"><\/span>Qu&#8217;est-ce qu&#8217;une occlusion crois\u00e9e ?<span class=\"ez-toc-section-end\"><\/span><\/h3>\n<p>Une occlusion crois\u00e9e se produit lorsque les dents sup\u00e9rieures se positionnent \u00e0 l&#8217;int\u00e9rieur des dents inf\u00e9rieures au lieu de l&#8217;ext\u00e9rieur. Elle peut affecter une dent, plusieurs dents ou un c\u00f4t\u00e9 entier de la bouche. Les occlusions crois\u00e9es peuvent entra\u00eener une usure in\u00e9gale, des probl\u00e8mes de gencives et un inconfort de la m\u00e2choire si elles ne sont pas trait\u00e9es.<\/p>\n<h4><span class=\"ez-toc-section\" id=\"Quelle_est_la_difference_entre_locclusion_croisee_unilaterale_et_bilaterale\"><\/span>Quelle est la diff\u00e9rence entre l&#8217;occlusion crois\u00e9e unilat\u00e9rale et bilat\u00e9rale ?<span class=\"ez-toc-section-end\"><\/span><\/h4>\n<p>Une occlusion crois\u00e9e unilat\u00e9rale affecte les dents d&#8217;un seul c\u00f4t\u00e9 de la bouche, tandis qu&#8217;une occlusion crois\u00e9e bilat\u00e9rale impacte les deux c\u00f4t\u00e9s. Les cas unilat\u00e9raux causent souvent une croissance asym\u00e9trique de la m\u00e2choire, tandis que les occlusions crois\u00e9es bilat\u00e9rales peuvent affecter plus largement la fonction d&#8217;occlusion globale et l&#8217;alignement.<\/p>\n<h3><span class=\"ez-toc-section\" id=\"Quest-ce_quune_supraclusion\"><\/span>Qu&#8217;est-ce qu&#8217;une supraclusion ?<span class=\"ez-toc-section-end\"><\/span><\/h3>\n<p>Une supraclusion se produit lorsque les dents de devant sup\u00e9rieures chevauchent excessivement les dents de devant inf\u00e9rieures verticalement. Cette condition peut causer une irritation des gencives, une usure dentaire et m\u00eame une tension de la m\u00e2choire. Les supraclusions s\u00e9v\u00e8res peuvent \u00e9galement affecter l&#8217;apparence et conduire \u00e0 des probl\u00e8mes fonctionnels lors de la mastication.<\/p>\n<h3><span class=\"ez-toc-section\" id=\"Quest-ce_que_lencombrement_et_lespacement_dans_la_malocclusion\"><\/span>Qu&#8217;est-ce que l&#8217;encombrement et l&#8217;espacement dans la malocclusion ?<span class=\"ez-toc-section-end\"><\/span><\/h3>\n<p>L&#8217;encombrement se produit lorsqu&#8217;il n&#8217;y a pas assez d&#8217;espace dans la m\u00e2choire, causant le chevauchement ou la torsion des dents. L&#8217;espacement est le contraire, o\u00f9 des \u00e9carts excessifs existent entre les dents. Les deux probl\u00e8mes sont des types de malocclusion qui peuvent affecter la mastication, l&#8217;esth\u00e9tique et la sant\u00e9 dentaire globale.<\/p>\n<h2><span class=\"ez-toc-section\" id=\"Quels_Sont_les_Symptomes_Courants_de_la_Malocclusion\"><\/span>Quels Sont les Sympt\u00f4mes Courants de la Malocclusion ?<span class=\"ez-toc-section-end\"><\/span><\/h2>\n<p>Les sympt\u00f4mes courants incluent des dents tordues ou encombr\u00e9es, des difficult\u00e9s de mastication, des probl\u00e8mes d&#8217;\u00e9locution, des morsures fr\u00e9quentes des joues, des douleurs \u00e0 la m\u00e2choire et des maux de t\u00eate. Certains patients remarquent \u00e9galement une usure dentaire in\u00e9gale et une insatisfaction avec leur sourire. Les sympt\u00f4mes varient selon la gravit\u00e9 et le type de malocclusion.<\/p>\n<h3><span class=\"ez-toc-section\" id=\"Comment_la_malocclusion_affecte-t-elle_la_mastication\"><\/span>Comment la malocclusion affecte-t-elle la mastication ?<span class=\"ez-toc-section-end\"><\/span><\/h3>\n<p>La malocclusion peut rendre la mastication inefficace en d\u00e9salignant les dents, les emp\u00eachant de se rencontrer correctement. Cela conduit \u00e0 une pression in\u00e9gale, une d\u00e9composition incompl\u00e8te des aliments et une tension digestive. Les cas graves peuvent \u00e9galement causer un inconfort ou une fatigue de la m\u00e2choire lors de la consommation d&#8217;aliments plus durs.<\/p>\n<h4><span class=\"ez-toc-section\" id=\"La_malocclusion_peut-elle_causer_des_difficultes_a_mordre_dans_les_aliments\"><\/span>La malocclusion peut-elle causer des difficult\u00e9s \u00e0 mordre dans les aliments ?<span class=\"ez-toc-section-end\"><\/span><\/h4>\n<p>Oui. Lorsque les dents sont mal align\u00e9es, les dents de devant peuvent ne pas se rencontrer correctement, rendant difficile la morsure dans des aliments comme des pommes ou des sandwichs. Les surplombs, prognathismes ou b\u00e9ances causent souvent ce probl\u00e8me, affectant \u00e0 la fois la fonction et le confort lors de la consommation.<\/p>\n<h3><span class=\"ez-toc-section\" id=\"La_malocclusion_peut-elle_causer_des_problemes_delocution\"><\/span>La malocclusion peut-elle causer des probl\u00e8mes d&#8217;\u00e9locution ?<span class=\"ez-toc-section-end\"><\/span><\/h3>\n<p>Oui. Les dents mal align\u00e9es peuvent interf\u00e9rer avec le placement de la langue et le flux d&#8217;air pendant l&#8217;\u00e9locution. Cela peut causer un z\u00e9zaiement, une prononciation peu claire ou des difficult\u00e9s avec certains sons. La malocclusion s\u00e9v\u00e8re peut rendre la communication difficile et peut impacter la confiance dans les situations d&#8217;\u00e9locution.<\/p>\n<h4><span class=\"ez-toc-section\" id=\"Quels_sons_de_parole_sont_affectes_par_la_malocclusion\"><\/span>Quels sons de parole sont affect\u00e9s par la malocclusion ?<span class=\"ez-toc-section-end\"><\/span><\/h4>\n<p>Les sons n\u00e9cessitant une coordination pr\u00e9cise de la langue et des dents sont les plus affect\u00e9s, en particulier \u00ab s \u00bb, \u00ab z \u00bb, \u00ab t \u00bb, \u00ab d \u00bb et \u00ab th \u00bb. La malocclusion peut causer un z\u00e9zaiement ou une distorsion, car la langue ne peut pas correctement entrer en contact avec les dents ou le palais, conduisant \u00e0 une production de parole peu claire ou alt\u00e9r\u00e9e.<\/p>\n<h3><span class=\"ez-toc-section\" id=\"Pourquoi_la_malocclusion_entraine-t-elle_des_douleurs_a_la_machoire_ou_des_maux_de_tete\"><\/span>Pourquoi la malocclusion entra\u00eene-t-elle des douleurs \u00e0 la m\u00e2choire ou des maux de t\u00eate ?<span class=\"ez-toc-section-end\"><\/span><\/h3>\n<p>Les dents mal align\u00e9es sollicitent les muscles de la m\u00e2choire et l&#8217;articulation temporo-mandibulaire (ATM). Au fil du temps, ce d\u00e9s\u00e9quilibre cause une tension, conduisant \u00e0 des douleurs \u00e0 la m\u00e2choire, des cliquetis et des maux de t\u00eate. Le serrement chronique ou la pression de mastication in\u00e9gale aggrave davantage l&#8217;inconfort chez les patients atteints de malocclusion.<\/p>\n<h3><span class=\"ez-toc-section\" id=\"La_malocclusion_peut-elle_causer_des_preoccupations_esthetiques\"><\/span>La malocclusion peut-elle causer des pr\u00e9occupations esth\u00e9tiques ?<span class=\"ez-toc-section-end\"><\/span><\/h3>\n<p>Oui. La malocclusion se traduit souvent par des dents tordues, pro\u00e9minentes ou in\u00e9gales, affectant l&#8217;apparence du sourire. Elle peut \u00e9galement modifier l&#8217;\u00e9quilibre facial, rendant la ligne de la m\u00e2choire asym\u00e9trique. De nombreux patients recherchent un traitement non seulement pour la fonction mais aussi pour une am\u00e9lioration de l&#8217;esth\u00e9tique et de la confiance.<\/p>\n<h4><span class=\"ez-toc-section\" id=\"Comment_la_malocclusion_affecte-t-elle_la_symetrie_du_sourire\"><\/span>Comment la malocclusion affecte-t-elle la sym\u00e9trie du sourire ?<span class=\"ez-toc-section-end\"><\/span><\/h4>\n<p>Les dents in\u00e9gales ou tordues cr\u00e9ent un sourire d\u00e9s\u00e9quilibr\u00e9.<\/p>\n<h3><span class=\"ez-toc-section\" id=\"Comment_la_malocclusion_affecte-t-elle_lhygiene_buccale\"><\/span>Comment la malocclusion affecte-t-elle l&#8217;hygi\u00e8ne buccale ?<span class=\"ez-toc-section-end\"><\/span><\/h3>\n<p>Les dents encombr\u00e9es ou tordues pi\u00e8gent la nourriture et la plaque, rendant le nettoyage difficile.<\/p>\n<h4><span class=\"ez-toc-section\" id=\"Pourquoi_lencombrement_dentaire_est-il_plus_difficile_a_nettoyer\"><\/span>Pourquoi l&#8217;encombrement dentaire est-il plus difficile \u00e0 nettoyer ?<span class=\"ez-toc-section-end\"><\/span><\/h4>\n<p>Les dents qui se chevauchent cr\u00e9ent des zones difficiles d&#8217;acc\u00e8s o\u00f9 la plaque s&#8217;accumule.<\/p>\n<h2><span class=\"ez-toc-section\" id=\"Comment_la_Malocclusion_Est-elle_Diagnostiquee\"><\/span>Comment la Malocclusion Est-elle Diagnostiqu\u00e9e ?<span class=\"ez-toc-section-end\"><\/span><\/h2>\n<p>Le diagnostic implique des examens cliniques, l&#8217;imagerie et parfois une analyse sp\u00e9cialis\u00e9e.<\/p>\n<h3><span class=\"ez-toc-section\" id=\"Quel_role_jouent_les_examens_dentaires_dans_le_diagnostic\"><\/span>Quel r\u00f4le jouent les examens dentaires dans le diagnostic ?<span class=\"ez-toc-section-end\"><\/span><\/h3>\n<p>Les dentistes \u00e9valuent l&#8217;occlusion, l&#8217;alignement et le mouvement de la m\u00e2choire lors des examens.<\/p>\n<h3><span class=\"ez-toc-section\" id=\"Comment_les_radiographies_sont-elles_utilisees_dans_levaluation_de_la_malocclusion\"><\/span>Comment les radiographies sont-elles utilis\u00e9es dans l&#8217;\u00e9valuation de la malocclusion ?<span class=\"ez-toc-section-end\"><\/span><\/h3>\n<p>Les radiographies r\u00e9v\u00e8lent la structure osseuse, la position des dents et les dents incluses.<\/p>\n<h3><span class=\"ez-toc-section\" id=\"Quest-ce_que_lanalyse_cephalometrique\"><\/span>Qu&#8217;est-ce que l&#8217;analyse c\u00e9phalom\u00e9trique ?<span class=\"ez-toc-section-end\"><\/span><\/h3>\n<p>Une radiographie sp\u00e9cialis\u00e9e mesurant les relations de la m\u00e2choire et les mod\u00e8les de croissance.<\/p>\n<h4><span class=\"ez-toc-section\" id=\"Que_revele_lanalyse_cephalometrique_sur_la_croissance_de_la_machoire\"><\/span>Que r\u00e9v\u00e8le l&#8217;analyse c\u00e9phalom\u00e9trique sur la croissance de la m\u00e2choire ?<span class=\"ez-toc-section-end\"><\/span><\/h4>\n<p>Elle montre la taille, l&#8217;angle et les tendances de croissance de la m\u00e2choire, critiques pour la planification du traitement.<\/p>\n<h3><span class=\"ez-toc-section\" id=\"Les_scanners_numeriques_peuvent-ils_aider_a_identifier_la_malocclusion\"><\/span>Les scanners num\u00e9riques peuvent-ils aider \u00e0 identifier la malocclusion ?<span class=\"ez-toc-section-end\"><\/span><\/h3>\n<p>Oui, les scanners 3D num\u00e9riques fournissent des images pr\u00e9cises des dents et des m\u00e2choires.<\/p>\n<h4><span class=\"ez-toc-section\" id=\"Quelle_est_la_precision_des_scanners_3D_numeriques_par_rapport_aux_empreintes_traditionnelles\"><\/span>Quelle est la pr\u00e9cision des scanners 3D num\u00e9riques par rapport aux empreintes traditionnelles ?<span class=\"ez-toc-section-end\"><\/span><\/h4>\n<p>Les scanners 3D sont plus pr\u00e9cis, plus rapides et moins inconfortables que les moulages traditionnels.<\/p>\n<h2><span class=\"ez-toc-section\" id=\"Quels_Sont_les_Meilleurs_Traitements_pour_la_Malocclusion\"><\/span>Quels Sont les Meilleurs Traitements pour la Malocclusion ?<span class=\"ez-toc-section-end\"><\/span><\/h2>\n<p>Le traitement d\u00e9pend de la gravit\u00e9 et du type mais implique principalement l&#8217;orthodontie et parfois la chirurgie.<\/p>\n<h3><span class=\"ez-toc-section\" id=\"Comment_les_appareils_orthodontiques_corrigent-ils_la_malocclusion\"><\/span>Comment les appareils orthodontiques corrigent-ils la malocclusion ?<span class=\"ez-toc-section-end\"><\/span><\/h3>\n<p>Les appareils orthodontiques appliquent une pression continue pour d\u00e9placer progressivement les dents dans la position correcte.<\/p>\n<h4><span class=\"ez-toc-section\" id=\"Quels_types_dappareils_orthodontiques_sont_disponibles_aujourdhui\"><\/span>Quels types d&#8217;appareils orthodontiques sont disponibles aujourd&#8217;hui ?<span class=\"ez-toc-section-end\"><\/span><\/h4>\n<p>M\u00e9talliques, c\u00e9ramiques, linguaux et goutti\u00e8res transparentes.<\/p>\n<h4><span class=\"ez-toc-section\" id=\"Comment_les_appareils_orthodontiques_metalliques_se_comparent-ils_aux_appareils_ceramiques\"><\/span>Comment les appareils orthodontiques m\u00e9talliques se comparent-ils aux appareils c\u00e9ramiques ?<span class=\"ez-toc-section-end\"><\/span><\/h4>\n<p>Les appareils m\u00e9talliques sont plus durables ; les appareils c\u00e9ramiques sont moins visibles mais plus fragiles.<\/p>\n<h3><span class=\"ez-toc-section\" id=\"Quel_role_jouent_les_gouttieres_transparentes_Invisalign\"><\/span>Quel r\u00f4le jouent les goutti\u00e8res transparentes (Invisalign) ?<span class=\"ez-toc-section-end\"><\/span><\/h3>\n<p>Les goutti\u00e8res redressent les dents discr\u00e8tement et sont amovibles.<\/p>\n<h4><span class=\"ez-toc-section\" id=\"Les_gouttieres_sont-elles_efficaces_pour_les_cas_de_malocclusion_severe\"><\/span>Les goutti\u00e8res sont-elles efficaces pour les cas de malocclusion s\u00e9v\u00e8re ?<span class=\"ez-toc-section-end\"><\/span><\/h4>\n<p>Elles fonctionnent mieux pour les cas l\u00e9gers \u00e0 mod\u00e9r\u00e9s ; les cas graves peuvent n\u00e9cessiter des appareils orthodontiques ou une chirurgie.<\/p>\n<h3><span class=\"ez-toc-section\" id=\"Les_appareils_de_contention_peuvent-ils_aider_a_corriger_la_malocclusion\"><\/span>Les appareils de contention peuvent-ils aider \u00e0 corriger la malocclusion ?<span class=\"ez-toc-section-end\"><\/span><\/h3>\n<p>Les appareils de contention maintiennent principalement les dents en place apr\u00e8s le traitement ; certaines corrections l\u00e9g\u00e8res sont possibles.<\/p>\n<h3><span class=\"ez-toc-section\" id=\"Quand_la_chirurgie_orthodontique_est-elle_necessaire_pour_la_malocclusion\"><\/span>Quand la chirurgie orthodontique est-elle n\u00e9cessaire pour la malocclusion ?<span class=\"ez-toc-section-end\"><\/span><\/h3>\n<p>La chirurgie est n\u00e9cessaire lorsque les discordances osseuses de la m\u00e2choire causent de graves probl\u00e8mes d&#8217;occlusion.<\/p>\n<h3><span class=\"ez-toc-section\" id=\"Combien_de_temps_le_traitement_de_la_malocclusion_prend-il_habituellement\"><\/span>Combien de temps le traitement de la malocclusion prend-il habituellement ?<span class=\"ez-toc-section-end\"><\/span><\/h3>\n<p>Le traitement varie de 6 mois \u00e0 3 ans selon la complexit\u00e9.<\/p>\n<h2><span class=\"ez-toc-section\" id=\"Quelles_Sont_les_Options_Chirurgicales_pour_la_Malocclusion_Severe\"><\/span>Quelles Sont les Options Chirurgicales pour la Malocclusion S\u00e9v\u00e8re ?<span class=\"ez-toc-section-end\"><\/span><\/h2>\n<p style=\"text-align: center;\">\n<table id=\"tablepress-12\" class=\"tablepress tablepress-id-12\">\n<thead>\n<tr class=\"row-1\">\n\t<th class=\"column-1\">Surgical Procedure<\/th><th class=\"column-2\">Purpose<\/th><th class=\"column-3\">Used For<\/th><th class=\"column-4\">Notes<\/th>\n<\/tr>\n<\/thead>\n<tbody class=\"row-striping row-hover\">\n<tr class=\"row-2\">\n\t<td class=\"column-1\">Maxillary Osteotomy<\/td><td class=\"column-2\">Repositions the upper jaw (maxilla)<\/td><td class=\"column-3\">Overbite, open bite, crossbite, midface deficiency<\/td><td class=\"column-4\">Often improves facial symmetry and nasal airflow<\/td>\n<\/tr>\n<tr class=\"row-3\">\n\t<td class=\"column-1\">Mandibular Osteotomy<\/td><td class=\"column-2\">Repositions the lower jaw (mandible)<\/td><td class=\"column-3\">Underbite, receding chin\/lower jaw<\/td><td class=\"column-4\">Can cause temporary numbness in the lower lip and chin<\/td>\n<\/tr>\n<tr class=\"row-4\">\n\t<td class=\"column-1\">Bimaxillary Osteotomy<\/td><td class=\"column-2\">Adjusts both upper and lower jaws simultaneously<\/td><td class=\"column-3\">Complex Class III malocclusion, severe asymmetry<\/td><td class=\"column-4\">Most comprehensive; longer recovery time<\/td>\n<\/tr>\n<tr class=\"row-5\">\n\t<td class=\"column-1\">Genioplasty<\/td><td class=\"column-2\">Reshapes or repositions the chin<\/td><td class=\"column-3\">Chin deficiency or excess; facial balance<\/td><td class=\"column-4\">Often combined with other jaw surgeries<\/td>\n<\/tr>\n<tr class=\"row-6\">\n\t<td class=\"column-1\">SARPE (Surgically Assisted Rapid Palatal Expansion)<\/td><td class=\"column-2\">Widens the upper jaw<\/td><td class=\"column-3\">Crossbite, severe crowding, narrow upper arch<\/td><td class=\"column-4\">Used when the growth plates have fused (mainly in adults)<\/td>\n<\/tr>\n<tr class=\"row-7\">\n\t<td class=\"column-1\">Distraction Osteogenesis<\/td><td class=\"column-2\">Gradually lengthens jawbone using a mechanical device<\/td><td class=\"column-3\">Severe jaw underdevelopment, congenital defects<\/td><td class=\"column-4\">Slower process but avoids bone grafts<\/td>\n<\/tr>\n<tr class=\"row-8\">\n\t<td class=\"column-1\">Surgical Tooth Extraction<\/td><td class=\"column-2\">Removes impacted or overcrowded teeth<\/td><td class=\"column-3\">Preparation for orthodontic treatment or to relieve crowding<\/td><td class=\"column-4\">Often done before braces or jaw surgery<\/td>\n<\/tr>\n<\/tbody>\n<\/table>\n<\/p>\n<h3><span class=\"ez-toc-section\" id=\"Quest-ce_que_la_chirurgie_orthognathique\"><\/span>Qu&#8217;est-ce que la chirurgie orthognathique ?<span class=\"ez-toc-section-end\"><\/span><\/h3>\n<p>La chirurgie orthognathique corrige les irr\u00e9gularit\u00e9s de la m\u00e2choire pour am\u00e9liorer l&#8217;occlusion et l&#8217;apparence faciale.<\/p>\n<h4><span class=\"ez-toc-section\" id=\"Comment_la_chirurgie_orthognathique_est-elle_realisee_etape_par_etape\"><\/span>Comment la chirurgie orthognathique est-elle r\u00e9alis\u00e9e \u00e9tape par \u00e9tape ?<span class=\"ez-toc-section-end\"><\/span><\/h4>\n<ol>\n<li style=\"font-weight: 400;\" aria-level=\"1\">Orthodontie et planification pr\u00e9chirurgicales<\/li>\n<li style=\"font-weight: 400;\" aria-level=\"1\">Repositionnement chirurgical des os de la m\u00e2choire<\/li>\n<li style=\"font-weight: 400;\" aria-level=\"1\">Fixation avec plaques\/vis<\/li>\n<li style=\"font-weight: 400;\" aria-level=\"1\">Orthodontie postchirurgicale et gu\u00e9rison<\/li>\n<\/ol>\n<h3><span class=\"ez-toc-section\" id=\"Comment_la_chirurgie_de_la_machoire_corrige-t-elle_la_malocclusion\"><\/span>Comment la chirurgie de la m\u00e2choire corrige-t-elle la malocclusion ?<span class=\"ez-toc-section-end\"><\/span><\/h3>\n<p>En repositionnant les m\u00e2choires pour un alignement et une occlusion appropri\u00e9s.<\/p>\n<h3><span class=\"ez-toc-section\" id=\"Quand_lextraction_dentaire_est-elle_necessaire_dans_le_traitement_de_la_malocclusion\"><\/span>Quand l&#8217;extraction dentaire est-elle n\u00e9cessaire dans le traitement de la malocclusion ?<span class=\"ez-toc-section-end\"><\/span><\/h3>\n<p>L&#8217;extraction cr\u00e9e de l&#8217;espace pour que les dents encombr\u00e9es s&#8217;alignent correctement.<\/p>\n<h2><span class=\"ez-toc-section\" id=\"Comment_la_Malocclusion_Affecte-t-elle_Differemment_les_Enfants_et_les_Adultes\"><\/span>Comment la Malocclusion Affecte-t-elle Diff\u00e9remment les Enfants et les Adultes ?<span class=\"ez-toc-section-end\"><\/span><\/h2>\n<p style=\"text-align: center;\">\n<table id=\"tablepress-13\" class=\"tablepress tablepress-id-13\">\n<thead>\n<tr class=\"row-1\">\n\t<th class=\"column-1\">Aspect<\/th><th class=\"column-2\">Children<\/th><th class=\"column-3\">Adults<\/th>\n<\/tr>\n<\/thead>\n<tbody class=\"row-striping row-hover\">\n<tr class=\"row-2\">\n\t<td class=\"column-1\">Jaw Growth Potential<\/td><td class=\"column-2\">Jawbones are still growing, allowing easier correction with orthodontics<\/td><td class=\"column-3\">Growth is complete, limiting non-surgical options<\/td>\n<\/tr>\n<tr class=\"row-3\">\n\t<td class=\"column-1\">Early Intervention Benefits<\/td><td class=\"column-2\">Orthodontic appliances can guide jaw development<\/td><td class=\"column-3\">Missed early treatment may require surgery in severe cases<\/td>\n<\/tr>\n<tr class=\"row-4\">\n\t<td class=\"column-1\">Tooth Eruption Issues<\/td><td class=\"column-2\">Malocclusion may cause or result from delayed\/misaligned tooth eruption<\/td><td class=\"column-3\">May have impacted, worn, or missing teeth from long-term issues<\/td>\n<\/tr>\n<tr class=\"row-5\">\n\t<td class=\"column-1\">Treatment Options<\/td><td class=\"column-2\">Often involves interceptive orthodontics (e.g., expanders, headgear)<\/td><td class=\"column-3\">Requires full braces, aligners, or surgical correction<\/td>\n<\/tr>\n<tr class=\"row-6\">\n\t<td class=\"column-1\">Compliance with Treatment<\/td><td class=\"column-2\">May need more parental involvement and motivation<\/td><td class=\"column-3\">Adults are typically more consistent, but may have time\/work constraints<\/td>\n<\/tr>\n<tr class=\"row-7\">\n\t<td class=\"column-1\">Psychosocial Impact<\/td><td class=\"column-2\">Can lead to bullying, speech issues, or self-esteem problems<\/td><td class=\"column-3\">Affects confidence, professional interactions, or social anxiety<\/td>\n<\/tr>\n<tr class=\"row-8\">\n\t<td class=\"column-1\">Functional Problems<\/td><td class=\"column-2\">May cause issues with chewing, speech, or facial development<\/td><td class=\"column-3\">Can cause jaw pain (TMJ), headaches, tooth wear, or gum disease<\/td>\n<\/tr>\n<tr class=\"row-9\">\n\t<td class=\"column-1\">Habits That Influence It<\/td><td class=\"column-2\">Thumb sucking, pacifier use, tongue thrusting<\/td><td class=\"column-3\">Bruxism (teeth grinding), tooth loss, or poorly fitting dental work<\/td>\n<\/tr>\n<tr class=\"row-10\">\n\t<td class=\"column-1\">Treatment Time &amp; Cost<\/td><td class=\"column-2\">Often shorter and less costly if treated early<\/td><td class=\"column-3\">Longer and more expensive; insurance may not always cover adult care<\/td>\n<\/tr>\n<\/tbody>\n<\/table>\n<\/p>\n<h3><span class=\"ez-toc-section\" id=\"Quelle_est_la_frequence_de_la_malocclusion_chez_les_enfants\"><\/span>Quelle est la fr\u00e9quence de la malocclusion chez les enfants ?<span class=\"ez-toc-section-end\"><\/span><\/h3>\n<p>Tr\u00e8s courante ; la d\u00e9tection pr\u00e9coce est importante pour de meilleurs r\u00e9sultats.<\/p>\n<h3><span class=\"ez-toc-section\" id=\"Quel_est_le_meilleur_age_pour_traiter_la_malocclusion\"><\/span>Quel est le meilleur \u00e2ge pour traiter la malocclusion ?<span class=\"ez-toc-section-end\"><\/span><\/h3>\n<p>Le traitement commence souvent vers l&#8217;\u00e2ge de 7 ans lorsque les dents permanentes commencent \u00e0 faire \u00e9ruption.<\/p>\n<h4><span class=\"ez-toc-section\" id=\"Quels_sont_les_avantages_dune_intervention_orthodontique_precoce\"><\/span>Quels sont les avantages d&#8217;une intervention orthodontique pr\u00e9coce ?<span class=\"ez-toc-section-end\"><\/span><\/h4>\n<p>Elle guide la croissance de la m\u00e2choire, pr\u00e9vient l&#8217;aggravation et raccourcit le traitement ult\u00e9rieur.<\/p>\n<h3><span class=\"ez-toc-section\" id=\"La_malocclusion_peut-elle_se_developper_chez_les_adultes\"><\/span>La malocclusion peut-elle se d\u00e9velopper chez les adultes ?<span class=\"ez-toc-section-end\"><\/span><\/h3>\n<p>Oui, la malocclusion peut se d\u00e9velopper ou s&#8217;aggraver \u00e0 l&#8217;\u00e2ge adulte.<\/p>\n<h3><span class=\"ez-toc-section\" id=\"Quels_sont_les_risques_dune_malocclusion_non_traitee_chez_les_adultes\"><\/span>Quels sont les risques d&#8217;une malocclusion non trait\u00e9e chez les adultes ?<span class=\"ez-toc-section-end\"><\/span><\/h3>\n<p>Les risques incluent l&#8217;usure dentaire, les maladies des gencives, les troubles de l&#8217;ATM et les probl\u00e8mes esth\u00e9tiques.<\/p>\n<h2><span class=\"ez-toc-section\" id=\"Quels_Sont_les_Risques_pour_la_Sante_dune_Malocclusion_Non_Traitee\"><\/span>Quels Sont les Risques pour la Sant\u00e9 d&#8217;une Malocclusion Non Trait\u00e9e ?<span class=\"ez-toc-section-end\"><\/span><\/h2>\n<p>Risque accru de <strong>caries dentaires<\/strong> et de <strong>maladies des gencives<\/strong> en raison d&#8217;une mauvaise hygi\u00e8ne buccale.<\/p>\n<p><strong>Douleur \u00e0 la m\u00e2choire<\/strong> et <strong>troubles de l&#8217;ATM<\/strong> dus \u00e0 une pression d&#8217;occlusion in\u00e9gale.<\/p>\n<p><strong>Difficult\u00e9s de mastication et d&#8217;\u00e9locution affectant<\/strong> la nutrition et la communication.<\/p>\n<p><strong>Usure dentaire<\/strong> excessive, fissuration ou m\u00eame perte de dents au fil du temps.<\/p>\n<p>Impact n\u00e9gatif sur <strong>l&#8217;estime de soi<\/strong> et le <strong>bien-\u00eatre mental<\/strong>.<\/p>\n<h3><span class=\"ez-toc-section\" id=\"La_malocclusion_peut-elle_causer_des_caries_dentaires_et_des_maladies_des_gencives\"><\/span>La malocclusion peut-elle causer des caries dentaires et des maladies des gencives ?<span class=\"ez-toc-section-end\"><\/span><\/h3>\n<p>Oui, car les dents encombr\u00e9es pi\u00e8gent la plaque plus difficile \u00e0 \u00e9liminer.<\/p>\n<h3><span class=\"ez-toc-section\" id=\"Comment_la_malocclusion_affecte-t-elle_la_digestion\"><\/span>Comment la malocclusion affecte-t-elle la digestion ?<span class=\"ez-toc-section-end\"><\/span><\/h3>\n<p>Une mauvaise mastication conduit \u00e0 une d\u00e9composition inad\u00e9quate des aliments, impactant la digestion.<\/p>\n<h3><span class=\"ez-toc-section\" id=\"La_malocclusion_peut-elle_conduire_a_un_trouble_de_larticulation_temporo-mandibulaire_ATM\"><\/span>La malocclusion peut-elle conduire \u00e0 un trouble de l&#8217;articulation temporo-mandibulaire (ATM) ?<span class=\"ez-toc-section-end\"><\/span><\/h3>\n<p>Oui, la malocclusion stresse l&#8217;ATM causant douleur et dysfonctionnement.<\/p>\n<h4><span class=\"ez-toc-section\" id=\"Quels_sont_les_premiers_signes_dATM_causes_par_la_malocclusion\"><\/span>Quels sont les premiers signes d&#8217;ATM caus\u00e9s par la malocclusion ?<span class=\"ez-toc-section-end\"><\/span><\/h4>\n<p>Douleur \u00e0 la m\u00e2choire, cliquetis, maux de t\u00eate et difficult\u00e9 \u00e0 ouvrir la bouche.<\/p>\n<h3><span class=\"ez-toc-section\" id=\"Comment_la_malocclusion_impacte-t-elle_lesthetique_faciale_et_la_confiance\"><\/span>Comment la malocclusion impacte-t-elle l&#8217;esth\u00e9tique faciale et la confiance ?<span class=\"ez-toc-section-end\"><\/span><\/h3>\n<p>Elle peut causer une asym\u00e9trie faciale et une estime de soi r\u00e9duite en raison d&#8217;un sourire peu attrayant.<\/p>\n<h2><span class=\"ez-toc-section\" id=\"Comment_la_Malocclusion_Peut-elle_Etre_Prevenue_ou_Controlee\"><\/span>Comment la Malocclusion Peut-elle \u00catre Pr\u00e9venue ou Contr\u00f4l\u00e9e ?<span class=\"ez-toc-section-end\"><\/span><\/h2>\n<ul>\n<li style=\"font-weight: 400;\" aria-level=\"1\"><strong>Examens dentaires pr\u00e9coces<\/strong><br \/>\nLes visites r\u00e9guli\u00e8res aident \u00e0 d\u00e9tecter et g\u00e9rer les probl\u00e8mes d&#8217;alignement de la m\u00e2choire ou des dents pr\u00e9cocement.<\/li>\n<li style=\"font-weight: 400;\" aria-level=\"1\"><strong>Traiter les habitudes buccales t\u00f4t<\/strong><br \/>\nArr\u00eater la succion du pouce, l&#8217;utilisation de la t\u00e9tine (apr\u00e8s l&#8217;\u00e2ge de 2-3 ans), la pouss\u00e9e linguale ou le rongement des ongles.<\/li>\n<li style=\"font-weight: 400;\" aria-level=\"1\"><strong>Hygi\u00e8ne buccale appropri\u00e9e<\/strong><br \/>\nPr\u00e9vient la perte pr\u00e9matur\u00e9e des dents due aux caries, ce qui peut entra\u00eener le d\u00e9placement des dents.<\/li>\n<li style=\"font-weight: 400;\" aria-level=\"1\"><strong>\u00c9valuation orthodontique en temps opportun<\/strong><br \/>\nLes enfants doivent \u00eatre \u00e9valu\u00e9s vers l&#8217;\u00e2ge de 7 ans pour d\u00e9tecter les probl\u00e8mes pendant que la m\u00e2choire est encore en croissance.<\/li>\n<li style=\"font-weight: 400;\" aria-level=\"1\"><strong>Utilisation de mainteneurs d&#8217;espace ou d&#8217;expanseurs<\/strong><br \/>\nCes dispositifs guident la croissance appropri\u00e9e de la m\u00e2choire et l&#8217;\u00e9ruption dentaire lorsque les dents de lait sont perdues t\u00f4t.<\/li>\n<li style=\"font-weight: 400;\" aria-level=\"1\"><strong>G\u00e9rer les risques de blessures<\/strong><br \/>\nPorter des prot\u00e8ge-dents pendant les sports pour pr\u00e9venir les traumatismes qui pourraient d\u00e9saligner la m\u00e2choire.<\/li>\n<li style=\"font-weight: 400;\" aria-level=\"1\"><strong>\u00c9viter l&#8217;alimentation prolong\u00e9e au biberon<\/strong><br \/>\nL&#8217;utilisation prolong\u00e9e du biberon ou une mauvaise posture d&#8217;alimentation peut affecter le d\u00e9veloppement de l&#8217;occlusion.<\/li>\n<li style=\"font-weight: 400;\" aria-level=\"1\"><strong>Traiter rapidement les probl\u00e8mes dentaires<\/strong><br \/>\nLes caries ou infections non trait\u00e9es peuvent entra\u00eener une perte de dents et un mauvais alignement.<\/li>\n<\/ul>\n<h3><span class=\"ez-toc-section\" id=\"Une_intervention_orthodontique_precoce_peut-elle_prevenir_la_malocclusion\"><\/span>Une intervention orthodontique pr\u00e9coce peut-elle pr\u00e9venir la malocclusion ?<span class=\"ez-toc-section-end\"><\/span><\/h3>\n<p>Oui, un traitement pr\u00e9coce guide le d\u00e9veloppement de la m\u00e2choire et r\u00e9duit la gravit\u00e9.<\/p>\n<h3><span class=\"ez-toc-section\" id=\"Comment_les_parents_peuvent-ils_aider_a_prevenir_la_malocclusion_chez_les_enfants\"><\/span>Comment les parents peuvent-ils aider \u00e0 pr\u00e9venir la malocclusion chez les enfants ?<span class=\"ez-toc-section-end\"><\/span><\/h3>\n<p>En surveillant les habitudes et en assurant des examens dentaires r\u00e9guliers.<\/p>\n<h4><span class=\"ez-toc-section\" id=\"Quelles_habitudes_de_lenfance_les_parents_doivent-ils_surveiller\"><\/span>Quelles habitudes de l&#8217;enfance les parents doivent-ils surveiller ?<span class=\"ez-toc-section-end\"><\/span><\/h4>\n<p>La succion du pouce, l&#8217;utilisation prolong\u00e9e de la t\u00e9tine, la pouss\u00e9e linguale et la respiration buccale.<\/p>\n<h3><span class=\"ez-toc-section\" id=\"Labandon_des_habitudes_buccales_reduit-il_le_risque_de_malocclusion\"><\/span>L&#8217;abandon des habitudes buccales r\u00e9duit-il le risque de malocclusion ?<span class=\"ez-toc-section-end\"><\/span><\/h3>\n<p>Oui, arr\u00eater les habitudes nuisibles permet un d\u00e9veloppement normal de la m\u00e2choire et des dents.<\/p>\n<h3><span class=\"ez-toc-section\" id=\"Les_examens_dentaires_reguliers_peuvent-ils_controler_le_developpement_de_la_malocclusion\"><\/span>Les examens dentaires r\u00e9guliers peuvent-ils contr\u00f4ler le d\u00e9veloppement de la malocclusion ?<span class=\"ez-toc-section-end\"><\/span><\/h3>\n<p>La d\u00e9tection pr\u00e9coce lors des examens permet une intervention en temps opportun.<\/p>\n<h2><span class=\"ez-toc-section\" id=\"Comment_les_Cliniques_Turques_Traitent-elles_la_Malocclusion\"><\/span>Comment les Cliniques Turques Traitent-elles la Malocclusion ?<span class=\"ez-toc-section-end\"><\/span><\/h2>\n<p style=\"text-align: center;\">\n<table id=\"tablepress-14\" class=\"tablepress tablepress-id-14\">\n<thead>\n<tr class=\"row-1\">\n\t<th class=\"column-1\">Treatment Type<\/th><th class=\"column-2\">Description &amp; Use<\/th>\n<\/tr>\n<\/thead>\n<tbody class=\"row-striping row-hover\">\n<tr class=\"row-2\">\n\t<td class=\"column-1\">Traditional Metal Braces<\/td><td class=\"column-2\">Standard, effective treatment using metal brackets and wires. Powerful and cost-effective.<\/td>\n<\/tr>\n<tr class=\"row-3\">\n\t<td class=\"column-1\">Ceramic (Clear) Braces<\/td><td class=\"column-2\">Tooth-colored or translucent braces offer a more subtle appearance. Comparable efficacy to metal braces.<\/td>\n<\/tr>\n<tr class=\"row-4\">\n\t<td class=\"column-1\">Lingual Braces<\/td><td class=\"column-2\">Brackets placed on the interior surfaces of teeth are completely hidden. Ideal for aesthetics, though trickier to clean.<\/td>\n<\/tr>\n<tr class=\"row-5\">\n\t<td class=\"column-1\">Self-Ligating Braces (e.g., Damon)<\/td><td class=\"column-2\">Use sliding mechanisms to reduce friction and potentially shorten treatment times.<\/td>\n<\/tr>\n<tr class=\"row-6\">\n\t<td class=\"column-1\">Clear Aligners (e.g., Invisalign, ClearCorrect)<\/td><td class=\"column-2\">Removable, nearly invisible trays that are especially popular among teens and adults. Comfortable, low maintenance.<\/td>\n<\/tr>\n<tr class=\"row-7\">\n\t<td class=\"column-1\">Palatal Expanders &amp; Functional Appliances<\/td><td class=\"column-2\">Used mainly in growing children to widen the upper jaw or modify jaw positioning (e.g., twin-block appliances).<\/td>\n<\/tr>\n<tr class=\"row-8\">\n\t<td class=\"column-1\">Orthognathic (Jaw) Surgery<\/td><td class=\"column-2\">For severe skeletal malocclusion collaboration between orthodontists and oral surgeons to realign jaws.<\/td>\n<\/tr>\n<\/tbody>\n<\/table>\n<\/p>\n<h3><span class=\"ez-toc-section\" id=\"Quels_traitements_orthodontiques_sont_disponibles_en_Turquie\"><\/span>Quels traitements orthodontiques sont disponibles en Turquie ?<span class=\"ez-toc-section-end\"><\/span><\/h3>\n<p>Appareils orthodontiques, goutti\u00e8res transparentes, chirurgie orthodontique et planification de traitement num\u00e9rique.<\/p>\n<h3><span class=\"ez-toc-section\" id=\"Quel_est_le_prix_du_traitement_de_la_malocclusion_en_Turquie_par_rapport_a_lEurope\"><\/span>Quel est le prix du traitement de la malocclusion en Turquie par rapport \u00e0 l&#8217;Europe ?<span class=\"ez-toc-section-end\"><\/span><\/h3>\n<p>Le traitement en Turquie est g\u00e9n\u00e9ralement 40 \u00e0 70 % moins cher tout en maintenant une qualit\u00e9 \u00e9lev\u00e9e.<\/p>\n<h3><span class=\"ez-toc-section\" id=\"Pourquoi_les_patients_internationaux_choisissent-ils_la_Turquie_pour_les_soins_orthodontiques\"><\/span>Pourquoi les patients internationaux choisissent-ils la Turquie pour les soins orthodontiques ?<span class=\"ez-toc-section-end\"><\/span><\/h3>\n<p>Co\u00fbt inf\u00e9rieur, m\u00e9decins exp\u00e9riment\u00e9s, technologie avanc\u00e9e et soins complets.<\/p>\n<h3><span class=\"ez-toc-section\" id=\"Quelles_technologies_avancees_les_cliniques_turques_utilisent-elles_pour_la_malocclusion\"><\/span>Quelles technologies avanc\u00e9es les cliniques turques utilisent-elles pour la malocclusion ?<span class=\"ez-toc-section-end\"><\/span><\/h3>\n<p>Imagerie num\u00e9rique 3D, technologie CAO\/FAO, traitements au laser et chirurgie guid\u00e9e par ordinateur.<\/p>\n<h4><span class=\"ez-toc-section\" id=\"Les_cliniques_turques_utilisent-elles_limagerie_3D_pour_la_planification_du_traitement\"><\/span>Les cliniques turques utilisent-elles l&#8217;imagerie 3D pour la planification du traitement ?<span class=\"ez-toc-section-end\"><\/span><\/h4>\n<p>Oui, l&#8217;imagerie 3D est largement utilis\u00e9e pour un diagnostic pr\u00e9cis et un traitement personnalis\u00e9.<\/p>\n<p><a href=\"https:\/\/wa.me\/+905451016000\" target=\"_blank\" rel=\"noopener noreferrer nofollow\"><img fetchpriority=\"high\" decoding=\"async\" class=\"aligncenter wp-image-50265 size-full\" src=\"https:\/\/dev.dev.vitrinclinic.com\/wp-content\/uploads\/2025\/09\/CTA-4.webp\" alt=\"CTA 4\" width=\"700\" height=\"250\" srcset=\"https:\/\/dev.vitrinclinic.com\/wp-content\/uploads\/2025\/09\/CTA-4.webp 700w, https:\/\/dev.vitrinclinic.com\/wp-content\/uploads\/2025\/09\/CTA-4-300x107.webp 300w, https:\/\/dev.vitrinclinic.com\/wp-content\/uploads\/2025\/09\/CTA-4-18x6.webp 18w, https:\/\/dev.vitrinclinic.com\/wp-content\/uploads\/2025\/09\/CTA-4-370x132.webp 370w, https:\/\/dev.vitrinclinic.com\/wp-content\/uploads\/2025\/09\/CTA-4-410x146.webp 410w, https:\/\/dev.vitrinclinic.com\/wp-content\/uploads\/2025\/09\/CTA-4-600x214.webp 600w\" sizes=\"(max-width: 700px) 100vw, 700px\" \/><\/a><\/p>\n<p>[sc_fs_multi_faq headline-0=&#8221;h3&#8243; question-0=&#8221;Quels sont les premiers signes de malocclusion ?&#8221; answer-0=&#8221;Difficult\u00e9 \u00e0 mordre, probl\u00e8mes d&#8217;\u00e9locution, dents tordues et inconfort de la m\u00e2choire.&#8221; image-0=&#8221;&#8221; headline-1=&#8221;h3&#8243; question-1=&#8221;La malocclusion peut-elle se corriger d&#8217;elle-m\u00eame sans traitement ?&#8221; answer-1=&#8221;Non, la malocclusion s&#8217;aggrave g\u00e9n\u00e9ralement sans traitement.&#8221; image-1=&#8221;&#8221; headline-2=&#8221;h3&#8243; question-2=&#8221;Combien de temps les appareils orthodontiques prennent-ils pour corriger la malocclusion ?&#8221; answer-2=&#8221;Typiquement de 1 \u00e0 3 ans.&#8221; image-2=&#8221;&#8221; headline-3=&#8221;h3&#8243; question-3=&#8221;Les goutti\u00e8res transparentes sont-elles efficaces pour la malocclusion s\u00e9v\u00e8re ?&#8221; answer-3=&#8221;Elles sont meilleures pour les cas l\u00e9gers \u00e0 mod\u00e9r\u00e9s ; la malocclusion s\u00e9v\u00e8re peut n\u00e9cessiter des appareils orthodontiques ou une chirurgie.&#8221; image-3=&#8221;&#8221; headline-4=&#8221;h3&#8243; question-4=&#8221;La malocclusion peut-elle revenir apr\u00e8s le traitement ?&#8221; answer-4=&#8221;Oui, si les appareils de contention ne sont pas port\u00e9s comme indiqu\u00e9.&#8221; image-4=&#8221;&#8221; headline-5=&#8221;h3&#8243; question-5=&#8221;Le traitement de la malocclusion est-il douloureux ?&#8221; answer-5=&#8221;Un certain inconfort est normal, surtout apr\u00e8s les ajustements, mais la douleur est g\u00e9rable.&#8221; image-5=&#8221;&#8221; headline-6=&#8221;h3&#8243; question-6=&#8221;Quel est le temps de r\u00e9cup\u00e9ration apr\u00e8s une chirurgie de la m\u00e2choire pour la malocclusion ?&#8221; answer-6=&#8221;Typiquement 6 \u00e0&#8221; image-6=&#8221;&#8221; count=&#8221;7&#8243; html=&#8221;true&#8221; css_class=&#8221;&#8221;]<\/p>\n","protected":false},"excerpt":{"rendered":"<p>FR Qu\u2019est-ce que la malocclusion et pourquoi est-elle importante pour la sant\u00e9 bucco-dentaire en 2026 ? Qu&#8217;est-ce que la Malocclusion et Pourquoi Est-elle Importante pour la Sant\u00e9 Bucco-dentaire ? La&hellip;<\/p>\n","protected":false},"author":34,"featured_media":57870,"comment_status":"open","ping_status":"open","sticky":false,"template":"","format":"standard","meta":{"iawp_total_views":0,"footnotes":""},"categories":[351],"tags":[],"class_list":["post-57863","post","type-post","status-publish","format-standard","has-post-thumbnail","hentry","category-non-categorise"],"_wp_old_slugs":["what-is-malocclusion-and-why-does-it-matter-for-oral-health-in-2026-fr"],"rank_math_title":"","rank_math_description":"","rank_math_focus_keyword":"","_links":{"self":[{"href":"https:\/\/dev.vitrinclinic.com\/fr\/wp-json\/wp\/v2\/posts\/57863","targetHints":{"allow":["GET"]}}],"collection":[{"href":"https:\/\/dev.vitrinclinic.com\/fr\/wp-json\/wp\/v2\/posts"}],"about":[{"href":"https:\/\/dev.vitrinclinic.com\/fr\/wp-json\/wp\/v2\/types\/post"}],"author":[{"embeddable":true,"href":"https:\/\/dev.vitrinclinic.com\/fr\/wp-json\/wp\/v2\/users\/34"}],"replies":[{"embeddable":true,"href":"https:\/\/dev.vitrinclinic.com\/fr\/wp-json\/wp\/v2\/comments?post=57863"}],"version-history":[{"count":0,"href":"https:\/\/dev.vitrinclinic.com\/fr\/wp-json\/wp\/v2\/posts\/57863\/revisions"}],"wp:featuredmedia":[{"embeddable":true,"href":"https:\/\/dev.vitrinclinic.com\/fr\/wp-json\/wp\/v2\/media\/57870"}],"wp:attachment":[{"href":"https:\/\/dev.vitrinclinic.com\/fr\/wp-json\/wp\/v2\/media?parent=57863"}],"wp:term":[{"taxonomy":"category","embeddable":true,"href":"https:\/\/dev.vitrinclinic.com\/fr\/wp-json\/wp\/v2\/categories?post=57863"},{"taxonomy":"post_tag","embeddable":true,"href":"https:\/\/dev.vitrinclinic.com\/fr\/wp-json\/wp\/v2\/tags?post=57863"}],"curies":[{"name":"wp","href":"https:\/\/api.w.org\/{rel}","templated":true}]}}