{"id":56716,"date":"2025-09-17T14:27:46","date_gmt":"2025-09-17T11:27:46","guid":{"rendered":"https:\/\/dev.vitrinclinic.com\/tr\/what-is-caries-and-how-can-it-be-treated-in-turkey-in-2026-pt-pt\/"},"modified":"2025-11-10T11:21:00","modified_gmt":"2025-11-10T08:21:00","slug":"caries","status":"publish","type":"post","link":"https:\/\/dev.vitrinclinic.com\/pt-pt\/caries\/","title":{"rendered":"O que \u00e9 a c\u00e1rie e como pode ser tratada na Turquia em 2026?"},"content":{"rendered":"<h2><span class=\"ez-toc-section\" id=\"O_que_e_carie_e_por_que_e_um_problema_dentario_serio\"><\/span>O que \u00e9 c\u00e1rie e por que \u00e9 um problema dent\u00e1rio s\u00e9rio?<span class=\"ez-toc-section-end\"><\/span><\/h2>\n<p>A c\u00e1rie, comumente conhecida como c\u00e1rie dent\u00e1ria ou cavidades, \u00e9 uma doen\u00e7a dent\u00e1ria progressiva que danifica a estrutura do dente. Se n\u00e3o tratada, a c\u00e1rie pode causar dor, infec\u00e7\u00e3o e at\u00e9 perda dent\u00e1ria, tornando-se um problema s\u00e9rio para a sa\u00fade bucal em todo o mundo.<\/p>\n<h3><span class=\"ez-toc-section\" id=\"O_que_causa_a_carie\"><\/span>O que causa a c\u00e1rie?<span class=\"ez-toc-section-end\"><\/span><\/h3>\n<ul>\n<li style=\"font-weight: 400;\" aria-level=\"1\">Forma\u00e7\u00e3o de placa bacteriana<\/li>\n<\/ul>\n<p>Bact\u00e9rias nocivas se acumulam nos dentes formando placa pegajosa.<\/p>\n<ul>\n<li style=\"font-weight: 400;\" aria-level=\"1\">Consumo de a\u00e7\u00facares e carboidratos<\/li>\n<\/ul>\n<p>As bact\u00e9rias se alimentam de a\u00e7\u00facares e carboidratos, produzindo \u00e1cidos.<\/p>\n<ul>\n<li style=\"font-weight: 400;\" aria-level=\"1\">Produ\u00e7\u00e3o de \u00e1cido<\/li>\n<\/ul>\n<p>Os \u00e1cidos produzidos pelas bact\u00e9rias dissolvem o esmalte dent\u00e1rio, levando \u00e0 c\u00e1rie.<\/p>\n<ul>\n<li style=\"font-weight: 400;\" aria-level=\"1\">M\u00e1 higiene oral<\/li>\n<\/ul>\n<p>Escova\u00e7\u00e3o e uso do fio dental pouco frequentes permitem o ac\u00famulo de placa.<\/p>\n<ul>\n<li style=\"font-weight: 400;\" aria-level=\"1\">Boca seca (redu\u00e7\u00e3o da saliva)<\/li>\n<\/ul>\n<p>A saliva ajuda a neutralizar os \u00e1cidos; menos saliva aumenta o risco.<\/p>\n<ul>\n<li style=\"font-weight: 400;\" aria-level=\"1\">Lanches e bebidas frequentes<\/li>\n<\/ul>\n<p>A exposi\u00e7\u00e3o constante a a\u00e7\u00facares e \u00e1cidos impede a recupera\u00e7\u00e3o do esmalte.<\/p>\n<ul>\n<li style=\"font-weight: 400;\" aria-level=\"1\">Esmalte fraco ou fino<\/li>\n<\/ul>\n<p>Algumas pessoas naturalmente t\u00eam esmalte menos resistente.<\/p>\n<ul>\n<li style=\"font-weight: 400;\" aria-level=\"1\">Defici\u00eancia de fl\u00faor<\/li>\n<\/ul>\n<p>O fl\u00faor fortalece o esmalte e ajuda a prevenir a c\u00e1rie.<\/p>\n<ul>\n<li style=\"font-weight: 400;\" aria-level=\"1\">Fatores gen\u00e9ticos<\/li>\n<\/ul>\n<p>A gen\u00e9tica pode influenciar a suscetibilidade \u00e0 c\u00e1rie.<\/p>\n<h3><span class=\"ez-toc-section\" id=\"Como_a_formacao_de_placa_leva_a_carie\"><\/span>Como a forma\u00e7\u00e3o de placa leva \u00e0 c\u00e1rie?<span class=\"ez-toc-section-end\"><\/span><\/h3>\n<p>A placa \u00e9 um filme pegajoso de bact\u00e9rias que se forma nos dentes. Quando n\u00e3o removida, produz \u00e1cidos que corroem o esmalte, iniciando o processo de c\u00e1rie.<\/p>\n<h4><span class=\"ez-toc-section\" id=\"Qual_e_o_papel_das_bacterias_orais_no_desenvolvimento_da_carie\"><\/span>Qual \u00e9 o papel das bact\u00e9rias orais no desenvolvimento da c\u00e1rie?<span class=\"ez-toc-section-end\"><\/span><\/h4>\n<p>Bact\u00e9rias nocivas metabolizam a\u00e7\u00facares em \u00e1cidos, que desmineralizam a superf\u00edcie dura do dente, levando \u00e0 c\u00e1rie.<\/p>\n<h4><span class=\"ez-toc-section\" id=\"Como_alimentos_acucarados_e_acidos_contribuem_para_a_carie\"><\/span>Como alimentos a\u00e7ucarados e \u00e1cidos contribuem para a c\u00e1rie?<span class=\"ez-toc-section-end\"><\/span><\/h4>\n<p>O consumo frequente de alimentos a\u00e7ucarados e \u00e1cidos alimenta as bact\u00e9rias e diminui o pH da boca, acelerando a degrada\u00e7\u00e3o do esmalte.<\/p>\n<h3><span class=\"ez-toc-section\" id=\"A_ma_higiene_oral_pode_ser_a_principal_causa_da_carie\"><\/span>A m\u00e1 higiene oral pode ser a principal causa da c\u00e1rie?<span class=\"ez-toc-section-end\"><\/span><\/h3>\n<p>Sim. Negligenciar a escova\u00e7\u00e3o e o uso do fio dental permite o ac\u00famulo de placa, aumentando o risco de c\u00e1rie.<\/p>\n<h4><span class=\"ez-toc-section\" id=\"Como_a_escovacao_e_o_uso_do_fio_dental_pouco_frequentes_aumentam_o_risco\"><\/span>Como a escova\u00e7\u00e3o e o uso do fio dental pouco frequentes aumentam o risco?<span class=\"ez-toc-section-end\"><\/span><\/h4>\n<p>Permite que as bact\u00e9rias prosperem, criando um ambiente \u00e1cido que ataca os dentes.<\/p>\n<h4><span class=\"ez-toc-section\" id=\"O_que_acontece_se_os_exames_dentarios_forem_ignorados\"><\/span>O que acontece se os exames dent\u00e1rios forem ignorados?<span class=\"ez-toc-section-end\"><\/span><\/h4>\n<p>A c\u00e1rie inicial pode passar despercebida e piorar sem diagn\u00f3stico e interven\u00e7\u00e3o profissional.<\/p>\n<h3><span class=\"ez-toc-section\" id=\"A_genetica_e_o_historico_familiar_estao_ligados_a_carie\"><\/span>A gen\u00e9tica e o hist\u00f3rico familiar est\u00e3o ligados \u00e0 c\u00e1rie?<span class=\"ez-toc-section-end\"><\/span><\/h3>\n<p>A gen\u00e9tica pode influenciar a resist\u00eancia do esmalte e a composi\u00e7\u00e3o da saliva, afetando a suscetibilidade \u00e0 c\u00e1rie.<\/p>\n<h2><span class=\"ez-toc-section\" id=\"Quais_sao_os_diferentes_tipos_de_carie\"><\/span>Quais s\u00e3o os diferentes tipos de c\u00e1rie?<span class=\"ez-toc-section-end\"><\/span><\/h2>\n<ul>\n<li style=\"font-weight: 400;\" aria-level=\"1\">C\u00e1rie em fissuras e sulcos<\/li>\n<\/ul>\n<p>Ocorrem nas superf\u00edcies de mastiga\u00e7\u00e3o dos dentes posteriores (molares e pr\u00e9-molares) Comuns em \u00e1reas com sulcos ou fissuras profundas<\/p>\n<ul>\n<li style=\"font-weight: 400;\" aria-level=\"1\">C\u00e1rie em superf\u00edcie lisa<\/li>\n<\/ul>\n<p>Encontradas nos lados planos e lisos dos dentes Frequentemente se desenvolvem entre os dentes onde o uso do fio dental \u00e9 negligenciado<\/p>\n<ul>\n<li style=\"font-weight: 400;\" aria-level=\"1\">C\u00e1rie radicular<\/li>\n<\/ul>\n<p>Afetam as superf\u00edcies das ra\u00edzes dos dentes, especialmente em pessoas com recess\u00e3o gengival Mais comum em adultos mais velhos<\/p>\n<ul>\n<li style=\"font-weight: 400;\" aria-level=\"1\">C\u00e1rie recorrente (secund\u00e1ria)<\/li>\n<\/ul>\n<p>Desenvolvem-se ao redor de restaura\u00e7\u00f5es existentes, como obtura\u00e7\u00f5es ou coroas Causadas por margens inadequadas ou placa residual<\/p>\n<ul>\n<li style=\"font-weight: 400;\" aria-level=\"1\">C\u00e1rie agressiva<\/li>\n<\/ul>\n<p>Decad\u00eancia extensa e de progress\u00e3o r\u00e1pida Frequentemente vista em crian\u00e7as ou adultos com m\u00e1 higiene oral, alto consumo de a\u00e7\u00facar ou boca seca<\/p>\n<ul>\n<li style=\"font-weight: 400;\" aria-level=\"1\">C\u00e1rie na primeira inf\u00e2ncia (c\u00e1rie de mamadeira)<\/li>\n<\/ul>\n<p>Afeta beb\u00eas e crian\u00e7as pequenas, especialmente devido \u00e0 alimenta\u00e7\u00e3o prolongada com mamadeiras contendo l\u00edquido a\u00e7ucarado<\/p>\n<h3><span class=\"ez-toc-section\" id=\"O_que_e_carie_em_fissuras_e_sulcos\"><\/span>O que \u00e9 c\u00e1rie em fissuras e sulcos?<span class=\"ez-toc-section-end\"><\/span><\/h3>\n<p>Ocorre nos sulcos das superf\u00edcies de mastiga\u00e7\u00e3o, onde os alimentos tendem a ficar presos.<\/p>\n<h3><span class=\"ez-toc-section\" id=\"O_que_e_carie_em_superficie_lisa\"><\/span>O que \u00e9 c\u00e1rie em superf\u00edcie lisa?<span class=\"ez-toc-section-end\"><\/span><\/h3>\n<p>Decad\u00eancia que aparece nas superf\u00edcies planas dos dentes, frequentemente entre os dentes.<\/p>\n<h3><span class=\"ez-toc-section\" id=\"O_que_e_carie_radicular\"><\/span>O que \u00e9 c\u00e1rie radicular?<span class=\"ez-toc-section-end\"><\/span><\/h3>\n<p>Decad\u00eancia que afeta ra\u00edzes expostas, comum em adultos mais velhos com recess\u00e3o gengival.<\/p>\n<h3><span class=\"ez-toc-section\" id=\"Como_a_carie_recorrente_difere_da_carie_primaria\"><\/span>Como a c\u00e1rie recorrente difere da c\u00e1rie prim\u00e1ria?<span class=\"ez-toc-section-end\"><\/span><\/h3>\n<p>A c\u00e1rie recorrente se desenvolve ao redor de obtura\u00e7\u00f5es ou coroas existentes, ao contr\u00e1rio da c\u00e1rie prim\u00e1ria, que \u00e9 uma nova les\u00e3o.<\/p>\n<h2><span class=\"ez-toc-section\" id=\"Quais_sao_os_sinais_e_sintomas_iniciais_da_carie\"><\/span>Quais s\u00e3o os sinais e sintomas iniciais da c\u00e1rie?<span class=\"ez-toc-section-end\"><\/span><\/h2>\n<ul>\n<li style=\"font-weight: 400;\" aria-level=\"1\">Manchas brancas nos dentes<\/li>\n<\/ul>\n<p>Desmineraliza\u00e7\u00e3o inicial do esmalte<\/p>\n<ul>\n<li style=\"font-weight: 400;\" aria-level=\"1\">Sensibilidade dent\u00e1ria<\/li>\n<\/ul>\n<p>Especialmente a alimentos e bebidas quentes, frias, doces ou \u00e1cidas<\/p>\n<ul>\n<li style=\"font-weight: 400;\" aria-level=\"1\">Dor ou desconforto leve nos dentes<\/li>\n<\/ul>\n<p>Dor ocasional ou espont\u00e2nea sem causa evidente<\/p>\n<ul>\n<li style=\"font-weight: 400;\" aria-level=\"1\">Buracos ou cavidades vis\u00edveis nos dentes<\/li>\n<\/ul>\n<p>Pequenas aberturas na superf\u00edcie do dente<\/p>\n<ul>\n<li style=\"font-weight: 400;\" aria-level=\"1\">Descolora\u00e7\u00e3o<\/li>\n<\/ul>\n<p>\u00c1reas marrons, pretas ou brancas acinzentadas no dente<\/p>\n<ul>\n<li style=\"font-weight: 400;\" aria-level=\"1\">Mau h\u00e1lito ou gosto desagrad\u00e1vel<\/li>\n<\/ul>\n<p>Causado pela atividade bacteriana nas \u00e1reas cariadas<\/p>\n<ul>\n<li style=\"font-weight: 400;\" aria-level=\"1\">Rugosidade na superf\u00edcie do dente<\/li>\n<\/ul>\n<p>Altera\u00e7\u00e3o na textura sentida com a l\u00edngua ou durante a escova\u00e7\u00e3o<\/p>\n<h3><span class=\"ez-toc-section\" id=\"Como_a_sensibilidade_pode_indicar_a_presenca_de_carie\"><\/span>Como a sensibilidade pode indicar a presen\u00e7a de c\u00e1rie?<span class=\"ez-toc-section-end\"><\/span><\/h3>\n<p>A c\u00e1rie inicial frequentemente causa leve sensibilidade a est\u00edmulos quentes, frios ou doces.<\/p>\n<h3><span class=\"ez-toc-section\" id=\"Quais_sao_os_sinais_visiveis_da_carie_nos_dentes\"><\/span>Quais s\u00e3o os sinais vis\u00edveis da c\u00e1rie nos dentes?<span class=\"ez-toc-section-end\"><\/span><\/h3>\n<p>Manchas brancas, descolora\u00e7\u00e3o marrom ou preta, ou pequenos buracos na superf\u00edcie do dente.<\/p>\n<h3><span class=\"ez-toc-section\" id=\"O_mau_halito_pode_ser_causado_pela_carie\"><\/span>O mau h\u00e1lito pode ser causado pela c\u00e1rie?<span class=\"ez-toc-section-end\"><\/span><\/h3>\n<p>Sim, a atividade bacteriana nos dentes cariados pode causar mau h\u00e1lito persistente.<\/p>\n<h2><span class=\"ez-toc-section\" id=\"Como_os_dentistas_na_Turquia_diagnosticam_a_carie\"><\/span>Como os dentistas na Turquia diagnosticam a c\u00e1rie<span class=\"ez-toc-section-end\"><\/span><\/h2>\n<p style=\"text-align: center;\">\n<table id=\"tablepress-24\" class=\"tablepress tablepress-id-24\">\n<thead>\n<tr class=\"row-1\">\n\t<th class=\"column-1\">Diagnostic Method<\/th><th class=\"column-2\">Purpose &amp; Use<\/th>\n<\/tr>\n<\/thead>\n<tbody class=\"row-striping row-hover\">\n<tr class=\"row-2\">\n\t<td class=\"column-1\">Visual-Tactile Exam<\/td><td class=\"column-2\">Initial detection of visible lesions or enamel defects<\/td>\n<\/tr>\n<tr class=\"row-3\">\n\t<td class=\"column-1\">Probe Examination (blunt explorer)<\/td><td class=\"column-2\">Identifies sticky or softened areas without causing damage<\/td>\n<\/tr>\n<tr class=\"row-4\">\n\t<td class=\"column-1\">Panoramic X-ray<\/td><td class=\"column-2\">Broad overview common extraoral imaging tool<\/td>\n<\/tr>\n<tr class=\"row-5\">\n\t<td class=\"column-1\">Periapical \/ Bite-wing X-rays<\/td><td class=\"column-2\">Focused detection, particularly for early interproximal caries<\/td>\n<\/tr>\n<tr class=\"row-6\">\n\t<td class=\"column-1\">Intraoral Camera<\/td><td class=\"column-2\">High-resolution imaging for early-stage detection and patient education<\/td>\n<\/tr>\n<tr class=\"row-7\">\n\t<td class=\"column-1\">CBCT (3D Imaging)<\/td><td class=\"column-2\">Used in complex cases for detailed anatomical assessment<\/td>\n<\/tr>\n<tr class=\"row-8\">\n\t<td class=\"column-1\">AI-supported diagnostics<\/td><td class=\"column-2\">Emerging tools to boost detection accuracy and speed<\/td>\n<\/tr>\n<\/tbody>\n<\/table>\n<\/p>\n<h3><span class=\"ez-toc-section\" id=\"Qual_o_papel_dos_raios-X_dentarios_na_deteccao_da_carie\"><\/span>Qual o papel dos raios-X dent\u00e1rios na detec\u00e7\u00e3o da c\u00e1rie?<span class=\"ez-toc-section-end\"><\/span><\/h3>\n<p>Os raios-X revelam a c\u00e1rie entre os dentes e sob restaura\u00e7\u00f5es invis\u00edveis a olho nu.<\/p>\n<h3><span class=\"ez-toc-section\" id=\"A_fluorescencia_a_laser_pode_ser_usada_para_detectar_caries\"><\/span>A fluoresc\u00eancia a laser pode ser usada para detectar c\u00e1ries?<span class=\"ez-toc-section-end\"><\/span><\/h3>\n<p>Sim, ela detecta a c\u00e1rie inicial medindo altera\u00e7\u00f5es na fluoresc\u00eancia do dente.<\/p>\n<h3><span class=\"ez-toc-section\" id=\"Como_os_dentistas_diferenciam_manchas_de_caries\"><\/span>Como os dentistas diferenciam manchas de c\u00e1ries?<span class=\"ez-toc-section-end\"><\/span><\/h3>\n<p>Exames cl\u00ednicos e ferramentas de diagn\u00f3stico ajudam a distinguir manchas inofensivas de c\u00e1ries.<\/p>\n<h2><span class=\"ez-toc-section\" id=\"Como_a_carie_pode_ser_prevenida\"><\/span>Como a c\u00e1rie pode ser prevenida?<span class=\"ez-toc-section-end\"><\/span><\/h2>\n<p><strong> H\u00e1bitos de higiene oral<\/strong><\/p>\n<ul>\n<li style=\"font-weight: 400;\" aria-level=\"1\"><strong>Escove os dentes duas vezes ao dia<\/strong> com creme dental com fl\u00faor<\/li>\n<li style=\"font-weight: 400;\" aria-level=\"1\"><strong>Use fio dental diariamente<\/strong> para limpar entre os dentes<\/li>\n<li style=\"font-weight: 400;\" aria-level=\"1\"><strong>Use enxaguante bucal<\/strong> com conte\u00fado antibacteriano ou de fl\u00faor<\/li>\n<\/ul>\n<p><strong> Dieta e Nutri\u00e7\u00e3o<\/strong><\/p>\n<ul>\n<li style=\"font-weight: 400;\" aria-level=\"1\"><strong>Limite alimentos e bebidas a\u00e7ucaradas e \u00e1cidas<\/strong><\/li>\n<li style=\"font-weight: 400;\" aria-level=\"1\"><strong>Evite lanches frequentes<\/strong><\/li>\n<li style=\"font-weight: 400;\" aria-level=\"1\"><strong>Beba bastante \u00e1gua<\/strong>, especialmente \u00e1gua fluoretada<\/li>\n<\/ul>\n<p><strong>Uso do Fl\u00faor<\/strong><\/p>\n<ul>\n<li style=\"font-weight: 400;\" aria-level=\"1\"><strong>Use creme dental e enxaguante bucal com fl\u00faor<\/strong><\/li>\n<li style=\"font-weight: 400;\" aria-level=\"1\"><strong>Considere tratamentos profissionais com fl\u00faor<\/strong> realizados por um dentista<\/li>\n<\/ul>\n<p><strong> Selantes Dentais<\/strong><\/p>\n<ul>\n<li style=\"font-weight: 400;\" aria-level=\"1\"><strong>Revestimentos protetores<\/strong> aplicados nos dentes posteriores (molares) para prevenir c\u00e1ries<\/li>\n<li style=\"font-weight: 400;\" aria-level=\"1\">Especialmente recomendados para crian\u00e7as e adolescentes<\/li>\n<\/ul>\n<p><strong> Consultas Dent\u00e1rias Regulares<\/strong><\/p>\n<ul>\n<li style=\"font-weight: 400;\" aria-level=\"1\"><strong>Check-ups e limpezas de rotina<\/strong> (a cada 6 meses ou conforme orienta\u00e7\u00e3o)<\/li>\n<li style=\"font-weight: 400;\" aria-level=\"1\">Detec\u00e7\u00e3o precoce de c\u00e1ries ou fatores de risco<\/li>\n<\/ul>\n<p><strong> Gerenciar Boca Seca<\/strong><\/p>\n<ul>\n<li style=\"font-weight: 400;\" aria-level=\"1\"><strong>Mantenha-se hidratado<\/strong> e evite tabaco ou \u00e1lcool<\/li>\n<li style=\"font-weight: 400;\" aria-level=\"1\">Use <strong>substitutos de saliva<\/strong> se necess\u00e1rio<\/li>\n<\/ul>\n<p><strong> Abordar Fatores de Risco<\/strong><\/p>\n<ul>\n<li style=\"font-weight: 400;\" aria-level=\"1\">Discuta hist\u00f3rico familiar, condi\u00e7\u00f5es m\u00e9dicas e medicamentos com seu dentista<\/li>\n<li style=\"font-weight: 400;\" aria-level=\"1\">Trate condi\u00e7\u00f5es como refluxo \u00e1cido ou bruxismo que podem impactar a sa\u00fade dental<\/li>\n<\/ul>\n<h3><span class=\"ez-toc-section\" id=\"Como_a_escovacao_e_o_uso_do_fio_dental_regulares_previnem_caries\"><\/span>Como a escova\u00e7\u00e3o e o uso do fio dental regulares previnem c\u00e1ries?<span class=\"ez-toc-section-end\"><\/span><\/h3>\n<p>Eles removem placa e restos de alimentos, reduzindo a produ\u00e7\u00e3o de \u00e1cido.<\/p>\n<h4><span class=\"ez-toc-section\" id=\"Qual_tipo_de_creme_dental_e_mais_eficaz_contra_caries\"><\/span>Qual tipo de creme dental \u00e9 mais eficaz contra c\u00e1ries?<span class=\"ez-toc-section-end\"><\/span><\/h4>\n<p>Cremes dentais com fl\u00faor fortalecem o esmalte e combatem a c\u00e1rie.<\/p>\n<h4><span class=\"ez-toc-section\" id=\"Com_que_frequencia_devo_substituir_minha_escova_de_dentes\"><\/span>Com que frequ\u00eancia devo substituir minha escova de dentes?<span class=\"ez-toc-section-end\"><\/span><\/h4>\n<p>A cada 3 meses ou antes se as cerdas estiverem desgastadas.<\/p>\n<h3><span class=\"ez-toc-section\" id=\"Como_os_tratamentos_com_fluor_ajudam_a_prevenir_caries\"><\/span>Como os tratamentos com fl\u00faor ajudam a prevenir c\u00e1ries?<span class=\"ez-toc-section-end\"><\/span><\/h3>\n<p>Aplica\u00e7\u00f5es profissionais de fl\u00faor remineralizam o esmalte e tornam os dentes mais resistentes ao \u00e1cido.<\/p>\n<h3><span class=\"ez-toc-section\" id=\"Os_selantes_dentais_podem_proteger_contra_caries\"><\/span>Os selantes dentais podem proteger contra c\u00e1ries?<span class=\"ez-toc-section-end\"><\/span><\/h3>\n<p>Sim, os selantes cobrem sulcos e fissuras para bloquear bact\u00e9rias e res\u00edduos de alimentos.<\/p>\n<h3><span class=\"ez-toc-section\" id=\"Como_uma_dieta_equilibrada_reduz_o_risco_de_caries\"><\/span>Como uma dieta equilibrada reduz o risco de c\u00e1ries?<span class=\"ez-toc-section-end\"><\/span><\/h3>\n<p>Comer alimentos ricos em nutrientes sustenta dentes saud\u00e1veis e limita a ingest\u00e3o de a\u00e7\u00facar.<\/p>\n<h2><span class=\"ez-toc-section\" id=\"Quais_sao_as_opcoes_de_tratamento_para_caries\"><\/span>Quais s\u00e3o as op\u00e7\u00f5es de tratamento para c\u00e1ries?<span class=\"ez-toc-section-end\"><\/span><\/h2>\n<ul>\n<li style=\"font-weight: 400;\" aria-level=\"1\">Tratamento com Fl\u00faor<\/li>\n<\/ul>\n<p>Para desmineraliza\u00e7\u00e3o inicial do esmalte Ajuda a remineralizar a superf\u00edcie do dente<\/p>\n<ul>\n<li style=\"font-weight: 400;\" aria-level=\"1\">Obtura\u00e7\u00f5es Dent\u00e1rias<\/li>\n<\/ul>\n<p>Para c\u00e1ries pequenas a moderadas A c\u00e1rie \u00e9 removida e preenchida com materiais como resina composta ou am\u00e1lgama<\/p>\n<ul>\n<li style=\"font-weight: 400;\" aria-level=\"1\">Inlays e Onlays<\/li>\n<\/ul>\n<p>Usados para cavidades maiores que n\u00e3o exigem uma coroa completa Restaura\u00e7\u00f5es personalizadas ligadas ao dente<\/p>\n<ul>\n<li style=\"font-weight: 400;\" aria-level=\"1\">Coroas Dent\u00e1rias<\/li>\n<\/ul>\n<p>Para c\u00e1ries extensas ou dentes enfraquecidos Uma capa cobre e protege o dente restante<\/p>\n<ul>\n<li style=\"font-weight: 400;\" aria-level=\"1\">Tratamento de Canal<\/li>\n<\/ul>\n<p>Necess\u00e1rio quando a c\u00e1rie atinge a polpa dent\u00e1ria (nervo) Envolve limpeza, desinfec\u00e7\u00e3o e selagem do canal radicular<\/p>\n<ul>\n<li style=\"font-weight: 400;\" aria-level=\"1\">Extra\u00e7\u00e3o Dent\u00e1ria<\/li>\n<\/ul>\n<p>Realizada quando o dente est\u00e1 muito danificado para ser salvo Pode ser seguida por implante dent\u00e1rio ou ponte<\/p>\n<ul>\n<li style=\"font-weight: 400;\" aria-level=\"1\">Medidas Preventivas P\u00f3s-Tratamento<\/li>\n<\/ul>\n<p>Aplica\u00e7\u00f5es de fl\u00faor, selantes e instru\u00e7\u00f5es de higiene bucal para prevenir recorr\u00eancia<\/p>\n<h3><span class=\"ez-toc-section\" id=\"Como_as_obturacoes_sao_usadas_para_tratar_caries\"><\/span>Como as obtura\u00e7\u00f5es s\u00e3o usadas para tratar c\u00e1ries?<span class=\"ez-toc-section-end\"><\/span><\/h3>\n<p>O tecido cariado \u00e9 removido e a cavidade preenchida com resina composta ou am\u00e1lgama para restaurar a integridade do dente.<\/p>\n<h3><span class=\"ez-toc-section\" id=\"Quando_e_necessaria_a_terapia_de_canal_para_caries\"><\/span>Quando \u00e9 necess\u00e1ria a terapia de canal para c\u00e1ries?<span class=\"ez-toc-section-end\"><\/span><\/h3>\n<p>Quando a c\u00e1rie atinge a polpa dent\u00e1ria causando infec\u00e7\u00e3o ou dor intensa.<\/p>\n<h3><span class=\"ez-toc-section\" id=\"As_coroas_podem_ser_uma_solucao_para_caries_graves\"><\/span>As coroas podem ser uma solu\u00e7\u00e3o para c\u00e1ries graves?<span class=\"ez-toc-section-end\"><\/span><\/h3>\n<p>As coroas protegem e fortalecem dentes com c\u00e1ries extensas ou ap\u00f3s tratamento de canal.<\/p>\n<h3><span class=\"ez-toc-section\" id=\"Quais_sao_os_tratamentos_cirurgicos_para_caries_avancadas\"><\/span>Quais s\u00e3o os tratamentos cir\u00fargicos para c\u00e1ries avan\u00e7adas?<span class=\"ez-toc-section-end\"><\/span><\/h3>\n<p>Extra\u00e7\u00e3o ou apicectomia podem ser necess\u00e1rias se o dente n\u00e3o puder ser salvo.<\/p>\n<h2><span class=\"ez-toc-section\" id=\"Quais_tratamentos_avancados_para_caries_estao_disponiveis_na_Turquia\"><\/span>Quais tratamentos avan\u00e7ados para c\u00e1ries est\u00e3o dispon\u00edveis na Turquia?<span class=\"ez-toc-section-end\"><\/span><\/h2>\n<p style=\"text-align: center;\">\n<table id=\"tablepress-25\" class=\"tablepress tablepress-id-25\">\n<thead>\n<tr class=\"row-1\">\n\t<th class=\"column-1\">Treatment Type<\/th><th class=\"column-2\">Advanced Technique Highlights<\/th>\n<\/tr>\n<\/thead>\n<tbody class=\"row-striping row-hover\">\n<tr class=\"row-2\">\n\t<td class=\"column-1\">Laser Dentistry<\/td><td class=\"column-2\">No-touch decay removal, less pain, strong disinfection<\/td>\n<\/tr>\n<tr class=\"row-3\">\n\t<td class=\"column-1\">Adhesive Restorations (Inlay\/Onlay)<\/td><td class=\"column-2\">Preserves more tooth, esthetic and functional<\/td>\n<\/tr>\n<tr class=\"row-4\">\n\t<td class=\"column-1\">Vital Pulp Therapy \/ RCT<\/td><td class=\"column-2\">Pulp-saving where possible; root canal when needed<\/td>\n<\/tr>\n<tr class=\"row-5\">\n\t<td class=\"column-1\">Preventive Treatments<\/td><td class=\"column-2\">SDF, fissure sealants, high\u2011fluoride varnish, hydroxyapatite pastes<\/td>\n<\/tr>\n<tr class=\"row-6\">\n\t<td class=\"column-1\">Vitrin Clinic Services<\/td><td class=\"column-2\">Laser dentistry, endodontics, conservative cosmetic restorations<\/td>\n<\/tr>\n<\/tbody>\n<\/table>\n<\/p>\n<h3><span class=\"ez-toc-section\" id=\"Como_as_clinicas_odontologicas_turcas_usam_a_odontologia_a_laser_para_caries\"><\/span>Como as cl\u00ednicas odontol\u00f3gicas turcas usam a odontologia a laser para c\u00e1ries?<span class=\"ez-toc-section-end\"><\/span><\/h3>\n<p>Os lasers permitem remo\u00e7\u00e3o precisa e minimamente invasiva da c\u00e1rie com menos dor e cicatriza\u00e7\u00e3o mais r\u00e1pida.<\/p>\n<h3><span class=\"ez-toc-section\" id=\"Tratamentos_minimamente_invasivos_sao_populares_na_Turquia\"><\/span>Tratamentos minimamente invasivos s\u00e3o populares na Turquia?<span class=\"ez-toc-section-end\"><\/span><\/h3>\n<p>Sim, abordagens como abras\u00e3o a ar e remineraliza\u00e7\u00e3o s\u00e3o cada vez mais favorecidas.<\/p>\n<h3><span class=\"ez-toc-section\" id=\"Quao_acessiveis_sao_os_tratamentos_para_caries_na_Turquia_em_comparacao_com_a_Europa\"><\/span>Qu\u00e3o acess\u00edveis s\u00e3o os tratamentos para c\u00e1ries na Turquia em compara\u00e7\u00e3o com a Europa?<span class=\"ez-toc-section-end\"><\/span><\/h3>\n<p>A Turquia oferece cuidados de alta qualidade a uma fra\u00e7\u00e3o do custo europeu, tornando-se um destino popular para turismo odontol\u00f3gico.<\/p>\n<h2><span class=\"ez-toc-section\" id=\"Quais_complicacoes_podem_resultar_de_caries_nao_tratadas\"><\/span>Quais complica\u00e7\u00f5es podem resultar de c\u00e1ries n\u00e3o tratadas?<span class=\"ez-toc-section-end\"><\/span><\/h2>\n<p>C\u00e1ries dent\u00e1rias n\u00e3o tratadas podem levar a v\u00e1rias complica\u00e7\u00f5es s\u00e9rias, incluindo: <strong>Dor e Sensibilidade Dent\u00e1ria<\/strong><\/p>\n<ul>\n<li style=\"font-weight: 400;\" aria-level=\"1\">Desconforto persistente ou agravante<\/li>\n<li style=\"font-weight: 400;\" aria-level=\"1\">Interfere na alimenta\u00e7\u00e3o, ingest\u00e3o de l\u00edquidos e fala<\/li>\n<\/ul>\n<p><strong>Infec\u00e7\u00e3o Dent\u00e1ria (Abscesso)<\/strong><\/p>\n<ul>\n<li style=\"font-weight: 400;\" aria-level=\"1\">Infec\u00e7\u00e3o bacteriana se espalha para a polpa dent\u00e1ria<\/li>\n<li style=\"font-weight: 400;\" aria-level=\"1\">Pode causar pus, incha\u00e7o e dor intensa<\/li>\n<li style=\"font-weight: 400;\" aria-level=\"1\">Pode exigir tratamento de canal ou extra\u00e7\u00e3o<\/li>\n<\/ul>\n<p><strong>Propaga\u00e7\u00e3o da Infec\u00e7\u00e3o<\/strong><\/p>\n<ul>\n<li style=\"font-weight: 400;\" aria-level=\"1\">A infec\u00e7\u00e3o pode se estender ao osso mandibular, pesco\u00e7o ou corrente sangu\u00ednea<\/li>\n<li style=\"font-weight: 400;\" aria-level=\"1\">Em casos graves, pode causar sepse \u2014 uma condi\u00e7\u00e3o potencialmente fatal<\/li>\n<\/ul>\n<p><strong>Fratura ou Perda Dent\u00e1ria<\/strong><\/p>\n<ul>\n<li style=\"font-weight: 400;\" aria-level=\"1\">C\u00e1ries extensas enfraquecem a estrutura do dente<\/li>\n<li style=\"font-weight: 400;\" aria-level=\"1\">Pode quebrar ou exigir extra\u00e7\u00e3o se n\u00e3o tratado a tempo<\/li>\n<\/ul>\n<p><strong>Doen\u00e7a Gengival (Periodontite)<\/strong><\/p>\n<ul>\n<li style=\"font-weight: 400;\" aria-level=\"1\">As c\u00e1ries podem contribuir para o ac\u00famulo de placa e inflama\u00e7\u00e3o gengival<\/li>\n<li style=\"font-weight: 400;\" aria-level=\"1\">Leva \u00e0 retra\u00e7\u00e3o gengival, perda \u00f3ssea e mobilidade dent\u00e1ria<\/li>\n<\/ul>\n<p><strong> Problemas de Mastiga\u00e7\u00e3o e Alimenta\u00e7\u00e3o<\/strong><\/p>\n<ul>\n<li style=\"font-weight: 400;\" aria-level=\"1\">Dor ou perda dent\u00e1ria afeta nutri\u00e7\u00e3o e digest\u00e3o<\/li>\n<\/ul>\n<p><strong>Dificuldades na Fala<\/strong><\/p>\n<ul>\n<li style=\"font-weight: 400;\" aria-level=\"1\">Especialmente se a c\u00e1rie afetar dentes frontais ou m\u00faltiplos dentes<\/li>\n<\/ul>\n<p><strong>Impacto Est\u00e9tico e Social<\/strong><\/p>\n<ul>\n<li style=\"font-weight: 400;\" aria-level=\"1\">C\u00e1ries vis\u00edveis ou dentes ausentes podem afetar autoestima e confian\u00e7a<\/li>\n<\/ul>\n<p><strong>Problemas Sist\u00eamicos de Sa\u00fade<\/strong><\/p>\n<ul>\n<li style=\"font-weight: 400;\" aria-level=\"1\">Infec\u00e7\u00f5es orais cr\u00f4nicas associadas a:<\/li>\n<\/ul>\n<p>Doen\u00e7a card\u00edaca<br \/>\nInfec\u00e7\u00f5es respirat\u00f3rias<\/p>\n<p>Parto prematuro (em mulheres gr\u00e1vidas)<\/p>\n<h3><span class=\"ez-toc-section\" id=\"A_carie_pode_levar_a_perda_dentaria\"><\/span>A c\u00e1rie pode levar \u00e0 perda dent\u00e1ria?<span class=\"ez-toc-section-end\"><\/span><\/h3>\n<p>Sim. A c\u00e1rie n\u00e3o tratada pode destruir a estrutura do dente, levando \u00e0 extra\u00e7\u00e3o.<\/p>\n<h3><span class=\"ez-toc-section\" id=\"Como_a_carie_afeta_a_saude_bucal_geral\"><\/span>Como a c\u00e1rie afeta a sa\u00fade bucal geral?<span class=\"ez-toc-section-end\"><\/span><\/h3>\n<p>Pode causar infec\u00e7\u00f5es, doen\u00e7as gengivais e afetar a mastiga\u00e7\u00e3o e a fala.<\/p>\n<h3><span class=\"ez-toc-section\" id=\"A_carie_nao_tratada_pode_causar_problemas_de_saude_sistemicos\"><\/span>A c\u00e1rie n\u00e3o tratada pode causar problemas de sa\u00fade sist\u00eamicos?<span class=\"ez-toc-section-end\"><\/span><\/h3>\n<p>Infec\u00e7\u00f5es graves podem se espalhar e afetar a sa\u00fade card\u00edaca, o controle do diabetes e mais.<\/p>\n<h2><span class=\"ez-toc-section\" id=\"Como_criancas_e_adultos_experienciam_a_carie_de_forma_diferente\"><\/span>Como crian\u00e7as e adultos experienciam a c\u00e1rie de forma diferente?<span class=\"ez-toc-section-end\"><\/span><\/h2>\n<p style=\"text-align: center;\">\n<table id=\"tablepress-26\" class=\"tablepress tablepress-id-26\">\n<thead>\n<tr class=\"row-1\">\n\t<th class=\"column-1\">Factor<\/th><th class=\"column-2\">Children<\/th><th class=\"column-3\">Adults<\/th>\n<\/tr>\n<\/thead>\n<tbody class=\"row-striping row-hover\">\n<tr class=\"row-2\">\n\t<td class=\"column-1\">Enamel Thickness<\/td><td class=\"column-2\">Thin \u2192 Fast decay<\/td><td class=\"column-3\">Thicker \u2192 Slower progression<\/td>\n<\/tr>\n<tr class=\"row-3\">\n\t<td class=\"column-1\">Tooth Type<\/td><td class=\"column-2\">Baby teeth<\/td><td class=\"column-3\">Permanent teeth<\/td>\n<\/tr>\n<tr class=\"row-4\">\n\t<td class=\"column-1\">Common Caries Type<\/td><td class=\"column-2\">ECC, pit &amp; fissure caries<\/td><td class=\"column-3\">Root caries, recurrent decay<\/td>\n<\/tr>\n<tr class=\"row-5\">\n\t<td class=\"column-1\">Contributing Factors<\/td><td class=\"column-2\">Diet, poor hygiene, bottle feeding<\/td><td class=\"column-3\">Dry mouth, restorations, aging gums<\/td>\n<\/tr>\n<tr class=\"row-6\">\n\t<td class=\"column-1\">Treatment Focus<\/td><td class=\"column-2\">Prevention &amp; education<\/td><td class=\"column-3\">Repair, restoration, long-term care<\/td>\n<\/tr>\n<\/tbody>\n<\/table>\n<\/p>\n<h3><span class=\"ez-toc-section\" id=\"Por_que_a_carie_infantil_e_uma_preocupacao_comum\"><\/span>Por que a c\u00e1rie infantil \u00e9 uma preocupa\u00e7\u00e3o comum?<span class=\"ez-toc-section-end\"><\/span><\/h3>\n<p>Os dentes das crian\u00e7as s\u00e3o mais suscet\u00edveis devido ao esmalte mais fino e aos h\u00e1bitos alimentares.<\/p>\n<h3><span class=\"ez-toc-section\" id=\"Como_a_carie_progride_de_forma_diferente_em_adultos\"><\/span>Como a c\u00e1rie progride de forma diferente em adultos?<span class=\"ez-toc-section-end\"><\/span><\/h3>\n<p>Os adultos podem apresentar c\u00e1ries radiculares e uma progress\u00e3o mais lenta devido \u00e0s altera\u00e7\u00f5es na saliva.<\/p>\n<h3><span class=\"ez-toc-section\" id=\"A_carie_nos_dentes_de_leite_pode_afetar_os_dentes_permanentes\"><\/span>A c\u00e1rie nos dentes de leite pode afetar os dentes permanentes?<span class=\"ez-toc-section-end\"><\/span><\/h3>\n<p>Sim, a c\u00e1rie severa nos dentes de leite pode afetar o desenvolvimento e o alinhamento dos dentes permanentes.<\/p>\n<h2><span class=\"ez-toc-section\" id=\"Qual_o_papel_da_alimentacao_no_desenvolvimento_da_carie\"><\/span>Qual o papel da alimenta\u00e7\u00e3o no desenvolvimento da c\u00e1rie?<span class=\"ez-toc-section-end\"><\/span><\/h2>\n<p><strong>O consumo de a\u00e7\u00facar alimenta bact\u00e9rias<\/strong><\/p>\n<ul>\n<li style=\"font-weight: 400;\" aria-level=\"1\">Os a\u00e7\u00facares (especialmente sacarose) s\u00e3o fermentados por bact\u00e9rias orais<\/li>\n<li style=\"font-weight: 400;\" aria-level=\"1\">Isso produz \u00e1cido que desmineraliza o esmalte dent\u00e1rio<\/li>\n<\/ul>\n<p><strong>A frequ\u00eancia importa mais que a quantidade<\/strong><\/p>\n<ul>\n<li style=\"font-weight: 400;\" aria-level=\"1\">Lanches ou goles frequentes d\u00e3o mais tempo para as bact\u00e9rias produzirem \u00e1cido<\/li>\n<li style=\"font-weight: 400;\" aria-level=\"1\">A exposi\u00e7\u00e3o constante impede que o esmalte se repare<\/li>\n<\/ul>\n<p><strong>Alimentos pegajosos e processados s\u00e3o de alto risco<\/strong><\/p>\n<ul>\n<li style=\"font-weight: 400;\" aria-level=\"1\">Balas, frutas secas, chips e doces aderem aos dentes por mais tempo<\/li>\n<li style=\"font-weight: 400;\" aria-level=\"1\">Aumenta o tempo de exposi\u00e7\u00e3o ao \u00e1cido<\/li>\n<\/ul>\n<p><strong>Bebidas a\u00e7ucaradas e \u00e1cidas<\/strong><\/p>\n<ul>\n<li style=\"font-weight: 400;\" aria-level=\"1\">Refrigerantes, sucos e energ\u00e9ticos corroem o esmalte e alimentam bact\u00e9rias<\/li>\n<li style=\"font-weight: 400;\" aria-level=\"1\">At\u00e9 refrigerantes sem a\u00e7\u00facar podem prejudicar os dentes devido \u00e0 acidez<\/li>\n<\/ul>\n<p><strong>M\u00e1 nutri\u00e7\u00e3o afeta a sa\u00fade bucal<\/strong><\/p>\n<ul>\n<li style=\"font-weight: 400;\" aria-level=\"1\">A falta de vitaminas e minerais (como c\u00e1lcio, f\u00f3sforo e vitamina D) enfraquece o esmalte<\/li>\n<li style=\"font-weight: 400;\" aria-level=\"1\">Afeta a produ\u00e7\u00e3o de saliva e a sa\u00fade das gengivas<\/li>\n<\/ul>\n<p><strong>A \u00e1gua ajuda a proteger os dentes<\/strong><\/p>\n<ul>\n<li style=\"font-weight: 400;\" aria-level=\"1\">A \u00e1gua fluoretada fortalece o esmalte<\/li>\n<li style=\"font-weight: 400;\" aria-level=\"1\">Beber \u00e1gua ajuda a remover part\u00edculas de comida e \u00e1cidos<\/li>\n<\/ul>\n<p><strong>H\u00e1bitos alimentares protetores<\/strong><\/p>\n<ul>\n<li style=\"font-weight: 400;\" aria-level=\"1\">Escolha alimentos integrais (vegetais, latic\u00ednios, prote\u00ednas magras)<\/li>\n<li style=\"font-weight: 400;\" aria-level=\"1\">Limite lanches entre as refei\u00e7\u00f5es<\/li>\n<li style=\"font-weight: 400;\" aria-level=\"1\">Finalize as refei\u00e7\u00f5es com queijo ou nozes para neutralizar o \u00e1cido<\/li>\n<li style=\"font-weight: 400;\" aria-level=\"1\">Mascar chiclete sem a\u00e7\u00facar para aumentar o fluxo salivar<\/li>\n<\/ul>\n<h3><span class=\"ez-toc-section\" id=\"Como_os_lanches_e_bebidas_acucaradas_aumentam_o_risco_de_carie\"><\/span>Como os lanches e bebidas a\u00e7ucaradas aumentam o risco de c\u00e1rie?<span class=\"ez-toc-section-end\"><\/span><\/h3>\n<p>O consumo frequente de a\u00e7\u00facar alimenta bact\u00e9rias nocivas que produzem \u00e1cidos que corroem o esmalte.<\/p>\n<h3><span class=\"ez-toc-section\" id=\"O_consumo_frequente_de_lanches_contribui_para_a_carie\"><\/span>O consumo frequente de lanches contribui para a c\u00e1rie?<span class=\"ez-toc-section-end\"><\/span><\/h3>\n<p>Sim, lanches constantes mant\u00eam altos n\u00edveis de \u00e1cido, aumentando o risco de c\u00e1rie.<\/p>\n<h3><span class=\"ez-toc-section\" id=\"Como_a_fluoretacao_da_agua_ajuda_a_prevenir_a_carie\"><\/span>Como a fluoreta\u00e7\u00e3o da \u00e1gua ajuda a prevenir a c\u00e1rie?<span class=\"ez-toc-section-end\"><\/span><\/h3>\n<p>A \u00e1gua fluoretada fortalece o esmalte e reduz a c\u00e1rie na popula\u00e7\u00e3o.<\/p>\n<h2><span class=\"ez-toc-section\" id=\"Como_os_habitos_de_vida_influenciam_o_risco_de_carie\"><\/span>Como os h\u00e1bitos de vida influenciam o risco de c\u00e1rie?<span class=\"ez-toc-section-end\"><\/span><\/h2>\n<p><strong> Fumo e uso de tabaco<\/strong><\/p>\n<ul>\n<li style=\"font-weight: 400;\" aria-level=\"1\">Reduz o fluxo salivar e altera o equil\u00edbrio das bact\u00e9rias orais<\/li>\n<li style=\"font-weight: 400;\" aria-level=\"1\">Aumenta a forma\u00e7\u00e3o de placa e o risco de doen\u00e7as gengivais<\/li>\n<li style=\"font-weight: 400;\" aria-level=\"1\">Leva a maior incid\u00eancia de c\u00e1ries, especialmente radiculares<\/li>\n<\/ul>\n<p>Consumo de \u00e1lcool<\/p>\n<ul>\n<li style=\"font-weight: 400;\" aria-level=\"1\">O \u00e1lcool pode ressecar a boca (xerostomia), reduzindo a prote\u00e7\u00e3o da saliva<\/li>\n<li style=\"font-weight: 400;\" aria-level=\"1\">Muitas bebidas alco\u00f3licas s\u00e3o a\u00e7ucaradas ou \u00e1cidas, aumentando a eros\u00e3o do esmalte<\/li>\n<\/ul>\n<p><strong> H\u00e1bitos de higiene bucal inadequados<\/strong><\/p>\n<ul>\n<li style=\"font-weight: 400;\" aria-level=\"1\">Escova\u00e7\u00e3o e uso do fio irregular permitem que placa e bact\u00e9rias prosperem<\/li>\n<li style=\"font-weight: 400;\" aria-level=\"1\">Aumenta a produ\u00e7\u00e3o de \u00e1cido e o risco de c\u00e1rie<\/li>\n<\/ul>\n<p><strong> Escolhas alimentares<\/strong><\/p>\n<ul>\n<li style=\"font-weight: 400;\" aria-level=\"1\">O consumo frequente de alimentos e bebidas a\u00e7ucaradas, pegajosas ou \u00e1cidas alimenta bact\u00e9rias causadoras de c\u00e1rie<\/li>\n<\/ul>\n<p><strong> Sono e estresse<\/strong><\/p>\n<ul>\n<li style=\"font-weight: 400;\" aria-level=\"1\">O estresse pode levar a negligenciar os cuidados orais ou ao bruxismo (ranger dos dentes), que danifica o esmalte<\/li>\n<li style=\"font-weight: 400;\" aria-level=\"1\">O sono inadequado afeta a resposta imunol\u00f3gica, aumentando potencialmente o risco de infec\u00e7\u00e3o<\/li>\n<\/ul>\n<p><strong>Uso de medicamentos<\/strong><\/p>\n<ul>\n<li style=\"font-weight: 400;\" aria-level=\"1\">Certos medicamentos causam boca seca, reduzindo os efeitos protetores da saliva<\/li>\n<li style=\"font-weight: 400;\" aria-level=\"1\">Aumenta a suscetibilidade \u00e0 c\u00e1rie devido \u00e0 menor limpeza natural e tamponamento<\/li>\n<\/ul>\n<p><strong>Sa\u00fade geral e atividade f\u00edsica<\/strong><\/p>\n<ul>\n<li style=\"font-weight: 400;\" aria-level=\"1\">Boa sa\u00fade geral apoia a defesa imunol\u00f3gica e a repara\u00e7\u00e3o dos tecidos orais<\/li>\n<li style=\"font-weight: 400;\" aria-level=\"1\">Estilo de vida sedent\u00e1rio e m\u00e1 alimenta\u00e7\u00e3o podem aumentar indiretamente o risco de c\u00e1rie<\/li>\n<\/ul>\n<p><strong>Escolhas de estilo de vida positivas para reduzir o risco de c\u00e1ries<\/strong><\/p>\n<ul>\n<li style=\"font-weight: 400;\" aria-level=\"1\">Manter uma rotina consistente de higiene oral<\/li>\n<li style=\"font-weight: 400;\" aria-level=\"1\">Evitar tabaco e limitar o consumo de \u00e1lcool<\/li>\n<li style=\"font-weight: 400;\" aria-level=\"1\">Seguir uma dieta equilibrada e com baixo teor de a\u00e7\u00facar<\/li>\n<li style=\"font-weight: 400;\" aria-level=\"1\">Manter-se hidratado<\/li>\n<li style=\"font-weight: 400;\" aria-level=\"1\">Gerenciar o estresse e ter sono adequado<\/li>\n<li style=\"font-weight: 400;\" aria-level=\"1\">Visitas regulares ao dentista<\/li>\n<\/ul>\n<h3><span class=\"ez-toc-section\" id=\"Fumar_e_beber_alcool_podem_aumentar_o_risco_de_caries\"><\/span>Fumar e beber \u00e1lcool podem aumentar o risco de c\u00e1ries?<span class=\"ez-toc-section-end\"><\/span><\/h3>\n<p>Ambos ressecam a boca e prejudicam a cicatriza\u00e7\u00e3o, promovendo a c\u00e1rie.<\/p>\n<h3><span class=\"ez-toc-section\" id=\"Como_o_estresse_afeta_a_saude_bucal_e_as_caries\"><\/span>Como o estresse afeta a sa\u00fade bucal e as c\u00e1ries?<span class=\"ez-toc-section-end\"><\/span><\/h3>\n<p>O estresse pode reduzir o fluxo de saliva e enfraquecer a resposta imunol\u00f3gica, aumentando a vulnerabilidade.<\/p>\n<h3><span class=\"ez-toc-section\" id=\"Bebidas_esportivas_e_energeticas_podem_levar_a_taxas_mais_altas_de_caries\"><\/span>Bebidas esportivas e energ\u00e9ticas podem levar a taxas mais altas de c\u00e1ries?<span class=\"ez-toc-section-end\"><\/span><\/h3>\n<p>Seus altos n\u00edveis de a\u00e7\u00facar e acidez aumentam a eros\u00e3o do esmalte e o risco de c\u00e1ries.<\/p>\n<h2><span class=\"ez-toc-section\" id=\"Qual_e_o_futuro_do_tratamento_e_prevencao_de_caries\"><\/span>Qual \u00e9 o futuro do tratamento e preven\u00e7\u00e3o de c\u00e1ries?<span class=\"ez-toc-section-end\"><\/span><\/h2>\n<p><strong>Cuidados minimamente invasivos e preventivos<\/strong><\/p>\n<ul>\n<li style=\"font-weight: 400;\" aria-level=\"1\">\u00canfase na detec\u00e7\u00e3o precoce e no tratamento de c\u00e1ries antes que se formem cavidades<\/li>\n<li style=\"font-weight: 400;\" aria-level=\"1\">Uso de vernizes de fl\u00faor, selantes e agentes desmineralizantes para reverter c\u00e1ries iniciais<\/li>\n<\/ul>\n<p><strong>Ferramentas de diagn\u00f3stico avan\u00e7adas<\/strong><\/p>\n<ul>\n<li style=\"font-weight: 400;\" aria-level=\"1\">Dispositivos de imagem e detec\u00e7\u00e3o \u00f3ptica alimentados por IA para identificar c\u00e1ries mais cedo e com maior precis\u00e3o<\/li>\n<li style=\"font-weight: 400;\" aria-level=\"1\">Ferramentas port\u00e1teis e de cadeira para diagn\u00f3stico em tempo real<\/li>\n<\/ul>\n<p><strong>Odontologia regenerativa<\/strong><\/p>\n<ul>\n<li style=\"font-weight: 400;\" aria-level=\"1\">Pesquisa em terapias com c\u00e9lulas-tronco e biomateriais para regenerar estruturas dent\u00e1rias danificadas<\/li>\n<li style=\"font-weight: 400;\" aria-level=\"1\">Potencial para crescimento de dentina ou esmalte para reparar dentes naturalmente<\/li>\n<\/ul>\n<p><strong>Materiais dent\u00e1rios inteligentes<\/strong><\/p>\n<ul>\n<li style=\"font-weight: 400;\" aria-level=\"1\">Desenvolvimento de materiais restauradores bioativos e antibacterianos que ajudam a prevenir a recorr\u00eancia de c\u00e1ries<\/li>\n<li style=\"font-weight: 400;\" aria-level=\"1\">Materiais que liberam fl\u00faor ou outros agentes protetores ao longo do tempo<\/li>\n<\/ul>\n<p><strong>Terapia a laser e fotodin\u00e2mica<\/strong><\/p>\n<ul>\n<li style=\"font-weight: 400;\" aria-level=\"1\">Uso mais amplo de tratamentos a laser para remover c\u00e1ries sem dor e desinfetar os dentes<\/li>\n<li style=\"font-weight: 400;\" aria-level=\"1\">Terapia fotodin\u00e2mica para atingir bact\u00e9rias com agentes ativados por luz<\/li>\n<\/ul>\n<p><strong>Cuidados orais personalizados<\/strong><\/p>\n<ul>\n<li style=\"font-weight: 400;\" aria-level=\"1\">Uso de perfil gen\u00e9tico e do microbioma para personalizar planos de preven\u00e7\u00e3o e tratamento<\/li>\n<li style=\"font-weight: 400;\" aria-level=\"1\">Produtos de higiene oral adaptados com base em fatores de risco individuais<\/li>\n<\/ul>\n<p><strong>Teleodontologia e monitoramento remoto<\/strong><\/p>\n<ul>\n<li style=\"font-weight: 400;\" aria-level=\"1\">Consultas virtuais e monitoramento remoto da sa\u00fade oral<\/li>\n<li style=\"font-weight: 400;\" aria-level=\"1\">Maior acesso aos cuidados e interven\u00e7\u00e3o precoce, especialmente em \u00e1reas carentes<\/li>\n<\/ul>\n<p><strong>Inova\u00e7\u00f5es em sa\u00fade p\u00fablica e educa\u00e7\u00e3o<\/strong><\/p>\n<ul>\n<li style=\"font-weight: 400;\" aria-level=\"1\">Campanhas de conscientiza\u00e7\u00e3o e programas comunit\u00e1rios aprimorados<\/li>\n<li style=\"font-weight: 400;\" aria-level=\"1\">Integra\u00e7\u00e3o da sa\u00fade bucal com iniciativas de sa\u00fade geral<\/li>\n<\/ul>\n<h3><span class=\"ez-toc-section\" id=\"Como_a_IA_e_usada_na_deteccao_de_caries\"><\/span>Como a IA \u00e9 usada na detec\u00e7\u00e3o de c\u00e1ries?<span class=\"ez-toc-section-end\"><\/span><\/h3>\n<p>A IA ajuda a analisar radiografias para detec\u00e7\u00e3o precoce de c\u00e1ries com alta precis\u00e3o.<\/p>\n<h3><span class=\"ez-toc-section\" id=\"A_odontologia_regenerativa_pode_reparar_dentes_danificados_por_caries\"><\/span>A odontologia regenerativa pode reparar dentes danificados por c\u00e1ries?<span class=\"ez-toc-section-end\"><\/span><\/h3>\n<p>T\u00e9cnicas emergentes visam regenerar esmalte e dentina naturalmente.<\/p>\n<h3><span class=\"ez-toc-section\" id=\"A_nanotecnologia_e_os_biomateriais_estao_mudando_o_tratamento_de_caries\"><\/span>A nanotecnologia e os biomateriais est\u00e3o mudando o tratamento de c\u00e1ries?<span class=\"ez-toc-section-end\"><\/span><\/h3>\n<p>Sim, eles oferecem terapias direcionadas para reparo do esmalte e preven\u00e7\u00e3o de c\u00e1ries. <a href=\"https:\/\/wa.me\/+905451016000\" target=\"_blank\" rel=\"noopener noreferrer nofollow\"><img fetchpriority=\"high\" decoding=\"async\" class=\"aligncenter wp-image-50264 size-full\" src=\"https:\/\/dev.dev.vitrinclinic.com\/wp-content\/uploads\/2025\/09\/CTA-3.webp\" alt=\"CTA 3\" width=\"700\" height=\"250\" srcset=\"https:\/\/dev.vitrinclinic.com\/wp-content\/uploads\/2025\/09\/CTA-3.webp 700w, https:\/\/dev.vitrinclinic.com\/wp-content\/uploads\/2025\/09\/CTA-3-300x107.webp 300w, https:\/\/dev.vitrinclinic.com\/wp-content\/uploads\/2025\/09\/CTA-3-18x6.webp 18w, https:\/\/dev.vitrinclinic.com\/wp-content\/uploads\/2025\/09\/CTA-3-370x132.webp 370w, https:\/\/dev.vitrinclinic.com\/wp-content\/uploads\/2025\/09\/CTA-3-410x146.webp 410w, https:\/\/dev.vitrinclinic.com\/wp-content\/uploads\/2025\/09\/CTA-3-600x214.webp 600w\" sizes=\"(max-width: 700px) 100vw, 700px\" \/><\/a> [sc_fs_multi_faq headline-0=&#8221;h3&#8243; question-0=&#8221;Qual \u00e9 a diferen\u00e7a entre c\u00e1ries e cavidades?&#8221; answer-0=&#8221;C\u00e1ries \u00e9 o processo de deteriora\u00e7\u00e3o do dente, enquanto cavidades s\u00e3o os buracos formados como resultado.&#8221; image-0=&#8221;&#8221; headline-1=&#8221;h3&#8243; question-1=&#8221;C\u00e1ries podem cicatrizar sem tratamento?&#8221; answer-1=&#8221;C\u00e1ries em est\u00e1gio inicial podem ser revertidas com fl\u00faor e boa higiene oral, mas c\u00e1ries avan\u00e7adas requerem tratamento.&#8221; image-1=&#8221;&#8221; headline-2=&#8221;h3&#8243; question-2=&#8221;Quanto tempo leva para uma c\u00e1rie se desenvolver?&#8221; answer-2=&#8221;C\u00e1ries podem se desenvolver ao longo de meses ou anos, dependendo da higiene oral e da dieta.&#8221; image-2=&#8221;&#8221; headline-3=&#8221;h3&#8243; question-3=&#8221;C\u00e1ries s\u00e3o contagiosas entre pessoas?&#8221; answer-3=&#8221;Bact\u00e9rias causadoras de c\u00e1ries podem ser transferidas, especialmente de pais para filhos.&#8221; image-3=&#8221;&#8221; headline-4=&#8221;h3&#8243; question-4=&#8221;O tratamento de c\u00e1ries \u00e9 doloroso?&#8221; answer-4=&#8221;A odontologia moderna usa anestesia, tornando o tratamento confort\u00e1vel.&#8221; image-4=&#8221;&#8221; headline-5=&#8221;h3&#8243; question-5=&#8221;Quanto custa o tratamento de c\u00e1ries na Turquia?&#8221; answer-5=&#8221;Os custos variam conforme o tipo de tratamento, mas geralmente s\u00e3o acess\u00edveis em compara\u00e7\u00e3o com Europa e EUA.&#8221; image-5=&#8221;&#8221; headline-6=&#8221;h3&#8243; question-6=&#8221;C\u00e1ries podem voltar ap\u00f3s o tratamento?&#8221; answer-6=&#8221;Sim, se a higiene oral e a dieta n\u00e3o forem mantidas.&#8221; image-6=&#8221;&#8221; headline-7=&#8221;h3&#8243; question-7=&#8221;Qual \u00e9 a melhor forma de proteger as crian\u00e7as das c\u00e1ries?&#8221; answer-7=&#8221;Visitas regulares ao dentista, escova\u00e7\u00e3o adequada, limitar a\u00e7\u00facar e tratamentos com fl\u00faor.&#8221; image-7=&#8221;&#8221; headline-8=&#8221;h3&#8243; question-8=&#8221;Como os dentistas decidem entre obtura\u00e7\u00f5es e tratamento de canal para c\u00e1ries?&#8221; answer-8=&#8221;Depende da profundidade da c\u00e1rie e do envolvimento da polpa; canal se a infec\u00e7\u00e3o atingir o nervo.&#8221; image-8=&#8221;&#8221; headline-9=&#8221;h3&#8243; question-9=&#8221;A odontologia a laser \u00e9 uma solu\u00e7\u00e3o permanente para c\u00e1ries?&#8221; answer-9=&#8221;O tratamento a laser \u00e9 eficaz, mas requer boa higiene oral para prevenir recorr\u00eancias.&#8221; image-9=&#8221;&#8221; count=&#8221;10&#8243; html=&#8221;true&#8221; css_class=&#8221;&#8221;]<\/p>\n","protected":false},"excerpt":{"rendered":"<p>O que \u00e9 c\u00e1rie e por que \u00e9 um problema dent\u00e1rio s\u00e9rio? A c\u00e1rie, comumente conhecida como c\u00e1rie dent\u00e1ria ou cavidades, \u00e9 uma doen\u00e7a dent\u00e1ria progressiva que danifica a estrutura&hellip;<\/p>\n","protected":false},"author":34,"featured_media":56727,"comment_status":"open","ping_status":"open","sticky":false,"template":"","format":"standard","meta":{"iawp_total_views":0,"footnotes":""},"categories":[350],"tags":[],"class_list":["post-56716","post","type-post","status-publish","format-standard","has-post-thumbnail","hentry","category-sem-categoria"],"_wp_old_slugs":["what-is-caries-and-how-can-it-be-treated-in-turkey-in-2026-pt-pt"],"rank_math_title":"","rank_math_description":"","rank_math_focus_keyword":"","_links":{"self":[{"href":"https:\/\/dev.vitrinclinic.com\/pt-pt\/wp-json\/wp\/v2\/posts\/56716","targetHints":{"allow":["GET"]}}],"collection":[{"href":"https:\/\/dev.vitrinclinic.com\/pt-pt\/wp-json\/wp\/v2\/posts"}],"about":[{"href":"https:\/\/dev.vitrinclinic.com\/pt-pt\/wp-json\/wp\/v2\/types\/post"}],"author":[{"embeddable":true,"href":"https:\/\/dev.vitrinclinic.com\/pt-pt\/wp-json\/wp\/v2\/users\/34"}],"replies":[{"embeddable":true,"href":"https:\/\/dev.vitrinclinic.com\/pt-pt\/wp-json\/wp\/v2\/comments?post=56716"}],"version-history":[{"count":0,"href":"https:\/\/dev.vitrinclinic.com\/pt-pt\/wp-json\/wp\/v2\/posts\/56716\/revisions"}],"wp:featuredmedia":[{"embeddable":true,"href":"https:\/\/dev.vitrinclinic.com\/pt-pt\/wp-json\/wp\/v2\/media\/56727"}],"wp:attachment":[{"href":"https:\/\/dev.vitrinclinic.com\/pt-pt\/wp-json\/wp\/v2\/media?parent=56716"}],"wp:term":[{"taxonomy":"category","embeddable":true,"href":"https:\/\/dev.vitrinclinic.com\/pt-pt\/wp-json\/wp\/v2\/categories?post=56716"},{"taxonomy":"post_tag","embeddable":true,"href":"https:\/\/dev.vitrinclinic.com\/pt-pt\/wp-json\/wp\/v2\/tags?post=56716"}],"curies":[{"name":"wp","href":"https:\/\/api.w.org\/{rel}","templated":true}]}}