{"id":100172,"date":"2026-01-31T19:24:37","date_gmt":"2026-01-31T16:24:37","guid":{"rendered":"https:\/\/dev.vitrinclinic.com\/es\/camila-cabello-smile-secrets-behind-her-stunning-smile-tr\/"},"modified":"2026-02-01T18:55:29","modified_gmt":"2026-02-01T15:55:29","slug":"camila-cabello-smile","status":"publish","type":"post","link":"https:\/\/dev.vitrinclinic.com\/tr\/camila-cabello-smile\/","title":{"rendered":"Camila Cabello G\u00fcl\u00fc\u015f\u00fcn\u00fcn S\u0131rlar\u0131: Muhte\u015fem G\u00fcl\u00fc\u015f\u00fcn\u00fcn Arkas\u0131ndaki Ger\u00e7ek"},"content":{"rendered":"<p><span style=\"font-weight: 400;\">Camila Cabello&#8217;nun g\u00fcl\u00fcmsemesi, K\u00fcba as\u0131ll\u0131 Amerikal\u0131 pop y\u0131ld\u0131z\u0131n\u0131n en b\u00fcy\u00fcleyici ve hayranl\u0131k uyand\u0131ran \u00f6zelliklerinden biri haline geldi ve neredeyse on y\u0131ld\u0131r d\u00fcnya \u00e7ap\u0131ndaki izleyicileri b\u00fcy\u00fcl\u00fcyor. Bu parlak Camila Cabello g\u00fcl\u00fcmsemesi, s\u0131cakl\u0131\u011f\u0131n\u0131, otantikli\u011fini ve onu k\u0131z grubundan solo s\u00fcperstarl\u0131\u011fa ta\u015f\u0131yan \u00f6zg\u00fcveni yans\u0131t\u0131yor. Bu kapsaml\u0131 rehber, g\u00fcl\u00fcmsemesinin evrimini, \u015f\u00f6hrete y\u00fckseli\u015fi boyunca olas\u0131 Camila Cabello di\u015f \u00e7al\u0131\u015fmalar\u0131n\u0131 ve modern hayranlar\u0131n Vitrin Clinic gibi \u00f6nde gelen tesislerde deneyimli uzmanlar\u0131n profesyonel rehberli\u011fiyle ileri di\u015f prosed\u00fcrleri ve \u00f6zenli a\u011f\u0131z bak\u0131m\u0131 yoluyla benzer parlak, \u00f6zg\u00fcvenli g\u00fcl\u00fcmsemelere bug\u00fcn nas\u0131l ula\u015fabilece\u011fini inceliyor.<\/span><\/p>\n<h2><span class=\"ez-toc-section\" id=\"Camila_Cabello_Disleri_Oncesi_ve_Sonrasi\"><\/span><b>Camila Cabello Di\u015fleri \u00d6ncesi ve Sonras\u0131<\/b><span class=\"ez-toc-section-end\"><\/span><\/h2>\n<p><span style=\"font-weight: 400;\">Camila Cabello di\u015fleri \u00f6ncesi ve sonras\u0131 d\u00f6n\u00fc\u015f\u00fcm\u00fc ince fakat dikkat \u00e7ekicidir; gen\u00e7likten cilal\u0131 uluslararas\u0131 sanat\u00e7\u0131ya ge\u00e7i\u015fini yans\u0131t\u0131r. Erken foto\u011fraflar\u0131 do\u011fal \u00e7ekici bir g\u00fcl\u00fcmsemeyi g\u00f6sterirken y\u0131llar i\u00e7inde olgunla\u015fma ve muhtemel profesyonel bak\u0131m yoluyla rafine edilmi\u015ftir. Kar\u015f\u0131la\u015ft\u0131rma parlakl\u0131k, hizalama ve genel estetik kalitede iyile\u015fmeler ortaya koyar; y\u00fckselen y\u0131ld\u0131zl\u0131\u011f\u0131 ve artan medya varl\u0131\u011f\u0131n\u0131 tamamlar. Bu evrim, stratejik di\u015f bak\u0131m\u0131n\u0131n otantik karakteri korurken do\u011fal \u00f6zellikleri nas\u0131l geli\u015ftirebilece\u011fini g\u00f6sterir ve onu ili\u015fkilendirilebilir k\u0131lar.<\/span><\/p>\n<h3><span class=\"ez-toc-section\" id=\"Erken_Gulumseme_ve_Dogal_Gorunum\"><\/span><b>Erken G\u00fcl\u00fcmseme ve Do\u011fal G\u00f6r\u00fcn\u00fcm<\/b><span class=\"ez-toc-section-end\"><\/span><\/h3>\n<p><span style=\"font-weight: 400;\">Camila Cabello&#8217;nun X Factor g\u00fcnlerindeki erken g\u00fcl\u00fcmsemesi, kom\u015fu k\u0131z\u0131 \u00e7ekicili\u011fine katk\u0131da bulunan gen\u00e7lik cazibesi ve do\u011fal \u00f6zelliklerle doluydu. Di\u015fleri kapsaml\u0131 profesyonel stilin gerekli hale gelmedi\u011fi d\u00f6nemde tipik gen\u00e7lik varyasyonlar\u0131 g\u00f6steriyordu. Bu samimi nitelik gen\u00e7 izleyicilerle ba\u011flant\u0131s\u0131n\u0131 g\u00fc\u00e7lendirdi; yapay geli\u015ftirmeden uzak, iddias\u0131z ki\u015fili\u011fini ve do\u011fal g\u00fczelli\u011fini takdir edenler i\u00e7in. Erken Camila Cabello g\u00fcl\u00fcmsemesi K\u00fcba k\u00f6kenlerini ve ger\u00e7ek ki\u015fili\u011fini yans\u0131t\u0131r; reality televizyonda \u00e7\u0131k\u0131\u015f yapt\u0131\u011f\u0131 d\u00f6nemde dikkat \u00e7ekti.<\/span><\/p>\n<h3><span class=\"ez-toc-section\" id=\"Dis_Calismalari_ve_Gulumseme_Donusumu\"><\/span><b>Di\u015f \u00c7al\u0131\u015fmalar\u0131 ve G\u00fcl\u00fcmseme D\u00f6n\u00fc\u015f\u00fcm\u00fc<\/b><span class=\"ez-toc-section-end\"><\/span><\/h3>\n<p><span style=\"font-weight: 400;\">Camila Cabello di\u015f \u00e7al\u0131\u015fmalar\u0131 dramatik, bariz de\u011fi\u015fiklikler yaratmadan do\u011fal g\u00fcl\u00fcmsemesini geli\u015ftiren muhafazakar ve d\u00fc\u015f\u00fcnceli g\u00f6r\u00fcn\u00fcr. Sekt\u00f6r g\u00f6zlemcileri performanslar i\u00e7in kameraya haz\u0131r g\u00f6r\u00fcn\u00fcm\u00fc sa\u011flayan beyazlatma, olas\u0131 ortodontik rafinasyon ve d\u00fczenli bak\u0131m gibi potansiyel profesyonel tedavileri not eder. Herhangi bir m\u00fcdahale y\u00fcksek \u00e7\u00f6z\u00fcn\u00fcrl\u00fckl\u00fc kameralar i\u00e7in g\u00fcl\u00fcmsemesini optimize ederken hayranlar\u0131n takdir etti\u011fi s\u0131cak, otantik niteli\u011fi korur. Bu dengeli yakla\u015f\u0131m, profesyonel di\u015f bak\u0131m\u0131n\u0131n kariyer taleplerini desteklerken \u00e7ekicili\u011finin merkezinde kalan samimi karakteri nas\u0131l korudu\u011funu g\u00f6sterir.<\/span><\/p>\n<h4><span class=\"ez-toc-section\" id=\"Yillar_Icinde_Gulumsemesi_Nasil_Degisti\"><\/span><b>Y\u0131llar \u0130\u00e7inde G\u00fcl\u00fcmsemesi Nas\u0131l De\u011fi\u015fti?<\/b><span class=\"ez-toc-section-end\"><\/span><\/h4>\n<p><span style=\"font-weight: 400;\">Y\u0131llar boyunca Camila Cabello g\u00fcl\u00fcmsemesi gen\u00e7lik g\u00f6r\u00fcn\u00fcm\u00fcnden y\u0131ld\u0131zl\u0131\u011fa uygun daha cilal\u0131, rafine bir g\u00f6r\u00fcn\u00fcme evrildi. De\u011fi\u015fiklikler aras\u0131nda geli\u015ftirilmi\u015f parlakl\u0131k, art\u0131r\u0131lm\u0131\u015f tekd\u00fczelik ve olas\u0131 k\u00fc\u00e7\u00fck hizalama d\u00fczeltmeleri yer al\u0131r; profesyonel bak\u0131m ve do\u011fal olgunla\u015fma yoluyla. Bu modifikasyonlar dramatik de\u011fil kademeli g\u00f6r\u00fcn\u00fcr; otantikli\u011fi tehlikeye atabilecek ani kozmetik de\u011fi\u015fiklikten ziyade d\u00fc\u015f\u00fcnceli geli\u015ftirmeyi \u00f6nerir. Evrim sanatsal b\u00fcy\u00fcmesini yans\u0131t\u0131r; artan \u00f6zg\u00fcven ve profesyonelli\u011fi g\u00f6sterirken ki\u015fili\u011fini tan\u0131mlayan samimi s\u0131cakl\u0131\u011f\u0131 korur.<\/span><\/p>\n<h2><span class=\"ez-toc-section\" id=\"Camila_Cabello_Dis_Calismalari\"><\/span><b>Camila Cabello Di\u015f \u00c7al\u0131\u015fmalar\u0131<\/b><span class=\"ez-toc-section-end\"><\/span><\/h2>\n<p><span style=\"font-weight: 400;\">Camila Cabello di\u015f \u00e7al\u0131\u015fmalar\u0131 hakk\u0131nda kamuoyuna do\u011frulanm\u0131\u015f \u00f6zel detaylar olmasa da g\u00f6r\u00fcn\u00fcr iyile\u015fmeler kariyeri boyunca profesyonel kozmetik di\u015f bak\u0131m\u0131 \u00f6nerir. Rafine g\u00fcl\u00fcmsemesi modern kozmetik di\u015f hekimli\u011fiyle tutarl\u0131 \u00f6zellikler sergiler; olas\u0131 beyazlatma, bonding ve optimal g\u00f6r\u00fcn\u00fcm i\u00e7in ortodontik rafinasyonlar. \u00c7al\u0131\u015fmalar dramatik yapay m\u00fckemmellik yaratmak yerine do\u011fal g\u00fczelli\u011fi geli\u015ftirme odakl\u0131 ince g\u00f6r\u00fcn\u00fcr. Bu yakla\u015f\u0131m g\u00fcncel trendlerle uyumludur; bireysel ki\u015filik ve ay\u0131rt edici karakteri g\u00f6lgelemeden do\u011fal g\u00f6r\u00fcn\u00fcml\u00fc geli\u015ftirmeleri tercih eder.<\/span><\/p>\n<h3><span class=\"ez-toc-section\" id=\"Kozmetik_Dis_Hekimligi_Prosedurleri\"><\/span><b>Kozmetik Di\u015f Hekimli\u011fi Prosed\u00fcrleri<\/b><span class=\"ez-toc-section-end\"><\/span><\/h3>\n<p><span style=\"font-weight: 400;\">\u00dcnl\u00fcler taraf\u0131ndan yayg\u0131n kullan\u0131lan kozmetik di\u015f hekimli\u011fi prosed\u00fcrleri aras\u0131nda renk de\u011fi\u015fimi, k\u00fc\u00e7\u00fck hizas\u0131zl\u0131k, \u00e7atlak, bo\u015fluk ve di\u011fer kusurlar\u0131 ele alan profesyonel beyazlatma, porselen veneer&#8217;lar, bonding ve \u015feffaf plaklar yer al\u0131r. Bu tedaviler profesyonel kameralar ve \u0131\u015f\u0131k alt\u0131nda b\u00fcy\u00fct\u00fclen kusurlar\u0131 giderir. Camila Cabello g\u00fcl\u00fcmseme d\u00f6n\u00fc\u015f\u00fcm\u00fc muhtemelen belirli endi\u015feleri ele alan se\u00e7ici tedavileri i\u00e7erir; do\u011fal di\u015f yap\u0131s\u0131n\u0131 ve otantik g\u00fcl\u00fcmseme karakterini korur. Modern kozmetik di\u015f hekimli\u011fi \u00e7e\u015fitli y\u00fcz yap\u0131lar\u0131na uygun \u00f6zelle\u015ftirilmi\u015f yakla\u015f\u0131mlar sunar ve jenerik standartlar dayatmaz.<\/span><\/p>\n<h3><span class=\"ez-toc-section\" id=\"Braketler_Invisalign_veya_Diger_Tedaviler\"><\/span><b>Braketler, Invisalign veya Di\u011fer Tedaviler<\/b><span class=\"ez-toc-section-end\"><\/span><\/h3>\n<p><span style=\"font-weight: 400;\">Camila Cabello&#8217;nun braket, Invisalign veya di\u011fer ortodontik tedaviler kullan\u0131p kullanmad\u0131\u011f\u0131 do\u011frulanmam\u0131\u015f olsa da geli\u015ftirilmi\u015f hizalama ergenlik d\u00f6neminde olas\u0131 profesyonel m\u00fcdahaleyi \u00f6nerir. Invisalign gibi \u015feffaf plaklar performanslar ve halka a\u00e7\u0131k g\u00f6r\u00fcn\u00fc\u015flerde neredeyse g\u00f6r\u00fcnmez olduklar\u0131 i\u00e7in gen\u00e7 sanat\u00e7\u0131lar aras\u0131nda pop\u00fclerdir. Ortodontik tedavi varsa muhtemelen gen\u00e7lik y\u0131llar\u0131nda ger\u00e7ekle\u015fti ve solo kariyerinde kusursuz g\u00f6r\u00fcn\u00fcm talep edilmeden \u00f6nce k\u00fc\u00e7\u00fck hizalama sorunlar\u0131n\u0131 d\u00fczeltti. Bu tedaviler g\u00fcn\u00fcm\u00fczdeki g\u00fcl\u00fcmsemesinin temelini olu\u015fturur ve ek kozmetik geli\u015ftirmeler i\u00e7in uygun zemin haz\u0131rlar.<\/span><\/p>\n<h4><span class=\"ez-toc-section\" id=\"Dis_Beyazlatma_ve_Veneerlar\"><\/span><b>Di\u015f Beyazlatma ve Veneer&#8217;lar<\/b><span class=\"ez-toc-section-end\"><\/span><\/h4>\n<p><span style=\"font-weight: 400;\">Profesyonel di\u015f beyazlatma ve veneer&#8217;lar bug\u00fcn Camila Cabello g\u00fcl\u00fcmsemesinin karakteristik parlak parlakl\u0131\u011f\u0131n\u0131 elde etmek i\u00e7in iki temel se\u00e7enektir. Beyazlatma tedavileri do\u011fal di\u015f minesini a\u00e7arken veneer&#8217;lar renk, \u015fekil ve hizalamada daha kapsaml\u0131 d\u00f6n\u00fc\u015f\u00fcm sa\u011flar. G\u00fcl\u00fcmsemesi tam a\u011f\u0131z restorasyonundan ziyade profesyonel beyazlatma veya se\u00e7ili di\u015flerde muhafazakar veneer&#8217;larla uyumlu g\u00f6r\u00fcn\u00fcr. Bu se\u00e7ici yakla\u015f\u0131m otantik karakteri korurken uluslararas\u0131 pop y\u0131ld\u0131zlar\u0131ndan beklenen yo\u011fun \u0131\u015f\u0131k alt\u0131nda kameraya haz\u0131r parlakl\u0131\u011f\u0131 elde eder.<\/span><\/p>\n<h2><span class=\"ez-toc-section\" id=\"Camila_Cabello_Gulumseme_Donusumu\"><\/span><b>Camila Cabello G\u00fcl\u00fcmseme D\u00f6n\u00fc\u015f\u00fcm\u00fc<\/b><span class=\"ez-toc-section-end\"><\/span><\/h2>\n<p><span style=\"font-weight: 400;\">Camila Cabello g\u00fcl\u00fcmseme d\u00f6n\u00fc\u015f\u00fcm\u00fc, reality \u015fov yar\u0131\u015fmac\u0131s\u0131ndan Grammy adayl\u0131\u011f\u0131 olan solo sanat\u00e7\u0131 ve k\u00fclt\u00fcrel etkileyiciye uzanan daha geni\u015f evrimini yans\u0131t\u0131r. G\u00fcl\u00fcmsemesi m\u00fczik ve halka a\u00e7\u0131k ki\u015fili\u011fiyle olgunla\u015f\u0131rken otantikli\u011fini korudu ve stat\u00fcs\u00fcne uygun artan cilay\u0131 sergiledi. D\u00f6n\u00fc\u015f\u00fcm, g\u00fcl\u00fcmsemelerin ki\u015fisel b\u00fcy\u00fcme, profesyonel ba\u015far\u0131 ve artan \u00f6zg\u00fcveni yans\u0131tarak temel karakteri kaybetmeden nas\u0131l evrilebilece\u011fini g\u00f6sterir. Bu do\u011fal ilerleme sanatsal yolculu\u011fuyla uyumludur; otantikli\u011fe ba\u011fl\u0131l\u0131\u011f\u0131n\u0131 korurken beklenen profesyonel standartlar\u0131 kucaklar.<\/span><\/p>\n<h3><span class=\"ez-toc-section\" id=\"Cocukluktan_Unlu_Gulumsemesine\"><\/span><b>\u00c7ocukluktan \u00dcnl\u00fc G\u00fcl\u00fcmsemesine<\/b><span class=\"ez-toc-section-end\"><\/span><\/h3>\n<p><span style=\"font-weight: 400;\">Camila Cabello&#8217;nun \u00e7ocukluktan \u00fcnl\u00fc g\u00fcl\u00fcmsemesine yolculu\u011fu do\u011fal di\u015f geli\u015fimini ve bi\u00e7imlendirici y\u0131llarda olas\u0131 profesyonel bak\u0131m\u0131 g\u00f6sterir. K\u00fcba g\u00f6\u00e7meni \u00e7ocuktan Amerikal\u0131 pop y\u0131ld\u0131za ge\u00e7i\u015fi sadece m\u00fczikal b\u00fcy\u00fcme de\u011fil ki\u015fisel sunum rafinasyonunu da i\u00e7erir. Erken X Factor g\u00f6r\u00fcn\u00fc\u015flerinden g\u00fcn\u00fcm\u00fczdeki k\u0131rm\u0131z\u0131 hal\u0131 etkinliklerine g\u00fcl\u00fcmseme d\u00f6n\u00fc\u015f\u00fcm\u00fc hem do\u011fal hem stratejik dramatik olgunla\u015fma g\u00f6sterir. Bu evrim ergenlik ve gen\u00e7 yeti\u015fkinlikte uygun di\u015f bak\u0131m\u0131n\u0131n \u00f6zg\u00fcvenli, g\u00fczel g\u00fcl\u00fcmsemeler i\u00e7in temel olu\u015fturdu\u011funu g\u00f6sterir.<\/span><\/p>\n<h3><span class=\"ez-toc-section\" id=\"Gulumsemesinin_Halk_Imajindaki_Etkisi\"><\/span><b>G\u00fcl\u00fcmsemesinin Halk \u0130maj\u0131ndaki Etkisi<\/b><span class=\"ez-toc-section-end\"><\/span><\/h3>\n<p><span style=\"font-weight: 400;\">Camila Cabello g\u00fcl\u00fcmsemesi halk imaj\u0131n\u0131 \u00f6nemli \u00f6l\u00e7\u00fcde etkiler; s\u00fcperstar stat\u00fcs\u00fcne ra\u011fmen s\u0131cak, ula\u015f\u0131labilir ve samimi \u00fcn\u00fcne katk\u0131da bulunur. Performanslarda samimi duygu iletir ve izleyicilere kameralar i\u00e7in \u00fcretilmi\u015f e\u011flenceden ziyade ger\u00e7ek ba\u011flant\u0131 hissettirir. Bu otantik nitelik marka kimli\u011finin bir par\u00e7as\u0131 haline geldi ve daha hesaplanm\u0131\u015f, m\u00fckemmel sunumlara sahip sanat\u00e7\u0131lardan ay\u0131r\u0131r. G\u00fcl\u00fcmsemesinin etkisi esteti\u011fin \u00f6tesine uzan\u0131r; hayranlar\u0131n ki\u015fili\u011fini, de\u011ferlerini ve ili\u015fkilendirilebilirli\u011fini nas\u0131l alg\u0131lad\u0131\u011f\u0131n\u0131 \u015fekillendirir.<\/span><br \/>\n&nbsp;<\/p>\n<h4><span class=\"ez-toc-section\" id=\"Kirmizi_Hali_Anlari_ve_Medya_One_Cikanlari\"><\/span><b>K\u0131rm\u0131z\u0131 Hal\u0131 Anlar\u0131 ve Medya \u00d6ne \u00c7\u0131kanlar\u0131<\/b><span class=\"ez-toc-section-end\"><\/span><\/h4>\n<p><span style=\"font-weight: 400;\">K\u0131rm\u0131z\u0131 hal\u0131 anlar\u0131 ve medya \u00f6ne \u00e7\u0131kanlar\u0131 Camila Cabello g\u00fcl\u00fcmsemesini g\u00f6steri\u015fli fakat ula\u015f\u0131labilir imaj\u0131n\u0131n merkezi \u00f6zelli\u011fi olarak s\u00fcrekli sergiler. G\u00fcl\u00fcmsemesi profesyonel \u0131\u015f\u0131k alt\u0131nda g\u00fczel foto\u011fraf \u00e7eker; hem y\u0131ld\u0131z kalitesini hem de \u00e7e\u015fitli izleyicileri kendine \u00e7eken samimi s\u0131cakl\u0131\u011f\u0131 iletir. Bu yakalanan anlar halka a\u00e7\u0131k ki\u015fili\u011fine katk\u0131da bulunur; profesyonel cilay\u0131 otantik ki\u015filikle ba\u015far\u0131yla dengeleyen bir sanat\u00e7\u0131 olarak. G\u00fcl\u00fcmsemesinin medyada tutarl\u0131 varl\u0131\u011f\u0131 genel marka ve halk alg\u0131s\u0131ndaki \u00f6nemini g\u00f6sterir; ili\u015fkilendirilebilir bir s\u00fcperstar olarak.<\/span><\/p>\n<h2><span class=\"ez-toc-section\" id=\"Camila_Cabello_Unlu_Gulumsemesi_Sirlari\"><\/span><b>Camila Cabello \u00dcnl\u00fc G\u00fcl\u00fcmsemesi S\u0131rlar\u0131<\/b><span class=\"ez-toc-section-end\"><\/span><\/h2>\n<p><span style=\"font-weight: 400;\">Camila Cabello g\u00fcl\u00fcmsemesinin s\u0131rlar\u0131 hem profesyonel di\u015f bak\u0131m\u0131 hem de tutarl\u0131 kameraya haz\u0131r g\u00f6r\u00fcn\u00fcm sa\u011flayan adanm\u0131\u015f ki\u015fisel bak\u0131m rutinlerini i\u00e7erir. Bir\u00e7ok \u00fcnl\u00fc gibi muhtemelen s\u0131k\u0131 a\u011f\u0131z hijyeni uygulamalar\u0131yla d\u00fczenli profesyonel tedavileri birle\u015ftirir. Bu s\u0131rlar sadece klinik prosed\u00fcrleri de\u011fil ya\u015fam tarz\u0131 se\u00e7imlerini, diyet hususlar\u0131n\u0131 ve g\u00fcl\u00fcmsemesinin g\u00fczelli\u011fini koruyan koruyucu \u00f6nlemleri de kapsar. Bu kapsaml\u0131 yakla\u015f\u0131mlar\u0131 anlamak hayranlar\u0131n \u00fcnl\u00fc g\u00fcl\u00fcmsemelerinin ilk kozmetik tedavilerin \u00f6tesinde devam eden adanm\u0131\u015fl\u0131k gerektirdi\u011fini takdir etmesine yard\u0131mc\u0131 olur.<\/span><\/p>\n<h3><span class=\"ez-toc-section\" id=\"Gulumsemesini_Nasil_Koruyor\"><\/span><b>G\u00fcl\u00fcmsemesini Nas\u0131l Koruyor?<\/b><span class=\"ez-toc-section-end\"><\/span><\/h3>\n<p><span style=\"font-weight: 400;\">Camila Cabello g\u00fcl\u00fcmsemesini korumak kapsaml\u0131 g\u00fcnl\u00fck a\u011f\u0131z hijyeni taahh\u00fcd\u00fc gerektirir; do\u011fru teknikle f\u0131r\u00e7alama, di\u015f ipi kullan\u0131m\u0131 ve profesyonel s\u0131n\u0131f di\u015f \u00fcr\u00fcnleri. D\u00fczenli profesyonel temizlikler, muayeneler ve olas\u0131 periyodik beyazlatma tedavileri d\u00fcnya \u00e7ap\u0131ndaki talepkar performans programlar\u0131na ra\u011fmen parlakl\u0131k ve sa\u011fl\u0131\u011f\u0131 korur. Lekelenmeye neden olan yiyecek ve i\u00e7ecekleri s\u0131n\u0131rlama, hidrasyon ve di\u015flere zarar verebilecek al\u0131\u015fkanl\u0131klardan ka\u00e7\u0131nma gibi ya\u015fam tarz\u0131 hususlar\u0131 uzun vadeli bak\u0131m\u0131 destekler. Bu kapsaml\u0131 yakla\u015f\u0131m yo\u011fun tur, kay\u0131t ve tan\u0131t\u0131m taahh\u00fctleri boyunca \u00fcnl\u00fc kalitesinde g\u00fcl\u00fcmsemeleri s\u00fcrd\u00fcrmek i\u00e7in gereken adanm\u0131\u015fl\u0131\u011f\u0131 g\u00f6sterir.<\/span><\/p>\n<h3><span class=\"ez-toc-section\" id=\"Profesyonel_Dis_Bakiminin_Rolu\"><\/span><b>Profesyonel Di\u015f Bak\u0131m\u0131n\u0131n Rol\u00fc<\/b><span class=\"ez-toc-section-end\"><\/span><\/h3>\n<p><span style=\"font-weight: 400;\">Profesyonel di\u015f bak\u0131m\u0131 Camila Cabello g\u00fcl\u00fcmsemesini d\u00fczenli temizlikler, muayeneler ve sorunlar\u0131 \u00f6nleyen \u00f6nleyici tedavilerle korur. Di\u015f profesyonelleri kozmetik \u00e7al\u0131\u015fmalar\u0131 izler, sorunlar\u0131 h\u0131zla ele al\u0131r ve y\u0131llar boyunca optimal g\u00f6r\u00fcn\u00fcm ve i\u015flev sa\u011flayan bak\u0131m tedavileri sunar. \u0130leri tedavilere ve deneyimli uygulay\u0131c\u0131lara eri\u015fim \u00fcnl\u00fclerin zorlu programlara ve s\u00fcrekli incelemeye ra\u011fmen kameraya haz\u0131r g\u00fcl\u00fcmsemeleri s\u00fcrd\u00fcrmesini sa\u011flar. Bu devam eden profesyonel ili\u015fki kariyerin erken d\u00f6nemlerinde yap\u0131lan herhangi bir di\u015f yat\u0131r\u0131m\u0131n\u0131n talepkar e\u011flence kariyerleri boyunca fayda sa\u011flamaya devam etmesini garanti eder.<\/span><\/p>\n<h2><span class=\"ez-toc-section\" id=\"Vitrin_Clinic_Uzman_Gulumseme_Donusumleri\"><\/span><b>Vitrin Clinic Uzman G\u00fcl\u00fcmseme D\u00f6n\u00fc\u015f\u00fcmleri<\/b><span class=\"ez-toc-section-end\"><\/span><\/h2>\n<p><span style=\"font-weight: 400;\"><a href=\"https:\/\/dev.vitrinclinic.com\/tr\/\"><strong>Vitrin Clinic<\/strong><\/a> ki\u015fiselle\u015ftirilmi\u015f tedavi planlar\u0131 ve ileri tekniklerle \u00fcnl\u00fc kalitesinde sonu\u00e7lar elde etmeye yard\u0131mc\u0131 uzman g\u00fcl\u00fcmseme d\u00f6n\u00fc\u015f\u00fcmlerinde uzmanla\u015fm\u0131\u015ft\u0131r. Klinik ileri teknolojiyi deneyimli profesyonellerle birle\u015ftirerek \u00f6zg\u00fcveni art\u0131ran do\u011fal g\u00f6r\u00fcn\u00fcml\u00fc geli\u015ftirmeler sunar. Camila Cabello gibi \u00fcnl\u00fcler taraf\u0131ndan ilham alan g\u00fcl\u00fcmsemeler elde etmek isteyen hastalar bireysel ihtiya\u00e7lara g\u00f6re uyarlanm\u0131\u015f kapsaml\u0131 kozmetik di\u015f hekimli\u011fi hizmetlerine eri\u015febilir.<\/span><\/p>\n<h3><span class=\"ez-toc-section\" id=\"Vitrin_Clinic_Hakkinda\"><\/span><b>Vitrin Clinic Hakk\u0131nda<\/b><span class=\"ez-toc-section-end\"><\/span><\/h3>\n<p><span style=\"font-weight: 400;\">Vitrin Clinic eri\u015filebilir fiyatlarla y\u00fcksek kaliteli tedaviler arayan uluslararas\u0131 hastalara kapsaml\u0131 g\u00fcl\u00fcmseme makyaj hizmetleri sunan \u00f6nde gelen bir kozmetik di\u015f hekimli\u011fi tesisidir. Klinik modern ekipman, deneyimli uygulay\u0131c\u0131lar ve tedavi yolculu\u011fu boyunca hasta memnuniyetine ba\u011fl\u0131l\u0131kla uluslararas\u0131 standartlar\u0131 korur. \u00c7ok dilli personel ve kapsaml\u0131 hasta deste\u011fi klini\u011fi d\u00fcnya \u00e7ap\u0131ndaki \u00e7e\u015fitli hastalar i\u00e7in eri\u015filebilir k\u0131lar ve d\u00f6n\u00fc\u015ft\u00fcr\u00fcc\u00fc sonu\u00e7lar arayanlar i\u00e7in g\u00fcvenilir bir se\u00e7enek haline getirir. M\u00fckemmellik \u00fcn\u00fc Vitrin Clinic&#8217;i \u00fcnl\u00fcden ilham alan g\u00fcl\u00fcmseme d\u00f6n\u00fc\u015f\u00fcmleri i\u00e7in profesyonel rehberlik arayan bireyler i\u00e7in tercih edilen yer yapm\u0131\u015ft\u0131r.<\/span><\/p>\n<h3><span class=\"ez-toc-section\" id=\"Gulumseme_Makyajlari_Icin_Sunulan_Hizmetler\"><\/span><b>G\u00fcl\u00fcmseme Makyajlar\u0131 \u0130\u00e7in Sunulan Hizmetler<\/b><span class=\"ez-toc-section-end\"><\/span><\/h3>\n<p><span style=\"font-weight: 400;\">Vitrin Clinic \u00f6zel porselen veneer&#8217;lar, profesyonel di\u015f beyazlatma, \u015feffaf plaklar ve kapsaml\u0131 tedavi planlamas\u0131 dahil tam g\u00fcl\u00fcmseme makyaj hizmetleri sunar. Bu hizmetler renk de\u011fi\u015fimi, hizas\u0131zl\u0131k, \u00e7atlak, bo\u015fluk ve g\u00fcl\u00fcmseme g\u00f6r\u00fcn\u00fcm\u00fcn\u00fc etkileyen di\u011fer kusurlar\u0131 ele al\u0131r. Klinik gerekti\u011finde birden fazla tedaviyi birle\u015ftirerek do\u011fal \u00f6zellikleri uygun \u015fekilde geli\u015ftiren optimal sonu\u00e7lar elde eder. Dijital g\u00fcl\u00fcmseme tasar\u0131m\u0131 teknolojisi hastalar\u0131n tedaviden \u00f6nce potansiyel sonu\u00e7lar\u0131 g\u00f6rselle\u015ftirmesini sa\u011flar ve beklentilerin ula\u015f\u0131labilir sonu\u00e7larla uyumlu olmas\u0131n\u0131 garanti eder.<\/span><\/p>\n<h4><span class=\"ez-toc-section\" id=\"Unluler_Neden_Vitrin_Clinice_Guveniyor\"><\/span><b>\u00dcnl\u00fcler Neden Vitrin Clinic&#8217;e G\u00fcveniyor?<\/b><span class=\"ez-toc-section-end\"><\/span><\/h4>\n<p><span style=\"font-weight: 400;\">\u00dcnl\u00fcler Vitrin Clinic&#8217;e istisnai sonu\u00e7lar, gizlilik ve do\u011fal g\u00f6r\u00fcn\u00fcml\u00fc d\u00f6n\u00fc\u015f\u00fcmler yaratma yetene\u011fi nedeniyle g\u00fcveniyor. Klinik kamu fig\u00fcrlerinin benzersiz ihtiya\u00e7lar\u0131n\u0131 anlama \u00fcn\u00fcyle tedavilerin profesyonel imaj\u0131 desteklerken otantik karakteri korumas\u0131n\u0131 sa\u011flar. \u0130leri teknikler ve kaliteli malzemeler y\u00fcksek \u00e7\u00f6z\u00fcn\u00fcrl\u00fckl\u00fc kameralar ve profesyonel \u0131\u015f\u0131k alt\u0131nda s\u00fcrekli yo\u011fun incelemeye dayan\u0131kl\u0131 sonu\u00e7lar sunar. Teknik m\u00fckemmellik ile \u00fcnl\u00fc ihtiya\u00e7lar\u0131n\u0131 anlama kombinasyonu Vitrin Clinic&#8217;i y\u0131ld\u0131z kalitesinde g\u00fcl\u00fcmsemeler elde etmek i\u00e7in ideal k\u0131lar.<\/span><br \/>\n<a href=\"https:\/\/api.whatsapp.com\/send\/?phone=905451036000&#038;text=Hello+Vitrin+Clinic%0D%0AI+like+to+know+more+about+your+treatments+as+seen+on+your+website%21&#038;type=phone_number&#038;app_absent=0\" target=\"_blank\" rel=\"noopener noreferrer nofollow\"><img fetchpriority=\"high\" decoding=\"async\" class=\"aligncenter\" src=\"https:\/\/dev.vitrinclinic.com\/wp-content\/uploads\/2025\/09\/CTA-3.webp\" alt=\"call us now\" width=\"700\" height=\"250\" \/><\/a><\/p>\n<h2><span class=\"ez-toc-section\" id=\"Sikca_Sorulan_Sorular\"><\/span><b>S\u0131k\u00e7a Sorulan Sorular:<\/b><span class=\"ez-toc-section-end\"><\/span><\/h2>\n<h3><span class=\"ez-toc-section\" id=\"Camila_Cabello_kac_yasinda\"><\/span><b>Camila Cabello ka\u00e7 ya\u015f\u0131nda?<\/b><span class=\"ez-toc-section-end\"><\/span><\/h3>\n<p><span style=\"font-weight: 400;\">Camila Cabello 3 Mart 1997&#8217;de do\u011fdu ve 2025 itibar\u0131yla 27 ya\u015f\u0131ndad\u0131r; ola\u011fan\u00fcst\u00fc ba\u015far\u0131 elde eden gen\u00e7 bir sanat\u00e7\u0131y\u0131 temsil eder. Gen\u00e7li\u011fine ra\u011fmen Grammy adayl\u0131klar\u0131, liste ba\u015f\u0131 hitler kazand\u0131 ve solo y\u0131ld\u0131z olarak kendini kan\u0131tlad\u0131. Ya\u015f\u0131 gen\u00e7 yeti\u015fkinlikte di\u015f geli\u015fiminin hala do\u011fal olarak olgunla\u015ft\u0131\u011f\u0131 d\u00f6nemde \u00f6nemli g\u00fcl\u00fcmseme d\u00f6n\u00fc\u015f\u00fcmlerinin ger\u00e7ekle\u015febilece\u011fini g\u00f6sterir. Camila Cabello g\u00fcl\u00fcmsemesi yirmili ya\u015flar\u0131nda evrildi ve bi\u00e7imlendirici kariyer y\u0131llar\u0131nda hem do\u011fal geli\u015fimi hem de olas\u0131 profesyonel geli\u015ftirmeleri yans\u0131tt\u0131.<\/span><\/p>\n<h3><span class=\"ez-toc-section\" id=\"Camila_Cabello_nereli\"><\/span><b>Camila Cabello nereli?<\/b><span class=\"ez-toc-section-end\"><\/span><\/h3>\n<p><span style=\"font-weight: 400;\">Camila Cabello Havana, K\u00fcba&#8217;da do\u011fdu ve \u00e7ocuklu\u011funda Miami, Florida&#8217;ya g\u00f6\u00e7 etti; burada iki k\u00fclt\u00fcrl\u00fc kimli\u011fi sanat\u0131n\u0131 \u015fekillendirir. K\u00fcba-Meksika k\u00f6keni m\u00fczi\u011fine, ki\u015fili\u011fine ve Latin Amerika k\u00fclt\u00fcrel ifadeli\u011fini yans\u0131tan s\u0131cak, ifadeli Camila Cabello g\u00fcl\u00fcmsemesine etki eder. G\u00f6\u00e7men k\u00f6keni ile g\u00fcn\u00fcm\u00fczdeki s\u00fcperstar stat\u00fcs\u00fc aras\u0131ndaki kontrast hik\u00e2yesini d\u00fcnya \u00e7ap\u0131ndaki \u00e7e\u015fitli izleyiciler i\u00e7in \u00f6zellikle ilham verici k\u0131lar. K\u00fcba g\u00f6\u00e7meninden Amerikal\u0131 pop y\u0131ld\u0131za yolculu\u011fu \u00f6zg\u00fcven ve otantik sunumla birle\u015fen yetene\u011fin ba\u015far\u0131 yaratt\u0131\u011f\u0131n\u0131 g\u00f6sterir.<\/span><\/p>\n<h3><span class=\"ez-toc-section\" id=\"Camila_Cabello_hangi_gruptaydi\"><\/span><b>Camila Cabello hangi gruptayd\u0131?<\/b><span class=\"ez-toc-section-end\"><\/span><\/h3>\n<p><span style=\"font-weight: 400;\">Camila Cabello 2012&#8217;de The X Factor USA&#8217;da olu\u015fan k\u0131z grubu Fifth Harmony&#8217;nin \u00fcyesiydi ve \u00f6nemli ticari ba\u015far\u0131 elde etti. 2016&#8217;da solo kariyerine odaklanmak i\u00e7in gruptan ayr\u0131lmadan \u00f6nce ba\u015f vokalistlerden biriydi ve beklentileri a\u015fan bir solo kariyer ba\u015flatt\u0131. Fifth Harmony ile ge\u00e7irdi\u011fi s\u00fcre halka a\u00e7\u0131k profilini olu\u015fturdu ve performans becerilerini rafine etti; g\u00fcl\u00fcmsemesi hayranlara tan\u0131n\u0131r hale geldi. Camila Cabello g\u00fcl\u00fcmsemesi k\u0131z grubu g\u00fcnlerinden solo kariyerine evrildi ve artan \u00f6zg\u00fcven ile sanatsal olgunlu\u011fu yans\u0131tt\u0131.<\/span><\/p>\n<h3><span class=\"ez-toc-section\" id=\"Camila_Cabelloyu_hangi_sarkilar_unlu_yapti\"><\/span><b>Camila Cabello&#8217;yu hangi \u015fark\u0131lar \u00fcnl\u00fc yapt\u0131?<\/b><span class=\"ez-toc-section-end\"><\/span><\/h3>\n<p><span style=\"font-weight: 400;\">Camila Cabello kendine \u00f6zg\u00fc sesini, duygusal sunumunu ve Latin ile pop etkilerini ba\u015far\u0131yla harmanlama yetene\u011fini sergileyen solo hitlerle \u00fcnl\u00fc oldu. Repertuvar\u0131 devasa ticari ba\u015far\u0131 ve ele\u015ftirel \u00f6vg\u00fc elde eden liste ba\u015f\u0131 single&#8217;lar\u0131 i\u00e7erir ve onu \u00f6nemli bir solo sanat\u00e7\u0131 olarak konumland\u0131r\u0131r. Bu performanslar genellikle duygusal etkiyi g\u00fc\u00e7lendiren ve materyalle samimi ba\u011flant\u0131y\u0131 g\u00f6steren s\u0131cak, ifadeli Camila Cabello g\u00fcl\u00fcmsemesini i\u00e7erir. Bu \u015fark\u0131lar\u0131n ba\u015far\u0131s\u0131 onu grup \u00fcyesinden solo s\u00fcperstarl\u0131\u011fa d\u00f6n\u00fc\u015ft\u00fcrd\u00fc ve g\u00fcl\u00fcmsemesini daha belirgin hale getirdi.<\/span><br \/>\n&nbsp;<\/p>\n<h3><span class=\"ez-toc-section\" id=\"Camila_Cabello_mukemmel_gulumsemesini_nasil_elde_etti\"><\/span><b>Camila Cabello m\u00fckemmel g\u00fcl\u00fcmsemesini nas\u0131l elde etti?<\/b><span class=\"ez-toc-section-end\"><\/span><\/h3>\n<p><span style=\"font-weight: 400;\">Camila Cabello muhtemelen do\u011fal di\u015f geli\u015fimi, ergenlik d\u00f6neminde olas\u0131 ortodontik tedavi ve profesyonel kozmetik bak\u0131m kombinasyonuyla m\u00fckemmel g\u00fcl\u00fcmsemesini elde etti. Camila Cabello g\u00fcl\u00fcmseme d\u00f6n\u00fc\u015f\u00fcm\u00fc profesyonel beyazlatma veya se\u00e7ili bonding gibi muhafazakar geli\u015ftirmeleri i\u00e7erir; bariz dramatik m\u00fcdahalelerden ziyade. D\u00fczenli profesyonel di\u015f bak\u0131m\u0131 temizlikler, muayeneler ve bak\u0131m tedavileriyle talepkar programlara ra\u011fmen g\u00fcl\u00fcmsemesinin g\u00f6r\u00fcn\u00fcm\u00fcn\u00fc korur. Vitrin Clinic gibi tesisler ki\u015fiselle\u015ftirilmi\u015f tedaviyle \u00fcnl\u00fcler taraf\u0131ndan ilham alan g\u00fczel, do\u011fal g\u00f6r\u00fcn\u00fcml\u00fc g\u00fcl\u00fcmsemeler elde etmeye yard\u0131mc\u0131 benzer kapsaml\u0131 yakla\u015f\u0131mlar sunar.<\/span><br \/>\n&nbsp;<\/p>\n","protected":false},"excerpt":{"rendered":"<p>Camila Cabello&#8217;nun g\u00fcl\u00fcmsemesi, K\u00fcba as\u0131ll\u0131 Amerikal\u0131 pop y\u0131ld\u0131z\u0131n\u0131n en b\u00fcy\u00fcleyici ve hayranl\u0131k uyand\u0131ran \u00f6zelliklerinden biri haline geldi ve neredeyse on y\u0131ld\u0131r d\u00fcnya \u00e7ap\u0131ndaki izleyicileri b\u00fcy\u00fcl\u00fcyor. Bu parlak Camila Cabello g\u00fcl\u00fcmsemesi,&hellip;<\/p>\n","protected":false},"author":34,"featured_media":100036,"comment_status":"open","ping_status":"open","sticky":false,"template":"","format":"standard","meta":{"iawp_total_views":0,"footnotes":""},"categories":[459,349],"tags":[],"class_list":["post-100172","post","type-post","status-publish","format-standard","has-post-thumbnail","hentry","category-celebrities","category-uncategorized-tr"],"_wp_old_slugs":["camila-cabello-smile-secrets-behind-her-stunning-smile-tr"],"rank_math_title":"","rank_math_description":"","rank_math_focus_keyword":"","_links":{"self":[{"href":"https:\/\/dev.vitrinclinic.com\/tr\/wp-json\/wp\/v2\/posts\/100172","targetHints":{"allow":["GET"]}}],"collection":[{"href":"https:\/\/dev.vitrinclinic.com\/tr\/wp-json\/wp\/v2\/posts"}],"about":[{"href":"https:\/\/dev.vitrinclinic.com\/tr\/wp-json\/wp\/v2\/types\/post"}],"author":[{"embeddable":true,"href":"https:\/\/dev.vitrinclinic.com\/tr\/wp-json\/wp\/v2\/users\/34"}],"replies":[{"embeddable":true,"href":"https:\/\/dev.vitrinclinic.com\/tr\/wp-json\/wp\/v2\/comments?post=100172"}],"version-history":[{"count":1,"href":"https:\/\/dev.vitrinclinic.com\/tr\/wp-json\/wp\/v2\/posts\/100172\/revisions"}],"predecessor-version":[{"id":100191,"href":"https:\/\/dev.vitrinclinic.com\/tr\/wp-json\/wp\/v2\/posts\/100172\/revisions\/100191"}],"wp:featuredmedia":[{"embeddable":true,"href":"https:\/\/dev.vitrinclinic.com\/tr\/wp-json\/wp\/v2\/media\/100036"}],"wp:attachment":[{"href":"https:\/\/dev.vitrinclinic.com\/tr\/wp-json\/wp\/v2\/media?parent=100172"}],"wp:term":[{"taxonomy":"category","embeddable":true,"href":"https:\/\/dev.vitrinclinic.com\/tr\/wp-json\/wp\/v2\/categories?post=100172"},{"taxonomy":"post_tag","embeddable":true,"href":"https:\/\/dev.vitrinclinic.com\/tr\/wp-json\/wp\/v2\/tags?post=100172"}],"curies":[{"name":"wp","href":"https:\/\/api.w.org\/{rel}","templated":true}]}}