{"id":106231,"date":"2026-02-23T16:02:03","date_gmt":"2026-02-23T13:02:03","guid":{"rendered":"https:\/\/dev.vitrinclinic.com\/pain-after-crown-placement-symptoms-causes-and-relief-tips-tr\/"},"modified":"2026-02-23T16:31:57","modified_gmt":"2026-02-23T13:31:57","slug":"pain-after-crown-placement","status":"publish","type":"post","link":"https:\/\/dev.vitrinclinic.com\/tr\/pain-after-crown-placement\/","title":{"rendered":"Kron Yerle\u015ftirme Sonras\u0131 A\u011fr\u0131: Belirtiler, Nedenler ve Rahatlama \u0130pu\u00e7lar\u0131"},"content":{"rendered":"<p><span style=\"font-weight: 400;\">Kuronlar tam oturacak \u015fekilde tasarlanm\u0131\u015ft\u0131r, ancak a\u011fz\u0131n\u0131z\u0131n buna al\u0131\u015fmas\u0131 i\u00e7in zamana ihtiyac\u0131 vard\u0131r. K\u00fc\u00e7\u00fck bir tahri\u015f bile kuron yerle\u015ftirildikten sonra di\u015f hassasiyetini, kuron yerle\u015ftirildikten sonra \u00e7ene a\u011fr\u0131s\u0131n\u0131 veya kuron yerle\u015ftirildikten sonra ara s\u0131ra g\u00f6r\u00fclen ba\u015f a\u011fr\u0131s\u0131n\u0131 tetikleyebilir. Ne beklemeniz gerekti\u011fini bilmek, endi\u015feyi azaltmaya yard\u0131mc\u0131 olur ve iyile\u015fme s\u0131ras\u0131nda do\u011fru bak\u0131m\u0131 sa\u011flar.<\/span><\/p>\n<h2><span class=\"ez-toc-section\" id=\"Kuron_Yerlestirildikten_Sonra_Sizi_Neler_Bekliyor\"><\/span><b>Kuron Yerle\u015ftirildikten Sonra Sizi Neler Bekliyor?<\/b><span class=\"ez-toc-section-end\"><\/span><\/h2>\n<p><span style=\"font-weight: 400;\">Kuronunuz yerle\u015ftirildikten sonra, uygulama sonras\u0131 s\u0131zlama ya\u015fanmas\u0131 yayg\u0131n bir durumdur. Di\u015f etleriniz, di\u015finiz ve \u00e7ene kaslar\u0131n\u0131z hassas hissedebilir; \u00e7\u00fcnk\u00fc kuron \u0131s\u0131r\u0131\u011f\u0131 hafif\u00e7e de\u011fi\u015ftirir ve a\u011fz\u0131n\u0131z yeni yap\u0131ya uyum sa\u011flar. \u00d6zellikle s\u0131cak veya so\u011fuk yiyecekler yerken, kuron yerle\u015ftirildikten sonra hafif di\u015f hassasiyeti tipiktir. Baz\u0131 hastalar, \u00e7evre kaslardaki gerginlik nedeniyle kuron yerle\u015ftirildikten sonra \u00e7ene a\u011fr\u0131s\u0131 ve hafif ba\u015f a\u011fr\u0131s\u0131 bildirmektedir.<\/span><\/p>\n<p><span style=\"font-weight: 400;\">\u0130yile\u015fme s\u00fcreci genellikle sorunsuz ge\u00e7er ancak semptomlar\u0131n\u0131z\u0131 izlemek anahtar rol oynar. Rahats\u0131zl\u0131k k\u00f6t\u00fcle\u015firse veya bir haftadan uzun s\u00fcrerse, bu durum bir dizilim bozuklu\u011funa veya iltihaba i\u015faret edebilir. Erken m\u00fcdahale, implant kuron yerle\u015ftirildikten sonra a\u011fr\u0131 veya di\u015f eti iltihab\u0131 gibi daha ciddi sorunlar\u0131 \u00f6nleyebilir.<\/span><\/p>\n<h3><span class=\"ez-toc-section\" id=\"Normal_ve_Endise_Verici_Agri\"><\/span><b>Normal ve Endi\u015fe Verici A\u011fr\u0131<\/b><span class=\"ez-toc-section-end\"><\/span><\/h3>\n<p><span style=\"font-weight: 400;\">Her a\u011fr\u0131 alarm verici de\u011fildir. \u00d6zellikle \u00e7i\u011fneme s\u0131ras\u0131nda hafif hassasiyet beklenen bir durumdur. Kuron yerle\u015ftirildikten sonra g\u00f6r\u00fclen hafif di\u015f hassasiyeti genellikle birka\u00e7 g\u00fcn i\u00e7inde d\u00fczelir. Kaslar uyum sa\u011flad\u0131k\u00e7a ge\u00e7ici \u00e7ene a\u011fr\u0131s\u0131 ya\u015fanmas\u0131 yayg\u0131nd\u0131r.<\/span><\/p>\n<p><span style=\"font-weight: 400;\">Endi\u015fe verici a\u011fr\u0131lar \u015funlar\u0131 i\u00e7erir:<\/span><\/p>\n<ul>\n\u00a0\t<\/p>\n<li style=\"font-weight: 400;\" aria-level=\"1\"><span style=\"font-weight: 400;\">Kuron yerle\u015ftirildikten sonra keskin veya zonklay\u0131c\u0131 a\u011fr\u0131<\/span><\/li>\n<p>\u00a0\t<\/p>\n<li style=\"font-weight: 400;\" aria-level=\"1\"><span style=\"font-weight: 400;\">Uygulama sonras\u0131 ge\u00e7meyen di\u015f a\u011fr\u0131s\u0131<\/span><\/li>\n<p>\u00a0\t<\/p>\n<li style=\"font-weight: 400;\" aria-level=\"1\"><span style=\"font-weight: 400;\">Di\u015f etlerinde \u015fi\u015flik veya k\u0131zar\u0131kl\u0131k (kuron yerle\u015ftirildikten sonra di\u015f eti iltihab\u0131)<\/span><\/li>\n<p>\u00a0\t<\/p>\n<li style=\"font-weight: 400;\" aria-level=\"1\"><span style=\"font-weight: 400;\">Is\u0131rma veya \u00e7i\u011fneme zorlu\u011fu<\/span><\/li>\n<\/ul>\n<p><span style=\"font-weight: 400;\">Bu belirtiler ortaya \u00e7\u0131karsa, derhal di\u015f hekiminizle ileti\u015fime ge\u00e7in. Erken m\u00fcdahale, kuron sonras\u0131 a\u011fr\u0131n\u0131n k\u00f6t\u00fcle\u015fmesini \u00f6nler ve kuronun do\u011fru \u015fekilde oturdu\u011fundan emin olunmas\u0131n\u0131 sa\u011flar.<\/span><\/p>\n<h3><span class=\"ez-toc-section\" id=\"Agri_Neden_Olusur\"><\/span><b>A\u011fr\u0131 Neden Olu\u015fur?<\/b><span class=\"ez-toc-section-end\"><\/span><\/h3>\n<p><span style=\"font-weight: 400;\">Kuron yerle\u015ftirildikten sonra a\u011fr\u0131 olu\u015fmas\u0131n\u0131n birka\u00e7 nedeni vard\u0131r:<\/span><\/p>\n<ol>\n\u00a0\t<\/p>\n<li style=\"font-weight: 400;\" aria-level=\"1\"><span style=\"font-weight: 400;\">Sinir tahri\u015fi: Kuron \u00f6ncesinde di\u015fin siniri iltihapl\u0131ysa, yerle\u015ftirme i\u015flemi hassasiyeti tetikleyebilir.<\/span><\/li>\n<p>\u00a0\t<\/p>\n<li style=\"font-weight: 400;\" aria-level=\"1\"><span style=\"font-weight: 400;\">Kuron uyum sorunlar\u0131: \u00c7ok y\u00fcksek veya d\u00fc\u015f\u00fck bir kuron \u0131s\u0131r\u0131k bozuklu\u011funa yol a\u00e7arak, uygulama sonras\u0131 a\u011fr\u0131ya ve \u00e7ene a\u011fr\u0131s\u0131na neden olur.<\/span><\/li>\n<p>\u00a0\t<\/p>\n<li style=\"font-weight: 400;\" aria-level=\"1\"><span style=\"font-weight: 400;\">Di\u015f eti iltihab\u0131: Hatal\u0131 kenarlar veya plak birikimi, kuron yerle\u015ftirildikten sonra di\u015f eti iltihab\u0131na neden olabilir.<\/span><\/li>\n<p>\u00a0\t<\/p>\n<li style=\"font-weight: 400;\" aria-level=\"1\"><span style=\"font-weight: 400;\">\u00d6nceki di\u015f i\u015flemleri: B\u00fcy\u00fck dolgulu veya \u00f6nceden travma alm\u0131\u015f di\u015fler, kuron sonras\u0131 di\u015f a\u011fr\u0131s\u0131na daha yatk\u0131nd\u0131r.<\/span><\/li>\n<\/ol>\n<p><span style=\"font-weight: 400;\">\u0130mplant kuron yerle\u015ftirildikten sonra g\u00f6r\u00fclen a\u011fr\u0131 durumlar\u0131nda, rahats\u0131zl\u0131k kuronun kendisinin \u00f6tesine ge\u00e7erek \u00e7evre di\u015f eti dokusunu veya kemi\u011fi etkileyebilir. Bu nedenleri anlamak, semptomlar\u0131 etkili bir \u015fekilde y\u00f6netmeye yard\u0131mc\u0131 olur.<\/span><\/p>\n<p><iframe title=\"Hollywood Smile Was Only a Dream | But Not Any More!\" src=\"[https:\/\/www.youtube.com\/embed\/BsfJDtayvLY](https:\/\/www.youtube.com\/embed\/BsfJDtayvLY)\" width=\"1363\" height=\"767\" frameborder=\"0\" allowfullscreen=\"allowfullscreen\"><\/iframe><\/p>\n<h2><span class=\"ez-toc-section\" id=\"Kuron_Yerlestirildikten_Sonra_Agri_Ne_Kadar_Surer\"><\/span><b>Kuron Yerle\u015ftirildikten Sonra A\u011fr\u0131 Ne Kadar S\u00fcrer?<\/b><span class=\"ez-toc-section-end\"><\/span><\/h2>\n<p><span style=\"font-weight: 400;\">Hafif a\u011fr\u0131lar\u0131n \u00e7o\u011fu birka\u00e7 g\u00fcn ila bir hafta i\u00e7inde ge\u00e7er. Ancak iyile\u015fme s\u00fcreci; kuronun tipi, tedavi edilen di\u015f ve genel a\u011f\u0131z sa\u011fl\u0131\u011f\u0131 gibi bireysel fakt\u00f6rlere ba\u011fl\u0131 olarak de\u011fi\u015fir. Zaman \u00e7izelgesini bilmek endi\u015feyi azalt\u0131r ve normal iyile\u015fmeyi olas\u0131 komplikasyonlardan ay\u0131rmaya yard\u0131mc\u0131 olur.<\/span><\/p>\n<h3><span class=\"ez-toc-section\" id=\"Tipik_Iyilesme_Sureci\"><\/span><b>Tipik \u0130yile\u015fme S\u00fcreci<\/b><span class=\"ez-toc-section-end\"><\/span><\/h3>\n<ul>\n\u00a0\t<\/p>\n<li style=\"font-weight: 400;\" aria-level=\"1\"><span style=\"font-weight: 400;\">\u0130lk 24\u201348 saat: Hafif hassasiyet ve uygulama sonras\u0131 s\u0131zlama yayg\u0131nd\u0131r. S\u0131cak veya so\u011fuk yiyecekler t\u00fcketirken di\u015f hassasiyeti fark edebilirsiniz.<\/span><\/li>\n<p>\u00a0\t<\/p>\n<li style=\"font-weight: 400;\" aria-level=\"1\"><span style=\"font-weight: 400;\">3\u20135 g\u00fcn: A\u011fr\u0131 kademeli olarak azalmal\u0131d\u0131r. Is\u0131r\u0131k hafif\u00e7e dengesizse, k\u00fc\u00e7\u00fck \u00e7apl\u0131 \u00e7ene a\u011fr\u0131s\u0131 veya ba\u015f a\u011fr\u0131s\u0131 g\u00f6r\u00fclebilir.<\/span><\/li>\n<p>\u00a0\t<\/p>\n<li style=\"font-weight: 400;\" aria-level=\"1\"><span style=\"font-weight: 400;\">1\u20132 hafta: Kuron sonras\u0131 di\u015f eti iltihaplar\u0131n\u0131n \u00e7o\u011fu ge\u00e7er. Bu s\u00fcreden sonra devam eden a\u011fr\u0131lar komplikasyon belirtisi olabilir.<\/span><\/li>\n<\/ul>\n<p><span style=\"font-weight: 400;\">\u0130yile\u015fme s\u00fcresini etkileyen fakt\u00f6rler \u015funlard\u0131r:<\/span><\/p>\n<ul>\n\u00a0\t<\/p>\n<li style=\"font-weight: 400;\" aria-level=\"1\"><span style=\"font-weight: 400;\">Is\u0131r\u0131k bas\u0131nc\u0131 ve kuron hizalamas\u0131<\/span><\/li>\n<p>\u00a0\t<\/p>\n<li style=\"font-weight: 400;\" aria-level=\"1\"><span style=\"font-weight: 400;\">Di\u015f sa\u011fl\u0131\u011f\u0131 ve sinir durumu<\/span><\/li>\n<p>\u00a0\t<\/p>\n<li style=\"font-weight: 400;\" aria-level=\"1\"><span style=\"font-weight: 400;\">A\u011f\u0131z hijyeni al\u0131\u015fkanl\u0131klar\u0131<\/span><\/li>\n<p>\u00a0\t<\/p>\n<li style=\"font-weight: 400;\" aria-level=\"1\"><span style=\"font-weight: 400;\">\u00d6nceden var olan di\u015f eti hastal\u0131\u011f\u0131<\/span><\/li>\n<\/ul>\n<h3><span class=\"ez-toc-section\" id=\"Ne_Zaman_Dis_Hekimine_Gorunmeli\"><\/span><b>Ne Zaman Di\u015f Hekimine G\u00f6r\u00fcnmeli?<\/b><span class=\"ez-toc-section-end\"><\/span><\/h3>\n<p><span style=\"font-weight: 400;\">\u015eu durumlar\u0131 fark ederseniz di\u015f hekiminizle ileti\u015fime ge\u00e7in:<\/span><\/p>\n<ul>\n\u00a0\t<\/p>\n<li style=\"font-weight: 400;\" aria-level=\"1\"><span style=\"font-weight: 400;\">\u0130yile\u015fmeyen \u015fiddetli a\u011fr\u0131<\/span><\/li>\n<p>\u00a0\t<\/p>\n<li style=\"font-weight: 400;\" aria-level=\"1\"><span style=\"font-weight: 400;\">Kuron yerle\u015ftirildikten sonra kanal tedavisi ihtiyac\u0131<\/span><\/li>\n<p>\u00a0\t<\/p>\n<li style=\"font-weight: 400;\" aria-level=\"1\"><span style=\"font-weight: 400;\">Ge\u00e7meyen di\u015f eti iltihab\u0131<\/span><\/li>\n<\/ul>\n<p><span style=\"font-weight: 400;\">H\u0131zl\u0131 m\u00fcdahale; enfeksiyon, sinir hasar\u0131 veya kuronun yanl\u0131\u015f hizalanmas\u0131 gibi sorunlar\u0131n erkenden \u00e7\u00f6z\u00fclmesini sa\u011flayarak uzun vadeli problemleri \u00f6nler ve a\u011fr\u0131 s\u00fcresini k\u0131salt\u0131r.<\/span><\/p>\n<p><iframe src=\"[https:\/\/assets.pinterest.com\/ext\/embed.html?id=926123110888844847](https:\/\/assets.pinterest.com\/ext\/embed.html?id=926123110888844847)\" width=\"345\" height=\"561\" frameborder=\"0\" scrolling=\"no\"><\/iframe><\/p>\n<h2><span class=\"ez-toc-section\" id=\"Rahatsizlik_ve_Hassasiyeti_Yonetmek\"><\/span><b>Rahats\u0131zl\u0131k ve Hassasiyeti Y\u00f6netmek<\/b><span class=\"ez-toc-section-end\"><\/span><\/h2>\n<p><span style=\"font-weight: 400;\">Do\u011fru bak\u0131m s\u00fcreci, kuron sonras\u0131 a\u011fr\u0131y\u0131 azaltmak i\u00e7in gereklidir. Di\u015f hekiminizin talimatlar\u0131na uymak, a\u011f\u0131z hijyenini korumak ve evde uygulanabilecek y\u00f6ntemler rahats\u0131zl\u0131\u011f\u0131 hafifletebilir ve iyile\u015fmeyi h\u0131zland\u0131rabilir.<\/span><\/p>\n<h3><span class=\"ez-toc-section\" id=\"Evde_Bakim_Ipuclari\"><\/span><b>Evde Bak\u0131m \u0130pu\u00e7lar\u0131<\/b><span class=\"ez-toc-section-end\"><\/span><\/h3>\n<ul>\n\u00a0\t<\/p>\n<li style=\"font-weight: 400;\" aria-level=\"1\"><span style=\"font-weight: 400;\">\u00d6nerilen \u015fekilde re\u00e7etesiz a\u011fr\u0131 kesiciler kullan\u0131n.<\/span><\/li>\n<p>\u00a0\t<\/p>\n<li style=\"font-weight: 400;\" aria-level=\"1\"><span style=\"font-weight: 400;\">Di\u015f eti iltihab\u0131n\u0131 azaltmak i\u00e7in \u0131l\u0131k tuzlu suyla a\u011fz\u0131n\u0131z\u0131 \u00e7alkalay\u0131n.<\/span><\/li>\n<p>\u00a0\t<\/p>\n<li style=\"font-weight: 400;\" aria-level=\"1\"><span style=\"font-weight: 400;\">S\u0131zlamay\u0131 en aza indirmek i\u00e7in sert yiyecekler \u00e7i\u011fnemekten ka\u00e7\u0131n\u0131n.<\/span><\/li>\n<p>\u00a0\t<\/p>\n<li style=\"font-weight: 400;\" aria-level=\"1\"><span style=\"font-weight: 400;\">Di\u015f hassasiyetini art\u0131rmamak i\u00e7in yumu\u015fak k\u0131ll\u0131 bir di\u015f f\u0131r\u00e7as\u0131 kullan\u0131n.<\/span><\/li>\n<\/ul>\n<p><span style=\"font-weight: 400;\">Bu k\u00fc\u00e7\u00fck ad\u0131mlar, komplikasyonlara yol a\u00e7madan a\u011fr\u0131y\u0131 y\u00f6netmenize yard\u0131mc\u0131 olur.<\/span><\/p>\n<h3><span class=\"ez-toc-section\" id=\"Kuron_Yerlestirildikten_Sonra_Yeme_ve_Icme\"><\/span><b>Kuron Yerle\u015ftirildikten Sonra Yeme ve \u0130\u00e7me<\/b><span class=\"ez-toc-section-end\"><\/span><\/h3>\n<p><i><span style=\"font-weight: 400;\">Kuron yerle\u015ftirildikten sonra yemek yiyebilir miyim? <\/span><\/i><span style=\"font-weight: 400;\"><br \/>\n<\/span><span style=\"font-weight: 400;\">Evet, ancak ilk 24\u201348 saat boyunca yo\u011furt, patates p\u00fcresi veya \u00e7orba gibi yumu\u015fak g\u0131dalara y\u00f6nelin. Di\u015f hassasiyeti ya\u015f\u0131yorsan\u0131z \u00e7ok s\u0131cak, so\u011fuk veya yap\u0131\u015fkan yiyeceklerden ka\u00e7\u0131n\u0131n.<\/span><\/p>\n<p><i><span style=\"font-weight: 400;\">Kuron yerle\u015ftirildikten sonra bir \u015feyler i\u00e7ebilir miyim? <\/span><\/i><span style=\"font-weight: 400;\"><br \/>\n<\/span><span style=\"font-weight: 400;\">Ba\u015flang\u0131\u00e7ta \u0131l\u0131k i\u00e7ecekleri tercih edin. Di\u015f eti iltihab\u0131n\u0131 tahri\u015f edebilecek alkolden veya \u00e7ok asitli i\u00e7eceklerden ka\u00e7\u0131n\u0131n.<\/span><\/p>\n<p><span style=\"font-weight: 400;\">Rahats\u0131zl\u0131\u011f\u0131 en aza indirmek i\u00e7in beslenme ipu\u00e7lar\u0131:<\/span><\/p>\n<ul>\n\u00a0\t<\/p>\n<li style=\"font-weight: 400;\" aria-level=\"1\"><span style=\"font-weight: 400;\">Yiyecekleri k\u00fc\u00e7\u00fck par\u00e7alara b\u00f6l\u00fcn<\/span><\/li>\n<p>\u00a0\t<\/p>\n<li style=\"font-weight: 400;\" aria-level=\"1\"><span style=\"font-weight: 400;\">Kuronun olmad\u0131\u011f\u0131 tarafla \u00e7i\u011fneyin<\/span><\/li>\n<p>\u00a0\t<\/p>\n<li style=\"font-weight: 400;\" aria-level=\"1\"><span style=\"font-weight: 400;\">Sert veya \u00e7\u0131t\u0131r at\u0131\u015ft\u0131rmal\u0131klardan ka\u00e7\u0131n\u0131n<\/span><\/li>\n<\/ul>\n<p><span style=\"font-weight: 400;\">Bu \u00f6nlemler a\u011fr\u0131y\u0131 azalt\u0131r ve kuronun uyumunu korur.<\/span><\/p>\n<h3><span class=\"ez-toc-section\" id=\"Dis_Eti_ve_Agiz_Hijyeni\"><\/span><b>Di\u015f Eti ve A\u011f\u0131z Hijyeni<\/b><span class=\"ez-toc-section-end\"><\/span><\/h3>\n<p><span style=\"font-weight: 400;\">\u0130yi a\u011f\u0131z hijyeni, implant kuron sonras\u0131 di\u015f eti a\u011fr\u0131s\u0131n\u0131 ve kuron sonras\u0131 iltihapl\u0131 di\u015f etlerini \u00f6nler.<\/span><\/p>\n<p><span style=\"font-weight: 400;\">\u0130pu\u00e7lar\u0131 \u015funlar\u0131 i\u00e7erir:<\/span><\/p>\n<ul>\n\u00a0\t<\/p>\n<li style=\"font-weight: 400;\" aria-level=\"1\"><span style=\"font-weight: 400;\">G\u00fcnde iki kez kuronun etraf\u0131n\u0131 nazik\u00e7e f\u0131r\u00e7alay\u0131n<\/span><\/li>\n<p>\u00a0\t<\/p>\n<li style=\"font-weight: 400;\" aria-level=\"1\"><span style=\"font-weight: 400;\">Kuronun yerinden oynamas\u0131n\u0131 \u00f6nlemek i\u00e7in dikkatlice di\u015f ipi kullan\u0131n<\/span><\/li>\n<p>\u00a0\t<\/p>\n<li style=\"font-weight: 400;\" aria-level=\"1\"><span style=\"font-weight: 400;\">Bakterileri azaltmak i\u00e7in antibakteriyel a\u011f\u0131z gargaras\u0131 kullan\u0131n<\/span><\/li>\n<p>\u00a0\t<\/p>\n<li style=\"font-weight: 400;\" aria-level=\"1\"><span style=\"font-weight: 400;\">Enfeksiyon veya \u015fi\u015flik belirtilerini izleyin<\/span><\/li>\n<\/ul>\n<p><span style=\"font-weight: 400;\">Do\u011fru bak\u0131m, a\u011fr\u0131y\u0131 en aza indirir ve kuronun uzun vadeli ba\u015far\u0131s\u0131n\u0131 sa\u011flar.<\/span><\/p>\n<p><iframe title=\"All the way from Belguim to get her teeth done\" src=\"[https:\/\/www.youtube.com\/embed\/kAhPlUKDpXM](https:\/\/www.youtube.com\/embed\/kAhPlUKDpXM)\" width=\"1363\" height=\"767\" frameborder=\"0\" allowfullscreen=\"allowfullscreen\"><\/iframe><\/p>\n<h2><span class=\"ez-toc-section\" id=\"Ileri_Duzey_Endiseler\"><\/span><b>\u0130leri D\u00fczey Endi\u015feler<\/b><span class=\"ez-toc-section-end\"><\/span><\/h2>\n<p><span style=\"font-weight: 400;\">Baz\u0131 hastalar, rahats\u0131zl\u0131k devam ederse ek tedaviye ihtiya\u00e7 duyabilir. Daha fazla m\u00fcdahalenin ne zaman gerekti\u011fini bilmek \u00e7ok \u00f6nemlidir.<\/span><\/p>\n<h3><span class=\"ez-toc-section\" id=\"Daha_Fazla_Tedavi_Ne_Zaman_Gereklidir\"><\/span><b>Daha Fazla Tedavi Ne Zaman Gereklidir?<\/b><span class=\"ez-toc-section-end\"><\/span><\/h3>\n<p><span style=\"font-weight: 400;\">Kuron yerle\u015ftirildikten sonra ge\u00e7meyen di\u015f a\u011fr\u0131s\u0131 veya devam eden hassasiyet, altta yatan sorunlara i\u015faret edebilir. Sinirler iltihapl\u0131ysa kanal tedavisi gerekebilir. Di\u011fer belirtiler \u015funlard\u0131r:<\/span><\/p>\n<ul>\n\u00a0\t<\/p>\n<li style=\"font-weight: 400;\" aria-level=\"1\"><span style=\"font-weight: 400;\">\u015eiddetli, b\u00f6lgesel a\u011fr\u0131<\/span><\/li>\n<p>\u00a0\t<\/p>\n<li style=\"font-weight: 400;\" aria-level=\"1\"><span style=\"font-weight: 400;\">Kuron \u00e7evresinde \u015fi\u015flik veya iltihap (cerahat)<\/span><\/li>\n<p>\u00a0\t<\/p>\n<li style=\"font-weight: 400;\" aria-level=\"1\"><span style=\"font-weight: 400;\">Rahats\u0131zl\u0131\u011fa neden olan \u0131s\u0131r\u0131k problemleri<\/span><\/li>\n<\/ul>\n<p><span style=\"font-weight: 400;\">Zaman\u0131nda tedavi a\u011fr\u0131y\u0131 azalt\u0131r ve daha fazla di\u015f komplikasyonunu \u00f6nler.<\/span><\/p>\n<h2><span class=\"ez-toc-section\" id=\"Kuron_Bakimi_Icin_Neden_Vitrin_Clinici_Secmelisiniz\"><\/span><b>Kuron Bak\u0131m\u0131 \u0130\u00e7in Neden Vitrin Clinic&#8217;i Se\u00e7melisiniz?<\/b><span class=\"ez-toc-section-end\"><\/span><\/h2>\n<p><span style=\"font-weight: 400;\">Uzman Bak\u0131m\u0131 ve A\u011fr\u0131 Y\u00f6netimi<\/span><\/p>\n<p><span style=\"font-weight: 400;\">Vitrin Clinic&#8217;te kuronlar konusunda uzmanla\u015fm\u0131\u015f deneyimli di\u015f hekimleri ki\u015fiselle\u015ftirilmi\u015f bak\u0131m sunar. Yakla\u015f\u0131mlar\u0131, a\u011fr\u0131y\u0131 en aza indirmeye, hassasiyeti y\u00f6netmeye ve di\u015f eti iltihab\u0131n\u0131 izlemeye odaklan\u0131r.<\/span><\/p>\n<p><span style=\"font-weight: 400;\">Vitrin Clinic&#8217;i se\u00e7menin avantajlar\u0131 \u015funlard\u0131r:<\/span><\/p>\n<ul>\n\u00a0\t<\/p>\n<li style=\"font-weight: 400;\" aria-level=\"1\"><span style=\"font-weight: 400;\">Ki\u015fiselle\u015ftirilmi\u015f kuron sonras\u0131 iyile\u015fme planlar\u0131<\/span><\/li>\n<p>\u00a0\t<\/p>\n<li style=\"font-weight: 400;\" aria-level=\"1\"><span style=\"font-weight: 400;\">Uzman a\u011fr\u0131 y\u00f6netimi stratejileri<\/span><\/li>\n<p>\u00a0\t<\/p>\n<li style=\"font-weight: 400;\" aria-level=\"1\"><span style=\"font-weight: 400;\">Kuronun tam oturmas\u0131n\u0131 ve iyile\u015fmeyi sa\u011flamak i\u00e7in d\u00fczenli takipler<\/span><\/li>\n<\/ul>\n<p><span style=\"font-weight: 400;\"><a href=\"[https:\/\/dev.vitrinclinic.com\/](https:\/\/dev.vitrinclinic.com\/)\"><strong>Vitrin Clinic<\/strong><\/a> ile hastalar, kuron sonras\u0131 a\u011fr\u0131lar\u0131n\u0131n h\u0131zl\u0131 ve etkili bir \u015fekilde giderilece\u011fini bilerek g\u00fcvenle iyile\u015febilirler.<\/span><\/p>\n<h1><a href=\"[https:\/\/api.whatsapp.com\/send\/?phone=905451036000&amp;text=Hello+Vitrin+Clinic%0D%0AI+like+to+know+more+about+your+treatments+as+seen+on+your+website%21&amp;type=phone_number&amp;app_absent=0](https:\/\/api.whatsapp.com\/send\/?phone=905451036000&#038;text=Hello+Vitrin+Clinic%0D%0AI+like+to+know+more+about+your+treatments+as+seen+on+your+website%21&#038;type=phone_number&#038;app_absent=0)\" target=\"_blank\" rel=\"noopener noreferrer nofollow\"><img fetchpriority=\"high\" decoding=\"async\" class=\"aligncenter\" src=\"[https:\/\/dev.vitrinclinic.com\/wp-content\/uploads\/2025\/09\/CTA-3.webp](https:\/\/dev.vitrinclinic.com\/wp-content\/uploads\/2025\/09\/CTA-3.webp)\" alt=\"call us now\" width=\"700\" height=\"250\" \/><\/a><\/h1>\n<h2><span class=\"ez-toc-section\" id=\"SSS\"><\/span><b>SSS<\/b><span class=\"ez-toc-section-end\"><\/span><\/h2>\n<h3><span class=\"ez-toc-section\" id=\"Kuron_yerlestirildikten_sonra_agri_normal_mi\"><\/span><b>Kuron yerle\u015ftirildikten sonra a\u011fr\u0131 normal mi?<\/b><span class=\"ez-toc-section-end\"><\/span><\/h3>\n<p><span style=\"font-weight: 400;\">Evet. Uygulama sonras\u0131 hafif s\u0131zlama, hafif di\u015f hassasiyeti ve ara s\u0131ra g\u00f6r\u00fclen \u00e7ene a\u011fr\u0131s\u0131 beklenen durumlard\u0131r. \u015eiddetli veya ge\u00e7meyen a\u011fr\u0131lar de\u011ferlendirilmelidir.<\/span><\/p>\n<h3><span class=\"ez-toc-section\" id=\"Kuron_sonrasi_sizlama_ne_kadar_surmeli\"><\/span><b>Kuron sonras\u0131 s\u0131zlama ne kadar s\u00fcrmeli?<\/b><span class=\"ez-toc-section-end\"><\/span><\/h3>\n<p><span style=\"font-weight: 400;\">Rahats\u0131zl\u0131klar\u0131n \u00e7o\u011fu 3-7 g\u00fcn i\u00e7inde ge\u00e7er. Hafif ba\u015f a\u011fr\u0131s\u0131 veya \u00e7ene a\u011fr\u0131s\u0131 kademeli olarak d\u00fczelmelidir. Ge\u00e7meyen a\u011fr\u0131lar i\u00e7in di\u015f hekimine dan\u0131\u015f\u0131lmal\u0131d\u0131r.<\/span><\/p>\n<h3><span class=\"ez-toc-section\" id=\"Kuron_yerlestirildikten_sonra_yiyip_icebilir_miyim\"><\/span><b>Kuron yerle\u015ftirildikten sonra yiyip i\u00e7ebilir miyim?<\/b><span class=\"ez-toc-section-end\"><\/span><\/h3>\n<p><span style=\"font-weight: 400;\">Yumu\u015fak g\u0131dalar ve \u0131l\u0131k i\u00e7ecekler tavsiye edilir. Di\u015f hassasiyetini art\u0131rmamak i\u00e7in \u00e7ok s\u0131cak, so\u011fuk veya yap\u0131\u015fkan yiyeceklerden ka\u00e7\u0131n\u0131n. Do\u011fru beslenme a\u011fr\u0131y\u0131 azalt\u0131r.<\/span><\/p>\n<h3><span class=\"ez-toc-section\" id=\"Dis_etlerim_iltihaplanirsa_ne_yapmaliyim\"><\/span><b>Di\u015f etlerim iltihaplan\u0131rsa ne yapmal\u0131y\u0131m?<\/b><span class=\"ez-toc-section-end\"><\/span><\/h3>\n<p><span style=\"font-weight: 400;\">Il\u0131k tuzlu suyla \u00e7alkalay\u0131n, nazik\u00e7e f\u0131r\u00e7alay\u0131n ve enfeksiyon belirtilerini izleyin. Ge\u00e7meyen di\u015f eti iltihaplar\u0131 i\u00e7in di\u015f hekimi de\u011ferlendirmesi gerekir.<\/span><\/p>\n<h3><span class=\"ez-toc-section\" id=\"Siddetli_agri_icin_Vitrin_Clinic_ile_ne_zaman_iletisime_gecmeliyim\"><\/span><b>\u015eiddetli a\u011fr\u0131 i\u00e7in Vitrin Clinic ile ne zaman ileti\u015fime ge\u00e7meliyim?<\/b><span class=\"ez-toc-section-end\"><\/span><\/h3>\n<p><span style=\"font-weight: 400;\">\u015eiddetli a\u011fr\u0131, uzun s\u00fcreli di\u015f a\u011fr\u0131s\u0131 veya ge\u00e7meyen di\u015f eti iltihab\u0131 ya\u015f\u0131yorsan\u0131z klinikle ileti\u015fime ge\u00e7in. Erken m\u00fcdahale komplikasyonlar\u0131 \u00f6nler ve etkili rahatlama sa\u011flar.<\/span><\/p>\n","protected":false},"excerpt":{"rendered":"<p>Kuronlar tam oturacak \u015fekilde tasarlanm\u0131\u015ft\u0131r, ancak a\u011fz\u0131n\u0131z\u0131n buna al\u0131\u015fmas\u0131 i\u00e7in zamana ihtiyac\u0131 vard\u0131r. K\u00fc\u00e7\u00fck bir tahri\u015f bile kuron yerle\u015ftirildikten sonra di\u015f hassasiyetini, kuron yerle\u015ftirildikten sonra \u00e7ene a\u011fr\u0131s\u0131n\u0131 veya kuron yerle\u015ftirildikten&hellip;<\/p>\n","protected":false},"author":19,"featured_media":106246,"comment_status":"open","ping_status":"open","sticky":false,"template":"","format":"standard","meta":{"iawp_total_views":0,"footnotes":""},"categories":[349],"tags":[],"class_list":["post-106231","post","type-post","status-publish","format-standard","has-post-thumbnail","hentry","category-uncategorized-tr"],"_wp_old_slugs":["pain-after-crown-placement-symptoms-causes-and-relief-tips-tr"],"rank_math_title":"","rank_math_description":"","rank_math_focus_keyword":"","_links":{"self":[{"href":"https:\/\/dev.vitrinclinic.com\/tr\/wp-json\/wp\/v2\/posts\/106231","targetHints":{"allow":["GET"]}}],"collection":[{"href":"https:\/\/dev.vitrinclinic.com\/tr\/wp-json\/wp\/v2\/posts"}],"about":[{"href":"https:\/\/dev.vitrinclinic.com\/tr\/wp-json\/wp\/v2\/types\/post"}],"author":[{"embeddable":true,"href":"https:\/\/dev.vitrinclinic.com\/tr\/wp-json\/wp\/v2\/users\/19"}],"replies":[{"embeddable":true,"href":"https:\/\/dev.vitrinclinic.com\/tr\/wp-json\/wp\/v2\/comments?post=106231"}],"version-history":[{"count":1,"href":"https:\/\/dev.vitrinclinic.com\/tr\/wp-json\/wp\/v2\/posts\/106231\/revisions"}],"predecessor-version":[{"id":106247,"href":"https:\/\/dev.vitrinclinic.com\/tr\/wp-json\/wp\/v2\/posts\/106231\/revisions\/106247"}],"wp:featuredmedia":[{"embeddable":true,"href":"https:\/\/dev.vitrinclinic.com\/tr\/wp-json\/wp\/v2\/media\/106246"}],"wp:attachment":[{"href":"https:\/\/dev.vitrinclinic.com\/tr\/wp-json\/wp\/v2\/media?parent=106231"}],"wp:term":[{"taxonomy":"category","embeddable":true,"href":"https:\/\/dev.vitrinclinic.com\/tr\/wp-json\/wp\/v2\/categories?post=106231"},{"taxonomy":"post_tag","embeddable":true,"href":"https:\/\/dev.vitrinclinic.com\/tr\/wp-json\/wp\/v2\/tags?post=106231"}],"curies":[{"name":"wp","href":"https:\/\/api.w.org\/{rel}","templated":true}]}}