{"id":57867,"date":"2025-09-15T09:00:55","date_gmt":"2025-09-15T06:00:55","guid":{"rendered":"https:\/\/dev.vitrinclinic.com\/what-is-malocclusion-and-why-does-it-matter-for-oral-health-in-2026-tr\/"},"modified":"2025-11-06T15:26:08","modified_gmt":"2025-11-06T12:26:08","slug":"malocclusion","status":"publish","type":"post","link":"https:\/\/dev.vitrinclinic.com\/tr\/malocclusion\/","title":{"rendered":"Malokl\u00fczyon Nedir ve 2026\u2019da A\u011f\u0131z Sa\u011fl\u0131\u011f\u0131 \u0130\u00e7in Neden \u00d6nemlidir?"},"content":{"rendered":"<p>TR<\/p>\n<p>Malokl\u00fczyon Nedir ve 2026\u2019da A\u011f\u0131z Sa\u011fl\u0131\u011f\u0131 \u0130\u00e7in Neden \u00d6nemlidir?<\/p>\n<h2><span class=\"ez-toc-section\" id=\"Malokluzyon_Nedir_ve_Agiz_Sagligi_Icin_Neden_Onemlidir\"><\/span>Malokl\u00fczyon Nedir ve A\u011f\u0131z Sa\u011fl\u0131\u011f\u0131 \u0130\u00e7in Neden \u00d6nemlidir?<span class=\"ez-toc-section-end\"><\/span><\/h2>\n<p>Malokl\u00fczyon, a\u011f\u0131z kapat\u0131ld\u0131\u011f\u0131nda di\u015flerin ve \u00e7enelerin d\u00fczg\u00fcn \u015fekilde hizalanmad\u0131\u011f\u0131 bir di\u015f durumudur. Bu hizas\u0131zl\u0131k, \u00e7i\u011fneme, konu\u015fma, a\u011f\u0131z hijyeni ve \u00e7ene fonksiyonu ile ilgili sorunlara neden olarak a\u011f\u0131z sa\u011fl\u0131\u011f\u0131n\u0131 etkiler. Tedavi edilmezse, malokl\u00fczyon di\u015f a\u015f\u0131nmas\u0131, di\u015f eti hastal\u0131\u011f\u0131 ve \u00e7ene a\u011fr\u0131s\u0131na yol a\u00e7abilir. Ayr\u0131ca g\u00fcl\u00fcmsemenizi ve \u00f6zg\u00fcveninizi etkileyerek esteti\u011fi de etkiler.<\/p>\n<h3><span class=\"ez-toc-section\" id=\"Malokluzyonun_Ana_Nedenleri_Nelerdir\"><\/span>Malokl\u00fczyonun Ana Nedenleri Nelerdir?<span class=\"ez-toc-section-end\"><\/span><\/h3>\n<p>Malokl\u00fczyon, genetik ve \u00e7evresel fakt\u00f6rlerin bir kombinasyonundan kaynaklanabilir. Genetik, \u00e7ene boyutunu, \u015feklini ve di\u015f boyutunu belirleyebilirken, parmak emme veya dil itme gibi al\u0131\u015fkanl\u0131klar, eksik veya fazla di\u015fler ve \u00e7ene boyutu farkl\u0131l\u0131klar\u0131 da rol oynar.<\/p>\n<h3><span class=\"ez-toc-section\" id=\"Malokluzyon_genetik_mi_yoksa_kalitsal_mi\"><\/span>Malokl\u00fczyon genetik mi yoksa kal\u0131tsal m\u0131?<span class=\"ez-toc-section-end\"><\/span><\/h3>\n<p>Evet, malokl\u00fczyon genellikle ebeveynlerden miras al\u0131n\u0131r \u00e7\u00fcnk\u00fc genler \u00e7ene ve di\u015f geli\u015fimini etkiler.<\/p>\n<h4><span class=\"ez-toc-section\" id=\"Hangi_genler_cene_ve_dis_hizalamasiyla_baglantilidir\"><\/span>Hangi genler \u00e7ene ve di\u015f hizalamas\u0131yla ba\u011flant\u0131l\u0131d\u0131r?<span class=\"ez-toc-section-end\"><\/span><\/h4>\n<p>MSX1 ve PAX9 gibi genler \u00e7ene kemi\u011fi b\u00fcy\u00fcmesi ve di\u015f olu\u015fumu ile ba\u011flant\u0131l\u0131d\u0131r ve di\u015flerin nas\u0131l hizaland\u0131\u011f\u0131n\u0131 etkiler.<\/p>\n<h4><span class=\"ez-toc-section\" id=\"Malokluzyon_nesilleri_atlayabilir_mi\"><\/span>Malokl\u00fczyon nesilleri atlayabilir mi?<span class=\"ez-toc-section-end\"><\/span><\/h4>\n<p>Evet, malokl\u00fczyon i\u00e7in genetik \u00f6zellikler nesilleri atlayabilir, yani ebeveynler g\u00f6stermese bile bir \u00e7ocuk hizas\u0131zl\u0131k miras alabilir.<\/p>\n<h3><span class=\"ez-toc-section\" id=\"Parmak_emme_malokluzyona_neden_olabilir_mi\"><\/span>Parmak emme malokl\u00fczyona neden olabilir mi?<span class=\"ez-toc-section-end\"><\/span><\/h3>\n<p>Evet, uzun s\u00fcreli parmak emme di\u015fler ve \u00e7eneler \u00fczerinde bask\u0131 uygulayarak hizas\u0131zl\u0131\u011fa neden olabilir.<\/p>\n<h4><span class=\"ez-toc-section\" id=\"Parmak_emme_hangi_yasta_zararli_hale_gelir\"><\/span>Parmak emme hangi ya\u015fta zararl\u0131 hale gelir?<span class=\"ez-toc-section-end\"><\/span><\/h4>\n<p>Parmak emme, kal\u0131c\u0131 di\u015fler s\u00fcrerken 3-4 ya\u015f\u0131ndan sonra devam ederse zararl\u0131 hale gelir.<\/p>\n<h4><span class=\"ez-toc-section\" id=\"Uzun_sureli_parmak_emme_hangi_tur_malokluzyonlara_neden_olur\"><\/span>Uzun s\u00fcreli parmak emme hangi t\u00fcr malokl\u00fczyonlara neden olur?<span class=\"ez-toc-section-end\"><\/span><\/h4>\n<p>Genellikle anterior a\u00e7\u0131k kapan\u0131\u015f ve \u00e7\u0131k\u0131k \u00fcst \u00f6n di\u015flere (overjet) neden olur.<\/p>\n<h3><span class=\"ez-toc-section\" id=\"Cene_boyutu_malokluzyonu_nasil_etkiler\"><\/span>\u00c7ene boyutu malokl\u00fczyonu nas\u0131l etkiler?<span class=\"ez-toc-section-end\"><\/span><\/h3>\n<p>\u00c7ene boyutu, di\u015flerin a\u011f\u0131zda nas\u0131l oturdu\u011funu etkiler. \u00dcst ve alt \u00e7ene boyutu aras\u0131ndaki uyumsuzluk malokl\u00fczyona neden olabilir.<\/p>\n<h4><span class=\"ez-toc-section\" id=\"Kucuk_bir_cene_asiri_kalabaliga_neden_olabilir_mi\"><\/span>K\u00fc\u00e7\u00fck bir \u00e7ene a\u015f\u0131r\u0131 kalabal\u0131\u011fa neden olabilir mi?<span class=\"ez-toc-section-end\"><\/span><\/h4>\n<p>Evet, k\u00fc\u00e7\u00fck bir \u00e7ene yeterli alana sahip olmayabilir ve bu da di\u015flerin kalabal\u0131kla\u015fmas\u0131na yol a\u00e7ar.<\/p>\n<h4><span class=\"ez-toc-section\" id=\"Buyuk_bir_cene_neden_bosluk_sorunlarina_yol_acar\"><\/span>B\u00fcy\u00fck bir \u00e7ene neden bo\u015fluk sorunlar\u0131na yol a\u00e7ar?<span class=\"ez-toc-section-end\"><\/span><\/h4>\n<p>B\u00fcy\u00fck bir \u00e7ene fazladan alan yaratabilir ve di\u015fler aras\u0131nda bo\u015fluklara neden olabilir.<\/p>\n<h3><span class=\"ez-toc-section\" id=\"Eksik_veya_fazla_disler_malokluzyona_yol_acar_mi\"><\/span>Eksik veya fazla di\u015fler malokl\u00fczyona yol a\u00e7ar m\u0131?<span class=\"ez-toc-section-end\"><\/span><\/h3>\n<p>Evet, eksik di\u015fler kom\u015fu di\u015flerin kaymas\u0131na neden olur; fazla di\u015fler di\u015fleri kalabal\u0131kla\u015ft\u0131rabilir veya hizadan \u00e7\u0131karabilir.<\/p>\n<h4><span class=\"ez-toc-section\" id=\"Yirmi_yas_disleri_malokluzyona_nasil_katkida_bulunur\"><\/span>Yirmi ya\u015f di\u015fleri malokl\u00fczyona nas\u0131l katk\u0131da bulunur?<span class=\"ez-toc-section-end\"><\/span><\/h4>\n<p>G\u00f6m\u00fcl\u00fc yirmi ya\u015f di\u015fleri biti\u015fik az\u0131 di\u015flerini \u00f6ne itebilir ve kalabal\u0131\u011fa neden olabilir.<\/p>\n<h4><span class=\"ez-toc-section\" id=\"Supernumerer_disler_diger_disleri_hizadan_cikarabilir_mi\"><\/span>S\u00fcpern\u00fcmerer di\u015fler di\u011fer di\u015fleri hizadan \u00e7\u0131karabilir mi?<span class=\"ez-toc-section-end\"><\/span><\/h4>\n<p>Evet, fazla di\u015fler normal di\u015fler i\u00e7in gereken alan\u0131 i\u015fgal ederek hizas\u0131zl\u0131\u011fa neden olur.<\/p>\n<h3><span class=\"ez-toc-section\" id=\"Dil_itme_gibi_aliskanliklar_malokluzyona_nasil_katkida_bulunur\"><\/span>Dil itme gibi al\u0131\u015fkanl\u0131klar malokl\u00fczyona nas\u0131l katk\u0131da bulunur?<span class=\"ez-toc-section-end\"><\/span><\/h3>\n<p>Dil itme di\u015fler \u00fczerinde bask\u0131 olu\u015fturarak onlar\u0131 \u00f6ne iter ve kapan\u0131\u015f geli\u015fimini etkiler.<\/p>\n<h4><span class=\"ez-toc-section\" id=\"Dil_pozisyonu_kapanis_gelisimini_nasil_etkiler\"><\/span>Dil pozisyonu kapan\u0131\u015f geli\u015fimini nas\u0131l etkiler?<span class=\"ez-toc-section-end\"><\/span><\/h4>\n<p>Uygunsuz bir dil pozisyonu di\u015flerin d\u00fczg\u00fcn kapanmas\u0131n\u0131 engelleyerek a\u00e7\u0131k kapan\u0131\u015f veya di\u011fer hizas\u0131zl\u0131klara neden olabilir.<\/p>\n<h2><span class=\"ez-toc-section\" id=\"Malokluzyonun_Farkli_Turleri_Nelerdir\"><\/span>Malokl\u00fczyonun Farkl\u0131 T\u00fcrleri Nelerdir?<span class=\"ez-toc-section-end\"><\/span><\/h2>\n<p style=\"text-align: center;\">\n<table id=\"tablepress-11\" class=\"tablepress tablepress-id-11\">\n<thead>\n<tr class=\"row-1\">\n\t<th class=\"column-1\">Type<\/th><th class=\"column-2\">Description<\/th>\n<\/tr>\n<\/thead>\n<tbody class=\"row-striping row-hover\">\n<tr class=\"row-2\">\n\t<td class=\"column-1\">Class I<\/td><td class=\"column-2\">Normal bite, but teeth are misaligned or crowded<\/td>\n<\/tr>\n<tr class=\"row-3\">\n\t<td class=\"column-1\">Class II<\/td><td class=\"column-2\">Overbite \u2013 upper jaw\/teeth protrude<\/td>\n<\/tr>\n<tr class=\"row-4\">\n\t<td class=\"column-1\">Class III<\/td><td class=\"column-2\">Underbite \u2013 lower jaw\/teeth protrude<\/td>\n<\/tr>\n<tr class=\"row-5\">\n\t<td class=\"column-1\">Crossbite<\/td><td class=\"column-2\">Upper teeth sit inside lower teeth<\/td>\n<\/tr>\n<tr class=\"row-6\">\n\t<td class=\"column-1\">Open Bite<\/td><td class=\"column-2\">Front teeth don\u2019t touch when biting<\/td>\n<\/tr>\n<tr class=\"row-7\">\n\t<td class=\"column-1\">Deep Bite<\/td><td class=\"column-2\">Upper front teeth cover lower teeth too much<\/td>\n<\/tr>\n<tr class=\"row-8\">\n\t<td class=\"column-1\">Crowding<\/td><td class=\"column-2\">Not enough space for proper alignment<\/td>\n<\/tr>\n<tr class=\"row-9\">\n\t<td class=\"column-1\">Spacing<\/td><td class=\"column-2\">Gaps between teeth<\/td>\n<\/tr>\n<tr class=\"row-10\">\n\t<td class=\"column-1\">Impacted Teeth<\/td><td class=\"column-2\">Teeth stuck in bone or gum<\/td>\n<\/tr>\n<\/tbody>\n<\/table>\n<\/p>\n<h3><span class=\"ez-toc-section\" id=\"Sinif_I_malokluzyon_nedir\"><\/span>S\u0131n\u0131f I malokl\u00fczyon nedir?<span class=\"ez-toc-section-end\"><\/span><\/h3>\n<p>S\u0131n\u0131f I malokl\u00fczyon, kapan\u0131\u015f\u0131n normal oldu\u011fu ancak kalabal\u0131kla\u015fma, bo\u015fluk veya hizas\u0131z di\u015fler oldu\u011fu durumdur.<\/p>\n<h3><span class=\"ez-toc-section\" id=\"Sinif_II_malokluzyon_derin_kapanis_nedir\"><\/span>S\u0131n\u0131f II malokl\u00fczyon (derin kapan\u0131\u015f) nedir?<span class=\"ez-toc-section-end\"><\/span><\/h3>\n<p>S\u0131n\u0131f II malokl\u00fczyon, \u00fcst di\u015flerin alt di\u015fleri \u00f6nemli \u00f6l\u00e7\u00fcde \u00f6rtmesi durumunda olu\u015fur.<\/p>\n<h4><span class=\"ez-toc-section\" id=\"Sinif_II_malokluzyonun_alt_turleri_nelerdir\"><\/span>S\u0131n\u0131f II malokl\u00fczyonun alt t\u00fcrleri nelerdir?<span class=\"ez-toc-section-end\"><\/span><\/h4>\n<ul>\n<li style=\"font-weight: 400;\" aria-level=\"1\">B\u00f6l\u00fcm 1: \u00dcst \u00f6n di\u015fler d\u0131\u015fa do\u011fru \u00e7\u0131k\u0131kt\u0131r.<\/li>\n<li style=\"font-weight: 400;\" aria-level=\"1\">B\u00f6l\u00fcm 2: \u00dcst \u00f6n di\u015fler geriye do\u011fru e\u011filimlidir.<\/li>\n<\/ul>\n<h3><span class=\"ez-toc-section\" id=\"Sinif_III_malokluzyon_ters_kapanis_nedir\"><\/span>S\u0131n\u0131f III malokl\u00fczyon (ters kapan\u0131\u015f) nedir?<span class=\"ez-toc-section-end\"><\/span><\/h3>\n<p>S\u0131n\u0131f III, alt di\u015flerin \u00fcst di\u015flerin \u00f6tesine ge\u00e7erek ters kapan\u0131\u015fa neden oldu\u011fu durumdur.<\/p>\n<h4><span class=\"ez-toc-section\" id=\"Sinif_III_malokluzyon_neden_tedavi_edilmesi_daha_karmasiktir\"><\/span>S\u0131n\u0131f III malokl\u00fczyon neden tedavi edilmesi daha karma\u015f\u0131kt\u0131r?<span class=\"ez-toc-section-end\"><\/span><\/h4>\n<p>\u00c7\u00fcnk\u00fc genellikle ortodontiye ek olarak ameliyat gerektiren \u00e7ene kemi\u011fi tutars\u0131zl\u0131klar\u0131n\u0131 i\u00e7erir.<\/p>\n<h3><span class=\"ez-toc-section\" id=\"Acik_kapanis_nedir_ve_neden_olur\"><\/span>A\u00e7\u0131k kapan\u0131\u015f nedir ve neden olur?<span class=\"ez-toc-section-end\"><\/span><\/h3>\n<p>A\u00e7\u0131k kapan\u0131\u015f, \u0131s\u0131r\u0131ld\u0131\u011f\u0131nda \u00f6n veya arka di\u015flerin de\u011fmemesi durumudur. Al\u0131\u015fkanl\u0131klar veya \u00e7ene b\u00fcy\u00fcme sorunlar\u0131 nedeniyle olur.<\/p>\n<h4><span class=\"ez-toc-section\" id=\"Anterior_ve_posterior_acik_kapanis_arasindaki_farklar_nelerdir\"><\/span>Anterior ve posterior a\u00e7\u0131k kapan\u0131\u015f aras\u0131ndaki farklar nelerdir?<span class=\"ez-toc-section-end\"><\/span><\/h4>\n<p>Anterior a\u00e7\u0131k kapan\u0131\u015f \u00f6n di\u015flerin de\u011fmemesini i\u00e7erir; posterior a\u00e7\u0131k kapan\u0131\u015f arka di\u015flerin de\u011fmemesini i\u00e7erir.<\/p>\n<h3><span class=\"ez-toc-section\" id=\"Capraz_kapanis_nedir\"><\/span>\u00c7apraz kapan\u0131\u015f nedir?<span class=\"ez-toc-section-end\"><\/span><\/h3>\n<p>\u00c7apraz kapan\u0131\u015f, \u00fcst di\u015flerin d\u0131\u015f yerine alt di\u015flerin i\u00e7ine oturmas\u0131 durumunda olu\u015fur. Bir di\u015fi, birka\u00e7 di\u015fi veya a\u011fz\u0131n t\u00fcm bir taraf\u0131n\u0131 etkileyebilir. Tedavi edilmezse \u00e7apraz kapan\u0131\u015flar e\u015fit olmayan a\u015f\u0131nmaya, di\u015f eti sorunlar\u0131na ve \u00e7ene rahats\u0131zl\u0131\u011f\u0131na yol a\u00e7abilir.<\/p>\n<h4><span class=\"ez-toc-section\" id=\"Tek_tarafli_ve_iki_tarafli_capraz_kapanis_arasindaki_fark_nedir\"><\/span>Tek tarafl\u0131 ve iki tarafl\u0131 \u00e7apraz kapan\u0131\u015f aras\u0131ndaki fark nedir?<span class=\"ez-toc-section-end\"><\/span><\/h4>\n<p>Tek tarafl\u0131 \u00e7apraz kapan\u0131\u015f a\u011fz\u0131n yaln\u0131zca bir taraf\u0131ndaki di\u015fleri etkilerken, iki tarafl\u0131 \u00e7apraz kapan\u0131\u015f her iki taraf\u0131 da etkiler. Tek tarafl\u0131 vakalar genellikle asimetrik \u00e7ene b\u00fcy\u00fcmesine neden olurken, iki tarafl\u0131 \u00e7apraz kapan\u0131\u015flar genel kapan\u0131\u015f fonksiyonunu ve hizalamay\u0131 daha kapsaml\u0131 \u015fekilde etkileyebilir.<\/p>\n<h3><span class=\"ez-toc-section\" id=\"Derin_kapanis_nedir\"><\/span>Derin kapan\u0131\u015f nedir?<span class=\"ez-toc-section-end\"><\/span><\/h3>\n<p>Derin kapan\u0131\u015f, \u00fcst \u00f6n di\u015flerin alt \u00f6n di\u015fleri dikey olarak a\u015f\u0131r\u0131 \u00f6rtmesi durumunda olu\u015fur. Bu durum di\u015f eti tahri\u015fine, di\u015f a\u015f\u0131nmas\u0131na ve hatta \u00e7ene gerginli\u011fine neden olabilir. \u015eiddetli derin kapan\u0131\u015flar g\u00f6r\u00fcn\u00fcm\u00fc de etkileyebilir ve \u00e7i\u011fneme s\u0131ras\u0131nda fonksiyonel sorunlara yol a\u00e7abilir.<\/p>\n<h3><span class=\"ez-toc-section\" id=\"Malokluzyonda_kalabaliklasma_ve_bosluk_nedir\"><\/span>Malokl\u00fczyonda kalabal\u0131kla\u015fma ve bo\u015fluk nedir?<span class=\"ez-toc-section-end\"><\/span><\/h3>\n<p>Kalabal\u0131kla\u015fma, \u00e7enede yeterli alan olmad\u0131\u011f\u0131nda meydana gelir ve di\u015flerin \u00f6rt\u00fc\u015fmesine veya b\u00fck\u00fclmesine neden olur. Bo\u015fluk bunun tersidir, di\u015fler aras\u0131nda a\u015f\u0131r\u0131 bo\u015fluklar\u0131n oldu\u011fu durumdur. Her iki sorun da \u00e7i\u011fnemeyi, esteti\u011fi ve genel di\u015f sa\u011fl\u0131\u011f\u0131n\u0131 etkileyebilecek malokl\u00fczyon t\u00fcrleridir.<\/p>\n<h2><span class=\"ez-toc-section\" id=\"Malokluzyonun_Yaygin_Belirtileri_Nelerdir\"><\/span>Malokl\u00fczyonun Yayg\u0131n Belirtileri Nelerdir?<span class=\"ez-toc-section-end\"><\/span><\/h2>\n<p>Yayg\u0131n belirtiler aras\u0131nda e\u011fri veya kalabal\u0131k di\u015fler, \u00e7i\u011fneme zorlu\u011fu, konu\u015fma sorunlar\u0131, yanaklar\u0131n s\u0131k \u0131s\u0131r\u0131lmas\u0131, \u00e7ene a\u011fr\u0131s\u0131 ve ba\u015f a\u011fr\u0131lar\u0131 bulunur. Baz\u0131 hastalar ayr\u0131ca e\u015fit olmayan di\u015f a\u015f\u0131nmas\u0131 ve g\u00fcl\u00fcmsemelerinden memnuniyetsizlik fark ederler. Belirtiler, malokl\u00fczyonun ciddiyetine ve t\u00fcr\u00fcne ba\u011fl\u0131 olarak de\u011fi\u015fir.<\/p>\n<h3><span class=\"ez-toc-section\" id=\"Malokluzyon_cignemeyi_nasil_etkiler\"><\/span>Malokl\u00fczyon \u00e7i\u011fnemeyi nas\u0131l etkiler?<span class=\"ez-toc-section-end\"><\/span><\/h3>\n<p>Malokl\u00fczyon, di\u015fleri hizadan \u00e7\u0131kararak onlar\u0131n d\u00fczg\u00fcn \u015fekilde bulu\u015fmas\u0131n\u0131 engelleyerek \u00e7i\u011fnemeyi verimsiz hale getirebilir. Bu, e\u015fit olmayan bas\u0131nca, eksik yiyecek par\u00e7alanmas\u0131na ve sindirim gerginli\u011fine yol a\u00e7ar. \u015eiddetli vakalar, daha sert yiyecekler yenirken rahats\u0131zl\u0131k veya \u00e7ene yorgunlu\u011funa da neden olabilir.<\/p>\n<h4><span class=\"ez-toc-section\" id=\"Malokluzyon_yiyecege_isirmada_zorluga_neden_olabilir_mi\"><\/span>Malokl\u00fczyon yiyece\u011fe \u0131s\u0131rmada zorlu\u011fa neden olabilir mi?<span class=\"ez-toc-section-end\"><\/span><\/h4>\n<p>Evet. Di\u015fler hizas\u0131z oldu\u011funda, \u00f6n di\u015fler d\u00fczg\u00fcn \u015fekilde bulu\u015fmayabilir ve bu da elma veya sandvi\u00e7 gibi yiyeceklere \u0131s\u0131rmay\u0131 zorla\u015ft\u0131r\u0131r. Derin kapan\u0131\u015f, ters kapan\u0131\u015f veya a\u00e7\u0131k kapan\u0131\u015flar genellikle bu soruna neden olur ve hem fonksiyonu hem de yemek yerken konforu etkiler.<\/p>\n<h3><span class=\"ez-toc-section\" id=\"Malokluzyon_konusma_sorunlarina_neden_olabilir_mi\"><\/span>Malokl\u00fczyon konu\u015fma sorunlar\u0131na neden olabilir mi?<span class=\"ez-toc-section-end\"><\/span><\/h3>\n<p>Evet. Hizas\u0131z di\u015fler konu\u015fma s\u0131ras\u0131nda dil yerle\u015fimi ve hava ak\u0131\u015f\u0131n\u0131 engelleyebilir. Bu, peltek konu\u015fmaya, belirsiz telaffuza veya belirli seslerle zorluk ya\u015famaya neden olabilir. \u015eiddetli malokl\u00fczyon ileti\u015fimi zorla\u015ft\u0131rabilir ve konu\u015fma durumlar\u0131nda \u00f6zg\u00fcveni etkileyebilir.<\/p>\n<h4><span class=\"ez-toc-section\" id=\"Malokluzyondan_hangi_konusma_sesleri_etkilenir\"><\/span>Malokl\u00fczyondan hangi konu\u015fma sesleri etkilenir?<span class=\"ez-toc-section-end\"><\/span><\/h4>\n<p>Hassas dil ve di\u015f koordinasyonu gerektiren sesler en \u00e7ok etkilenir, \u00f6zellikle &#8220;s,&#8221; &#8220;z,&#8221; &#8220;t,&#8221; &#8220;d&#8221; ve &#8220;th.&#8221; Malokl\u00fczyon peltek konu\u015fmaya veya bozulmaya neden olabilir, \u00e7\u00fcnk\u00fc dil di\u015flere veya dama\u011fa d\u00fczg\u00fcn \u015fekilde temas edemez ve bu da belirsiz veya de\u011fi\u015ftirilmi\u015f konu\u015fma \u00fcretimine yol a\u00e7ar.<\/p>\n<h3><span class=\"ez-toc-section\" id=\"Malokluzyon_neden_cene_agrisina_veya_bas_agrilarina_yol_acar\"><\/span>Malokl\u00fczyon neden \u00e7ene a\u011fr\u0131s\u0131na veya ba\u015f a\u011fr\u0131lar\u0131na yol a\u00e7ar?<span class=\"ez-toc-section-end\"><\/span><\/h3>\n<p>Hizas\u0131z di\u015fler \u00e7ene kaslar\u0131n\u0131 ve temporomandibular eklemi (TMJ) zorlar. Zamanla bu dengesizlik gerginli\u011fe neden olarak \u00e7ene a\u011fr\u0131s\u0131na, t\u0131klama seslerine ve ba\u015f a\u011fr\u0131lar\u0131na yol a\u00e7ar. Kronik s\u0131kma veya e\u015fit olmayan \u00e7i\u011fneme bas\u0131nc\u0131, malokl\u00fczyonu olan hastalarda rahats\u0131zl\u0131\u011f\u0131 daha da k\u00f6t\u00fcle\u015ftirir.<\/p>\n<h3><span class=\"ez-toc-section\" id=\"Malokluzyon_estetik_kaygilara_neden_olabilir_mi\"><\/span>Malokl\u00fczyon estetik kayg\u0131lara neden olabilir mi?<span class=\"ez-toc-section-end\"><\/span><\/h3>\n<p>Evet. Malokl\u00fczyon genellikle e\u011fri, \u00e7\u0131k\u0131k veya e\u015fit olmayan di\u015flere neden olarak g\u00fcl\u00fcmseme g\u00f6r\u00fcn\u00fcm\u00fcn\u00fc etkiler. Ayr\u0131ca y\u00fcz dengesini de\u011fi\u015ftirerek \u00e7ene \u00e7izgisinin asimetrik g\u00f6r\u00fcnmesine neden olabilir. Bir\u00e7ok hasta sadece fonksiyon i\u00e7in de\u011fil, ayn\u0131 zamanda geli\u015fmi\u015f estetik ve \u00f6zg\u00fcven i\u00e7in de tedavi arar.<\/p>\n<h4><span class=\"ez-toc-section\" id=\"Malokluzyon_gulumseme_simetrisini_nasil_etkiler\"><\/span>Malokl\u00fczyon g\u00fcl\u00fcmseme simetrisini nas\u0131l etkiler?<span class=\"ez-toc-section-end\"><\/span><\/h4>\n<p>E\u015fit olmayan veya e\u011fri di\u015fler dengesiz bir g\u00fcl\u00fcmseme yarat\u0131r.<\/p>\n<h3><span class=\"ez-toc-section\" id=\"Malokluzyon_agiz_hijyenini_nasil_etkiler\"><\/span>Malokl\u00fczyon a\u011f\u0131z hijyenini nas\u0131l etkiler?<span class=\"ez-toc-section-end\"><\/span><\/h3>\n<p>Kalabal\u0131k veya e\u011fri di\u015fler yiyecek ve plak tutar, temizlemeyi zorla\u015ft\u0131r\u0131r.<\/p>\n<h4><span class=\"ez-toc-section\" id=\"Dis_kalabaliklasmasi_neden_temizlemesi_daha_zordur\"><\/span>Di\u015f kalabal\u0131kla\u015fmas\u0131 neden temizlemesi daha zordur?<span class=\"ez-toc-section-end\"><\/span><\/h4>\n<p>\u00d6rt\u00fc\u015fen di\u015fler, pla\u011f\u0131n birikti\u011fi ula\u015f\u0131lmas\u0131 zor alanlar yarat\u0131r.<\/p>\n<h2><span class=\"ez-toc-section\" id=\"Malokluzyon_Nasil_Teshis_Edilir\"><\/span>Malokl\u00fczyon Nas\u0131l Te\u015fhis Edilir?<span class=\"ez-toc-section-end\"><\/span><\/h2>\n<p>Te\u015fhis, klinik muayeneler, g\u00f6r\u00fcnt\u00fcleme ve bazen \u00f6zel analiz i\u00e7erir.<\/p>\n<h3><span class=\"ez-toc-section\" id=\"Dis_muayeneleri_teshiste_ne_rol_oynar\"><\/span>Di\u015f muayeneleri te\u015fhiste ne rol oynar?<span class=\"ez-toc-section-end\"><\/span><\/h3>\n<p>Di\u015f hekimleri muayeneler s\u0131ras\u0131nda kapan\u0131\u015f\u0131, hizalamay\u0131 ve \u00e7ene hareketini de\u011ferlendirir.<\/p>\n<h3><span class=\"ez-toc-section\" id=\"X-isinlari_malokluzyon_degerlendirmesinde_nasil_kullanilir\"><\/span>X-\u0131\u015f\u0131nlar\u0131 malokl\u00fczyon de\u011ferlendirmesinde nas\u0131l kullan\u0131l\u0131r?<span class=\"ez-toc-section-end\"><\/span><\/h3>\n<p>X-\u0131\u015f\u0131nlar\u0131 kemik yap\u0131s\u0131n\u0131, di\u015f pozisyonunu ve g\u00f6m\u00fcl\u00fc di\u015fleri ortaya \u00e7\u0131kar\u0131r.<\/p>\n<h3><span class=\"ez-toc-section\" id=\"Sefalometrik_analiz_nedir\"><\/span>Sefalometrik analiz nedir?<span class=\"ez-toc-section-end\"><\/span><\/h3>\n<p>\u00c7ene ili\u015fkilerini ve b\u00fcy\u00fcme d\u00fczenlerini \u00f6l\u00e7en \u00f6zel bir X-\u0131\u015f\u0131n\u0131.<\/p>\n<h4><span class=\"ez-toc-section\" id=\"Sefalometrik_analiz_cene_buyumesi_hakkinda_ne_ortaya_koyar\"><\/span>Sefalometrik analiz \u00e7ene b\u00fcy\u00fcmesi hakk\u0131nda ne ortaya koyar?<span class=\"ez-toc-section-end\"><\/span><\/h4>\n<p>Tedavi planlamas\u0131 i\u00e7in kritik olan \u00e7ene boyutunu, a\u00e7\u0131s\u0131n\u0131 ve b\u00fcy\u00fcme e\u011filimlerini g\u00f6sterir.<\/p>\n<h3><span class=\"ez-toc-section\" id=\"Dijital_taramalar_malokluzyonun_belirlenmesine_yardimci_olabilir_mi\"><\/span>Dijital taramalar malokl\u00fczyonun belirlenmesine yard\u0131mc\u0131 olabilir mi?<span class=\"ez-toc-section-end\"><\/span><\/h3>\n<p>Evet, dijital 3D taramalar di\u015flerin ve \u00e7enelerin hassas g\u00f6r\u00fcnt\u00fclerini sa\u011flar.<\/p>\n<h4><span class=\"ez-toc-section\" id=\"3D_dijital_taramalar_geleneksel_olculere_kiyasla_ne_kadar_dogrudur\"><\/span>3D dijital taramalar geleneksel \u00f6l\u00e7\u00fclere k\u0131yasla ne kadar do\u011frudur?<span class=\"ez-toc-section-end\"><\/span><\/h4>\n<p>3D taramalar geleneksel kal\u0131plardan daha do\u011fru, daha h\u0131zl\u0131 ve daha az rahats\u0131z edicidir.<\/p>\n<h2><span class=\"ez-toc-section\" id=\"Malokluzyon_Icin_En_Iyi_Tedaviler_Nelerdir\"><\/span>Malokl\u00fczyon \u0130\u00e7in En \u0130yi Tedaviler Nelerdir?<span class=\"ez-toc-section-end\"><\/span><\/h2>\n<p>Tedavi ciddiyete ve t\u00fcre ba\u011fl\u0131d\u0131r ancak esas olarak ortodonti ve bazen ameliyat i\u00e7erir.<\/p>\n<h3><span class=\"ez-toc-section\" id=\"Dis_telleri_malokluzyonu_nasil_duzeltir\"><\/span>Di\u015f telleri malokl\u00fczyonu nas\u0131l d\u00fczeltir?<span class=\"ez-toc-section-end\"><\/span><\/h3>\n<p>Di\u015f telleri, di\u015fleri yava\u015f yava\u015f do\u011fru pozisyona kayd\u0131rmak i\u00e7in s\u00fcrekli bas\u0131n\u00e7 uygular.<\/p>\n<h4><span class=\"ez-toc-section\" id=\"Gunumuzde_hangi_tur_dis_telleri_mevcuttur\"><\/span>G\u00fcn\u00fcm\u00fczde hangi t\u00fcr di\u015f telleri mevcuttur?<span class=\"ez-toc-section-end\"><\/span><\/h4>\n<p>Metal, seramik, lingual ve \u015feffaf plaklar.<\/p>\n<h4><span class=\"ez-toc-section\" id=\"Metal_dis_telleri_seramik_dis_tellerine_kiyasla_nasildir\"><\/span>Metal di\u015f telleri seramik di\u015f tellerine k\u0131yasla nas\u0131ld\u0131r?<span class=\"ez-toc-section-end\"><\/span><\/h4>\n<p>Metal di\u015f telleri daha dayan\u0131kl\u0131d\u0131r; seramik di\u015f telleri daha az g\u00f6r\u00fcn\u00fcr ancak daha k\u0131r\u0131lgand\u0131r.<\/p>\n<h3><span class=\"ez-toc-section\" id=\"Seffaf_plaklar_Invisalign_ne_rol_oynar\"><\/span>\u015eeffaf plaklar (Invisalign) ne rol oynar?<span class=\"ez-toc-section-end\"><\/span><\/h3>\n<p>Plaklar di\u015fleri gizlice d\u00fczle\u015ftirir ve \u00e7\u0131kar\u0131labilir.<\/p>\n<h4><span class=\"ez-toc-section\" id=\"Plaklar_siddetli_malokluzyon_vakalari_icin_etkili_midir\"><\/span>Plaklar \u015fiddetli malokl\u00fczyon vakalar\u0131 i\u00e7in etkili midir?<span class=\"ez-toc-section-end\"><\/span><\/h4>\n<p>Hafif ila orta vakalar i\u00e7in en iyi sonucu verirler; \u015fiddetli vakalar di\u015f teli veya ameliyat gerektirebilir.<\/p>\n<h3><span class=\"ez-toc-section\" id=\"Sabitleyiciler_malokluzyonu_duzeltmeye_yardimci_olabilir_mi\"><\/span>Sabitleyiciler malokl\u00fczyonu d\u00fczeltmeye yard\u0131mc\u0131 olabilir mi?<span class=\"ez-toc-section-end\"><\/span><\/h3>\n<p>Sabitleyiciler esas olarak tedaviden sonra di\u015fleri yerinde tutar; baz\u0131 hafif d\u00fczeltmeler m\u00fcmk\u00fcnd\u00fcr.<\/p>\n<h3><span class=\"ez-toc-section\" id=\"Malokluzyon_icin_ortodontik_ameliyat_ne_zaman_gereklidir\"><\/span>Malokl\u00fczyon i\u00e7in ortodontik ameliyat ne zaman gereklidir?<span class=\"ez-toc-section-end\"><\/span><\/h3>\n<p>\u00c7ene kemi\u011fi tutars\u0131zl\u0131klar\u0131 \u015fiddetli kapan\u0131\u015f sorunlar\u0131na neden oldu\u011funda ameliyat gereklidir.<\/p>\n<h3><span class=\"ez-toc-section\" id=\"Malokluzyon_tedavisi_genellikle_ne_kadar_surer\"><\/span>Malokl\u00fczyon tedavisi genellikle ne kadar s\u00fcrer?<span class=\"ez-toc-section-end\"><\/span><\/h3>\n<p>Tedavi karma\u015f\u0131kl\u0131\u011fa ba\u011fl\u0131 olarak 6 aydan 3 y\u0131la kadar de\u011fi\u015fir.<\/p>\n<h2><span class=\"ez-toc-section\" id=\"Siddetli_Malokluzyon_Icin_Ameliyat_Secenekleri_Nelerdir\"><\/span>\u015eiddetli Malokl\u00fczyon \u0130\u00e7in Ameliyat Se\u00e7enekleri Nelerdir?<span class=\"ez-toc-section-end\"><\/span><\/h2>\n<p style=\"text-align: center;\">\n<table id=\"tablepress-12\" class=\"tablepress tablepress-id-12\">\n<thead>\n<tr class=\"row-1\">\n\t<th class=\"column-1\">Surgical Procedure<\/th><th class=\"column-2\">Purpose<\/th><th class=\"column-3\">Used For<\/th><th class=\"column-4\">Notes<\/th>\n<\/tr>\n<\/thead>\n<tbody class=\"row-striping row-hover\">\n<tr class=\"row-2\">\n\t<td class=\"column-1\">Maxillary Osteotomy<\/td><td class=\"column-2\">Repositions the upper jaw (maxilla)<\/td><td class=\"column-3\">Overbite, open bite, crossbite, midface deficiency<\/td><td class=\"column-4\">Often improves facial symmetry and nasal airflow<\/td>\n<\/tr>\n<tr class=\"row-3\">\n\t<td class=\"column-1\">Mandibular Osteotomy<\/td><td class=\"column-2\">Repositions the lower jaw (mandible)<\/td><td class=\"column-3\">Underbite, receding chin\/lower jaw<\/td><td class=\"column-4\">Can cause temporary numbness in the lower lip and chin<\/td>\n<\/tr>\n<tr class=\"row-4\">\n\t<td class=\"column-1\">Bimaxillary Osteotomy<\/td><td class=\"column-2\">Adjusts both upper and lower jaws simultaneously<\/td><td class=\"column-3\">Complex Class III malocclusion, severe asymmetry<\/td><td class=\"column-4\">Most comprehensive; longer recovery time<\/td>\n<\/tr>\n<tr class=\"row-5\">\n\t<td class=\"column-1\">Genioplasty<\/td><td class=\"column-2\">Reshapes or repositions the chin<\/td><td class=\"column-3\">Chin deficiency or excess; facial balance<\/td><td class=\"column-4\">Often combined with other jaw surgeries<\/td>\n<\/tr>\n<tr class=\"row-6\">\n\t<td class=\"column-1\">SARPE (Surgically Assisted Rapid Palatal Expansion)<\/td><td class=\"column-2\">Widens the upper jaw<\/td><td class=\"column-3\">Crossbite, severe crowding, narrow upper arch<\/td><td class=\"column-4\">Used when the growth plates have fused (mainly in adults)<\/td>\n<\/tr>\n<tr class=\"row-7\">\n\t<td class=\"column-1\">Distraction Osteogenesis<\/td><td class=\"column-2\">Gradually lengthens jawbone using a mechanical device<\/td><td class=\"column-3\">Severe jaw underdevelopment, congenital defects<\/td><td class=\"column-4\">Slower process but avoids bone grafts<\/td>\n<\/tr>\n<tr class=\"row-8\">\n\t<td class=\"column-1\">Surgical Tooth Extraction<\/td><td class=\"column-2\">Removes impacted or overcrowded teeth<\/td><td class=\"column-3\">Preparation for orthodontic treatment or to relieve crowding<\/td><td class=\"column-4\">Often done before braces or jaw surgery<\/td>\n<\/tr>\n<\/tbody>\n<\/table>\n<\/p>\n<h3><span class=\"ez-toc-section\" id=\"Ortognatik_cerrahi_nedir\"><\/span>Ortognatik cerrahi nedir?<span class=\"ez-toc-section-end\"><\/span><\/h3>\n<p>Ortognatik cerrahi, kapan\u0131\u015f\u0131 ve y\u00fcz g\u00f6r\u00fcn\u00fcm\u00fcn\u00fc iyile\u015ftirmek i\u00e7in \u00e7ene d\u00fczensizliklerini d\u00fczeltir.<\/p>\n<h4><span class=\"ez-toc-section\" id=\"Ortognatik_cerrahi_adim_adim_nasil_gerceklestirilir\"><\/span>Ortognatik cerrahi ad\u0131m ad\u0131m nas\u0131l ger\u00e7ekle\u015ftirilir?<span class=\"ez-toc-section-end\"><\/span><\/h4>\n<ol>\n<li style=\"font-weight: 400;\" aria-level=\"1\">Ameliyat \u00f6ncesi ortodonti ve planlama<\/li>\n<li style=\"font-weight: 400;\" aria-level=\"1\">\u00c7ene kemiklerinin cerrahi yeniden konumland\u0131r\u0131lmas\u0131<\/li>\n<li style=\"font-weight: 400;\" aria-level=\"1\">Plakalar\/vidalarla sabitleme<\/li>\n<li style=\"font-weight: 400;\" aria-level=\"1\">Ameliyat sonras\u0131 ortodonti ve iyile\u015fme<\/li>\n<\/ol>\n<h3><span class=\"ez-toc-section\" id=\"Cene_ameliyati_malokluzyonu_nasil_duzeltir\"><\/span>\u00c7ene ameliyat\u0131 malokl\u00fczyonu nas\u0131l d\u00fczeltir?<span class=\"ez-toc-section-end\"><\/span><\/h3>\n<p>D\u00fczg\u00fcn hizalama ve kapan\u0131\u015f i\u00e7in \u00e7eneleri yeniden konumland\u0131rarak.<\/p>\n<h3><span class=\"ez-toc-section\" id=\"Malokluzyon_tedavisinde_dis_cekimi_ne_zaman_gereklidir\"><\/span>Malokl\u00fczyon tedavisinde di\u015f \u00e7ekimi ne zaman gereklidir?<span class=\"ez-toc-section-end\"><\/span><\/h3>\n<p>\u00c7ekim, kalabal\u0131k di\u015flerin d\u00fczg\u00fcn \u015fekilde hizalanmas\u0131 i\u00e7in alan yarat\u0131r.<\/p>\n<h2><span class=\"ez-toc-section\" id=\"Malokluzyon_Cocuklari_ve_Yetiskinleri_Nasil_Farkli_Etkiler\"><\/span>Malokl\u00fczyon \u00c7ocuklar\u0131 ve Yeti\u015fkinleri Nas\u0131l Farkl\u0131 Etkiler?<span class=\"ez-toc-section-end\"><\/span><\/h2>\n<p style=\"text-align: center;\">\n<table id=\"tablepress-13\" class=\"tablepress tablepress-id-13\">\n<thead>\n<tr class=\"row-1\">\n\t<th class=\"column-1\">Aspect<\/th><th class=\"column-2\">Children<\/th><th class=\"column-3\">Adults<\/th>\n<\/tr>\n<\/thead>\n<tbody class=\"row-striping row-hover\">\n<tr class=\"row-2\">\n\t<td class=\"column-1\">Jaw Growth Potential<\/td><td class=\"column-2\">Jawbones are still growing, allowing easier correction with orthodontics<\/td><td class=\"column-3\">Growth is complete, limiting non-surgical options<\/td>\n<\/tr>\n<tr class=\"row-3\">\n\t<td class=\"column-1\">Early Intervention Benefits<\/td><td class=\"column-2\">Orthodontic appliances can guide jaw development<\/td><td class=\"column-3\">Missed early treatment may require surgery in severe cases<\/td>\n<\/tr>\n<tr class=\"row-4\">\n\t<td class=\"column-1\">Tooth Eruption Issues<\/td><td class=\"column-2\">Malocclusion may cause or result from delayed\/misaligned tooth eruption<\/td><td class=\"column-3\">May have impacted, worn, or missing teeth from long-term issues<\/td>\n<\/tr>\n<tr class=\"row-5\">\n\t<td class=\"column-1\">Treatment Options<\/td><td class=\"column-2\">Often involves interceptive orthodontics (e.g., expanders, headgear)<\/td><td class=\"column-3\">Requires full braces, aligners, or surgical correction<\/td>\n<\/tr>\n<tr class=\"row-6\">\n\t<td class=\"column-1\">Compliance with Treatment<\/td><td class=\"column-2\">May need more parental involvement and motivation<\/td><td class=\"column-3\">Adults are typically more consistent, but may have time\/work constraints<\/td>\n<\/tr>\n<tr class=\"row-7\">\n\t<td class=\"column-1\">Psychosocial Impact<\/td><td class=\"column-2\">Can lead to bullying, speech issues, or self-esteem problems<\/td><td class=\"column-3\">Affects confidence, professional interactions, or social anxiety<\/td>\n<\/tr>\n<tr class=\"row-8\">\n\t<td class=\"column-1\">Functional Problems<\/td><td class=\"column-2\">May cause issues with chewing, speech, or facial development<\/td><td class=\"column-3\">Can cause jaw pain (TMJ), headaches, tooth wear, or gum disease<\/td>\n<\/tr>\n<tr class=\"row-9\">\n\t<td class=\"column-1\">Habits That Influence It<\/td><td class=\"column-2\">Thumb sucking, pacifier use, tongue thrusting<\/td><td class=\"column-3\">Bruxism (teeth grinding), tooth loss, or poorly fitting dental work<\/td>\n<\/tr>\n<tr class=\"row-10\">\n\t<td class=\"column-1\">Treatment Time &amp; Cost<\/td><td class=\"column-2\">Often shorter and less costly if treated early<\/td><td class=\"column-3\">Longer and more expensive; insurance may not always cover adult care<\/td>\n<\/tr>\n<\/tbody>\n<\/table>\n<\/p>\n<h3><span class=\"ez-toc-section\" id=\"Cocuklarda_malokluzyon_ne_kadar_yaygindir\"><\/span>\u00c7ocuklarda malokl\u00fczyon ne kadar yayg\u0131nd\u0131r?<span class=\"ez-toc-section-end\"><\/span><\/h3>\n<p>\u00c7ok yayg\u0131nd\u0131r; en iyi sonu\u00e7lar i\u00e7in erken te\u015fhis \u00f6nemlidir.<\/p>\n<h3><span class=\"ez-toc-section\" id=\"Malokluzyonu_tedavi_etmek_icin_en_iyi_yas_nedir\"><\/span>Malokl\u00fczyonu tedavi etmek i\u00e7in en iyi ya\u015f nedir?<span class=\"ez-toc-section-end\"><\/span><\/h3>\n<p>Tedavi genellikle kal\u0131c\u0131 di\u015fler s\u00fcrmeye ba\u015flad\u0131\u011f\u0131nda 7 ya\u015f civar\u0131nda ba\u015flar.<\/p>\n<h4><span class=\"ez-toc-section\" id=\"Erken_ortodontik_mudahalenin_faydalari_nelerdir\"><\/span>Erken ortodontik m\u00fcdahalenin faydalar\u0131 nelerdir?<span class=\"ez-toc-section-end\"><\/span><\/h4>\n<p>\u00c7ene b\u00fcy\u00fcmesini y\u00f6nlendirir, k\u00f6t\u00fcle\u015fmeyi \u00f6nler ve sonraki tedaviyi k\u0131salt\u0131r.<\/p>\n<h3><span class=\"ez-toc-section\" id=\"Yetiskinlerde_malokluzyon_gelisebilir_mi\"><\/span>Yeti\u015fkinlerde malokl\u00fczyon geli\u015febilir mi?<span class=\"ez-toc-section-end\"><\/span><\/h3>\n<p>Evet, malokl\u00fczyon yeti\u015fkinlikte geli\u015febilir veya k\u00f6t\u00fcle\u015febilir.<\/p>\n<h3><span class=\"ez-toc-section\" id=\"Yetiskinlerde_tedavi_edilmemis_malokluzyonun_riskleri_nelerdir\"><\/span>Yeti\u015fkinlerde tedavi edilmemi\u015f malokl\u00fczyonun riskleri nelerdir?<span class=\"ez-toc-section-end\"><\/span><\/h3>\n<p>Riskler aras\u0131nda di\u015f a\u015f\u0131nmas\u0131, di\u015f eti hastal\u0131\u011f\u0131, TMJ bozukluklar\u0131 ve estetik sorunlar bulunur.<\/p>\n<h2><span class=\"ez-toc-section\" id=\"Tedavi_Edilmemis_Malokluzyonun_Saglik_Riskleri_Nelerdir\"><\/span>Tedavi Edilmemi\u015f Malokl\u00fczyonun Sa\u011fl\u0131k Riskleri Nelerdir?<span class=\"ez-toc-section-end\"><\/span><\/h2>\n<p>K\u00f6t\u00fc a\u011f\u0131z hijyeni nedeniyle <strong>di\u015f \u00e7\u00fcr\u00fcmesi<\/strong> ve <strong>di\u015f eti hastal\u0131\u011f\u0131<\/strong> riskinin artmas\u0131.<\/p>\n<p>E\u015fit olmayan kapan\u0131\u015f bas\u0131nc\u0131ndan kaynaklanan <strong>\u00e7ene a\u011fr\u0131s\u0131<\/strong> ve <strong>TMJ bozukluklar\u0131<\/strong>.<\/p>\n<p>Beslenme ve ileti\u015fimi etkileyen <strong>\u00e7i\u011fneme ve konu\u015fma zorluklar\u0131<\/strong>.<\/p>\n<p>Zamanla a\u015f\u0131r\u0131 <strong>di\u015f a\u015f\u0131nmas\u0131<\/strong>, \u00e7atlama veya hatta di\u015f kayb\u0131.<\/p>\n<p><strong>\u00d6z sayg\u0131<\/strong> ve <strong>zihinsel refah<\/strong> \u00fczerinde olumsuz etki.<\/p>\n<h3><span class=\"ez-toc-section\" id=\"Malokluzyon_dis_curumesine_ve_dis_eti_hastaligina_neden_olabilir_mi\"><\/span>Malokl\u00fczyon di\u015f \u00e7\u00fcr\u00fcmesine ve di\u015f eti hastal\u0131\u011f\u0131na neden olabilir mi?<span class=\"ez-toc-section-end\"><\/span><\/h3>\n<p>Evet, \u00e7\u00fcnk\u00fc kalabal\u0131k di\u015fler temizlenmesi daha zor olan plak tutar.<\/p>\n<h3><span class=\"ez-toc-section\" id=\"Malokluzyon_sindirimi_nasil_etkiler\"><\/span>Malokl\u00fczyon sindirimi nas\u0131l etkiler?<span class=\"ez-toc-section-end\"><\/span><\/h3>\n<p>K\u00f6t\u00fc \u00e7i\u011fneme yetersiz yiyecek par\u00e7alanmas\u0131na yol a\u00e7arak sindirimi etkiler.<\/p>\n<h3><span class=\"ez-toc-section\" id=\"Malokluzyon_temporomandibular_eklem_bozukluguna_TMJ_yol_acabilir_mi\"><\/span>Malokl\u00fczyon temporomandibular eklem bozuklu\u011funa (TMJ) yol a\u00e7abilir mi?<span class=\"ez-toc-section-end\"><\/span><\/h3>\n<p>Evet, malokl\u00fczyon TMJ&#8217;yi zorlayarak a\u011fr\u0131 ve i\u015flev bozuklu\u011funa neden olur.<\/p>\n<h4><span class=\"ez-toc-section\" id=\"Malokluzyonun_neden_oldugu_TMJnin_erken_belirtileri_nelerdir\"><\/span>Malokl\u00fczyonun neden oldu\u011fu TMJ&#8217;nin erken belirtileri nelerdir?<span class=\"ez-toc-section-end\"><\/span><\/h4>\n<p>\u00c7ene a\u011fr\u0131s\u0131, t\u0131klama sesleri, ba\u015f a\u011fr\u0131lar\u0131 ve a\u011f\u0131z a\u00e7mada zorluk.<\/p>\n<h3><span class=\"ez-toc-section\" id=\"Malokluzyon_yuz_estetigini_ve_ozguveni_nasil_etkiler\"><\/span>Malokl\u00fczyon y\u00fcz esteti\u011fini ve \u00f6zg\u00fcveni nas\u0131l etkiler?<span class=\"ez-toc-section-end\"><\/span><\/h3>\n<p>Y\u00fcz asimetrisine ve \u00e7ekici olmayan bir g\u00fcl\u00fcmseme nedeniyle azalm\u0131\u015f \u00f6z sayg\u0131ya neden olabilir.<\/p>\n<h2><span class=\"ez-toc-section\" id=\"Malokluzyon_Nasil_Onlenebilir_veya_Kontrol_Edilebilir\"><\/span>Malokl\u00fczyon Nas\u0131l \u00d6nlenebilir veya Kontrol Edilebilir?<span class=\"ez-toc-section-end\"><\/span><\/h2>\n<ul>\n<li style=\"font-weight: 400;\" aria-level=\"1\"><strong>Erken di\u015f kontrolleri<\/strong><br \/>\nD\u00fczenli ziyaretler \u00e7ene veya di\u015f hizalama sorunlar\u0131n\u0131n erken tespit edilmesine ve y\u00f6netilmesine yard\u0131mc\u0131 olur.<\/li>\n<li style=\"font-weight: 400;\" aria-level=\"1\"><strong>A\u011f\u0131z al\u0131\u015fkanl\u0131klar\u0131n\u0131 erken ele al\u0131n<\/strong><br \/>\nParmak emme, emzik kullan\u0131m\u0131 (2-3 ya\u015f\u0131ndan sonra), dil itme veya t\u0131rnak yeme al\u0131\u015fkanl\u0131klar\u0131n\u0131 durdurun.<\/li>\n<li style=\"font-weight: 400;\" aria-level=\"1\"><strong>Uygun a\u011f\u0131z hijyeni<\/strong><br \/>\nDi\u015flerin kaymas\u0131na yol a\u00e7abilecek \u00e7\u00fcr\u00fckten kaynaklanan erken di\u015f kayb\u0131n\u0131 \u00f6nler.<\/li>\n<li style=\"font-weight: 400;\" aria-level=\"1\"><strong>Zaman\u0131nda ortodontik de\u011ferlendirme<\/strong><br \/>\n\u00c7ocuklar, \u00e7ene hala b\u00fcy\u00fcrken sorunlar\u0131 yakalamak i\u00e7in 7 ya\u015f\u0131na kadar de\u011ferlendirilmelidir.<\/li>\n<li style=\"font-weight: 400;\" aria-level=\"1\"><strong>Bo\u015fluk koruyucular\u0131n veya geni\u015fleticilerin kullan\u0131m\u0131<\/strong><br \/>\nBu cihazlar, s\u00fct di\u015fleri erken kaybedildi\u011finde uygun \u00e7ene b\u00fcy\u00fcmesini ve di\u015f \u00e7\u0131k\u0131\u015f\u0131n\u0131 y\u00f6nlendirir.<\/li>\n<li style=\"font-weight: 400;\" aria-level=\"1\"><strong>Yaralanma risklerini y\u00f6netin<\/strong><br \/>\n\u00c7eneyi hizadan \u00e7\u0131karabilecek travmay\u0131 \u00f6nlemek i\u00e7in spor s\u0131ras\u0131nda a\u011f\u0131z koruyucu tak\u0131n.<\/li>\n<li style=\"font-weight: 400;\" aria-level=\"1\"><strong>Uzun s\u00fcreli biberon kullan\u0131m\u0131ndan ka\u00e7\u0131n\u0131n<\/strong><br \/>\nUzun s\u00fcreli biberon kullan\u0131m\u0131 veya k\u00f6t\u00fc beslenme duru\u015fu kapan\u0131\u015f geli\u015fimini etkileyebilir.<\/li>\n<li style=\"font-weight: 400;\" aria-level=\"1\"><strong>Di\u015f sorunlar\u0131n\u0131 derhal tedavi edin<\/strong><br \/>\nTedavi edilmemi\u015f \u00e7\u00fcr\u00fckler veya enfeksiyonlar di\u015f kayb\u0131na ve hizas\u0131zl\u0131\u011fa yol a\u00e7abilir.<\/li>\n<\/ul>\n<h3><span class=\"ez-toc-section\" id=\"Erken_ortodontik_mudahale_malokluzyonu_onleyebilir_mi\"><\/span>Erken ortodontik m\u00fcdahale malokl\u00fczyonu \u00f6nleyebilir mi?<span class=\"ez-toc-section-end\"><\/span><\/h3>\n<p>Evet, erken tedavi \u00e7ene geli\u015fimini y\u00f6nlendirir ve ciddiyeti azalt\u0131r.<\/p>\n<h3><span class=\"ez-toc-section\" id=\"Ebeveynler_cocuklarinda_malokluzyonu_onlemeye_nasil_yardimci_olabilir\"><\/span>Ebeveynler \u00e7ocuklar\u0131nda malokl\u00fczyonu \u00f6nlemeye nas\u0131l yard\u0131mc\u0131 olabilir?<span class=\"ez-toc-section-end\"><\/span><\/h3>\n<p>Al\u0131\u015fkanl\u0131klar\u0131 izleyerek ve d\u00fczenli di\u015f kontrolleri sa\u011flayarak.<\/p>\n<h4><span class=\"ez-toc-section\" id=\"Ebeveynler_hangi_cocukluk_aliskanliklarini_izlemelidir\"><\/span>Ebeveynler hangi \u00e7ocukluk al\u0131\u015fkanl\u0131klar\u0131n\u0131 izlemelidir?<span class=\"ez-toc-section-end\"><\/span><\/h4>\n<p>Parmak emme, uzun s\u00fcreli emzik kullan\u0131m\u0131, dil itme ve a\u011f\u0131zdan nefes alma.<\/p>\n<h3><span class=\"ez-toc-section\" id=\"Agiz_aliskanliklarini_birakmak_malokluzyon_riskini_azaltir_mi\"><\/span>A\u011f\u0131z al\u0131\u015fkanl\u0131klar\u0131n\u0131 b\u0131rakmak malokl\u00fczyon riskini azalt\u0131r m\u0131?<span class=\"ez-toc-section-end\"><\/span><\/h3>\n<p>Evet, zararl\u0131 al\u0131\u015fkanl\u0131klar\u0131 durdurmak normal \u00e7ene ve di\u015f geli\u015fimine izin verir.<\/p>\n<h3><span class=\"ez-toc-section\" id=\"Duzenli_dis_kontrolleri_malokluzyon_gelisimini_kontrol_edebilir_mi\"><\/span>D\u00fczenli di\u015f kontrolleri malokl\u00fczyon geli\u015fimini kontrol edebilir mi?<span class=\"ez-toc-section-end\"><\/span><\/h3>\n<p>Kontroller s\u0131ras\u0131nda erken tespit, zaman\u0131nda m\u00fcdahaleye izin verir.<\/p>\n<h2><span class=\"ez-toc-section\" id=\"Turk_Klinikleri_Malokluzyonu_Nasil_Tedavi_Ediyor\"><\/span>T\u00fcrk Klinikleri Malokl\u00fczyonu Nas\u0131l Tedavi Ediyor?<span class=\"ez-toc-section-end\"><\/span><\/h2>\n<p style=\"text-align: center;\">\n<table id=\"tablepress-14\" class=\"tablepress tablepress-id-14\">\n<thead>\n<tr class=\"row-1\">\n\t<th class=\"column-1\">Treatment Type<\/th><th class=\"column-2\">Description &amp; Use<\/th>\n<\/tr>\n<\/thead>\n<tbody class=\"row-striping row-hover\">\n<tr class=\"row-2\">\n\t<td class=\"column-1\">Traditional Metal Braces<\/td><td class=\"column-2\">Standard, effective treatment using metal brackets and wires. Powerful and cost-effective.<\/td>\n<\/tr>\n<tr class=\"row-3\">\n\t<td class=\"column-1\">Ceramic (Clear) Braces<\/td><td class=\"column-2\">Tooth-colored or translucent braces offer a more subtle appearance. Comparable efficacy to metal braces.<\/td>\n<\/tr>\n<tr class=\"row-4\">\n\t<td class=\"column-1\">Lingual Braces<\/td><td class=\"column-2\">Brackets placed on the interior surfaces of teeth are completely hidden. Ideal for aesthetics, though trickier to clean.<\/td>\n<\/tr>\n<tr class=\"row-5\">\n\t<td class=\"column-1\">Self-Ligating Braces (e.g., Damon)<\/td><td class=\"column-2\">Use sliding mechanisms to reduce friction and potentially shorten treatment times.<\/td>\n<\/tr>\n<tr class=\"row-6\">\n\t<td class=\"column-1\">Clear Aligners (e.g., Invisalign, ClearCorrect)<\/td><td class=\"column-2\">Removable, nearly invisible trays that are especially popular among teens and adults. Comfortable, low maintenance.<\/td>\n<\/tr>\n<tr class=\"row-7\">\n\t<td class=\"column-1\">Palatal Expanders &amp; Functional Appliances<\/td><td class=\"column-2\">Used mainly in growing children to widen the upper jaw or modify jaw positioning (e.g., twin-block appliances).<\/td>\n<\/tr>\n<tr class=\"row-8\">\n\t<td class=\"column-1\">Orthognathic (Jaw) Surgery<\/td><td class=\"column-2\">For severe skeletal malocclusion collaboration between orthodontists and oral surgeons to realign jaws.<\/td>\n<\/tr>\n<\/tbody>\n<\/table>\n<\/p>\n<h3><span class=\"ez-toc-section\" id=\"Turkiyede_hangi_ortodontik_tedaviler_mevcuttur\"><\/span>T\u00fcrkiye&#8217;de hangi ortodontik tedaviler mevcuttur?<span class=\"ez-toc-section-end\"><\/span><\/h3>\n<p>Di\u015f telleri, \u015feffaf plaklar, ortodontik cerrahi ve dijital tedavi planlamas\u0131.<\/p>\n<h3><span class=\"ez-toc-section\" id=\"Turkiyede_malokluzyon_tedavisi_Avrupaya_kiyasla_ne_kadar_uygun_fiyatlidir\"><\/span>T\u00fcrkiye&#8217;de malokl\u00fczyon tedavisi Avrupa&#8217;ya k\u0131yasla ne kadar uygun fiyatl\u0131d\u0131r?<span class=\"ez-toc-section-end\"><\/span><\/h3>\n<p>T\u00fcrkiye&#8217;deki tedavi, y\u00fcksek kaliteyi korurken genellikle %40-70 daha ucuzdur.<\/p>\n<h3><span class=\"ez-toc-section\" id=\"Uluslararasi_hastalar_ortodontik_bakim_icin_neden_Turkiyeyi_tercih_ediyor\"><\/span>Uluslararas\u0131 hastalar ortodontik bak\u0131m i\u00e7in neden T\u00fcrkiye&#8217;yi tercih ediyor?<span class=\"ez-toc-section-end\"><\/span><\/h3>\n<p>D\u00fc\u015f\u00fck maliyet, deneyimli doktorlar, ileri teknoloji ve kapsaml\u0131 bak\u0131m.<\/p>\n<h3><span class=\"ez-toc-section\" id=\"Turk_klinikleri_malokluzyon_icin_hangi_ileri_teknolojileri_kullaniyor\"><\/span>T\u00fcrk klinikleri malokl\u00fczyon i\u00e7in hangi ileri teknolojileri kullan\u0131yor?<span class=\"ez-toc-section-end\"><\/span><\/h3>\n<p>3D dijital g\u00f6r\u00fcnt\u00fcleme, CAD\/CAM teknolojisi, lazer tedavileri ve bilgisayar destekli cerrahi.<\/p>\n<h4><span class=\"ez-toc-section\" id=\"Turk_klinikleri_tedavi_planlamasi_icin_3D_goruntuleme_kullaniyor_mu\"><\/span>T\u00fcrk klinikleri tedavi planlamas\u0131 i\u00e7in 3D g\u00f6r\u00fcnt\u00fcleme kullan\u0131yor mu?<span class=\"ez-toc-section-end\"><\/span><\/h4>\n<p>Evet, 3D g\u00f6r\u00fcnt\u00fcleme hassas te\u015fhis ve ki\u015fiselle\u015ftirilmi\u015f tedavi i\u00e7in yayg\u0131n olarak kullan\u0131lmaktad\u0131r.<\/p>\n<p><a href=\"https:\/\/wa.me\/+905451016000\" target=\"_blank\" rel=\"noopener noreferrer nofollow\"><img fetchpriority=\"high\" decoding=\"async\" class=\"aligncenter wp-image-50265 size-full\" src=\"https:\/\/dev.dev.vitrinclinic.com\/wp-content\/uploads\/2025\/09\/CTA-4.webp\" alt=\"CTA 4\" width=\"700\" height=\"250\" srcset=\"https:\/\/dev.vitrinclinic.com\/wp-content\/uploads\/2025\/09\/CTA-4.webp 700w, https:\/\/dev.vitrinclinic.com\/wp-content\/uploads\/2025\/09\/CTA-4-300x107.webp 300w, https:\/\/dev.vitrinclinic.com\/wp-content\/uploads\/2025\/09\/CTA-4-18x6.webp 18w, https:\/\/dev.vitrinclinic.com\/wp-content\/uploads\/2025\/09\/CTA-4-370x132.webp 370w, https:\/\/dev.vitrinclinic.com\/wp-content\/uploads\/2025\/09\/CTA-4-410x146.webp 410w, https:\/\/dev.vitrinclinic.com\/wp-content\/uploads\/2025\/09\/CTA-4-600x214.webp 600w\" sizes=\"(max-width: 700px) 100vw, 700px\" \/><\/a><\/p>\n<p>[sc_fs_multi_faq headline-0=&#8221;h3&#8243; question-0=&#8221;Malokl\u00fczyonun erken belirtileri nelerdir?&#8221; answer-0=&#8221;Is\u0131rma zorlu\u011fu, konu\u015fma sorunlar\u0131, e\u011fri di\u015fler ve \u00e7ene rahats\u0131zl\u0131\u011f\u0131.&#8221; image-0=&#8221;&#8221; headline-1=&#8221;h3&#8243; question-1=&#8221;Malokl\u00fczyon tedavi olmadan kendili\u011finden d\u00fczelebilir mi?&#8221; answer-1=&#8221;Hay\u0131r, malokl\u00fczyon genellikle tedavi olmadan k\u00f6t\u00fcle\u015fir.&#8221; image-1=&#8221;&#8221; headline-2=&#8221;h3&#8243; question-2=&#8221;Di\u015f telleri malokl\u00fczyonu d\u00fczeltmek i\u00e7in ne kadar s\u00fcrer?&#8221; answer-2=&#8221;Genellikle 1 ila 3 y\u0131l.&#8221; image-2=&#8221;&#8221; headline-3=&#8221;h3&#8243; question-3=&#8221;\u015eeffaf plaklar \u015fiddetli malokl\u00fczyon i\u00e7in etkili midir?&#8221; answer-3=&#8221;Hafif ila orta vakalar i\u00e7in en iyisidir; \u015fiddetli malokl\u00fczyon di\u015f teli veya ameliyat gerektirebilir.&#8221; image-3=&#8221;&#8221; headline-4=&#8221;h3&#8243; question-4=&#8221;Malokl\u00fczyon tedaviden sonra geri gelebilir mi?&#8221; answer-4=&#8221;Evet, sabitleyiciler talimatlar do\u011frultusunda tak\u0131lmazsa.&#8221; image-4=&#8221;&#8221; headline-5=&#8221;h3&#8243; question-5=&#8221;Malokl\u00fczyon tedavisi a\u011fr\u0131l\u0131 m\u0131d\u0131r?&#8221; answer-5=&#8221;\u00d6zellikle ayarlamalardan sonra biraz rahats\u0131zl\u0131k normaldir, ancak a\u011fr\u0131 y\u00f6netilebilir.&#8221; image-5=&#8221;&#8221; headline-6=&#8221;h3&#8243; question-6=&#8221;Malokl\u00fczyon i\u00e7in \u00e7ene ameliyat\u0131ndan sonra iyile\u015fme s\u00fcresi nedir?&#8221; answer-6=&#8221;Genellikle 6&#8243; image-6=&#8221;&#8221; count=&#8221;7&#8243; html=&#8221;true&#8221; css_class=&#8221;&#8221;]<\/p>\n","protected":false},"excerpt":{"rendered":"<p>TR Malokl\u00fczyon Nedir ve 2026\u2019da A\u011f\u0131z Sa\u011fl\u0131\u011f\u0131 \u0130\u00e7in Neden \u00d6nemlidir? Malokl\u00fczyon Nedir ve A\u011f\u0131z Sa\u011fl\u0131\u011f\u0131 \u0130\u00e7in Neden \u00d6nemlidir? Malokl\u00fczyon, a\u011f\u0131z kapat\u0131ld\u0131\u011f\u0131nda di\u015flerin ve \u00e7enelerin d\u00fczg\u00fcn \u015fekilde hizalanmad\u0131\u011f\u0131 bir di\u015f durumudur.&hellip;<\/p>\n","protected":false},"author":34,"featured_media":57886,"comment_status":"open","ping_status":"open","sticky":false,"template":"","format":"standard","meta":{"iawp_total_views":1,"footnotes":""},"categories":[349],"tags":[],"class_list":["post-57867","post","type-post","status-publish","format-standard","has-post-thumbnail","hentry","category-uncategorized-tr"],"_wp_old_slugs":["what-is-malocclusion-and-why-does-it-matter-for-oral-health-in-2026-tr"],"rank_math_title":"","rank_math_description":"","rank_math_focus_keyword":"","_links":{"self":[{"href":"https:\/\/dev.vitrinclinic.com\/tr\/wp-json\/wp\/v2\/posts\/57867","targetHints":{"allow":["GET"]}}],"collection":[{"href":"https:\/\/dev.vitrinclinic.com\/tr\/wp-json\/wp\/v2\/posts"}],"about":[{"href":"https:\/\/dev.vitrinclinic.com\/tr\/wp-json\/wp\/v2\/types\/post"}],"author":[{"embeddable":true,"href":"https:\/\/dev.vitrinclinic.com\/tr\/wp-json\/wp\/v2\/users\/34"}],"replies":[{"embeddable":true,"href":"https:\/\/dev.vitrinclinic.com\/tr\/wp-json\/wp\/v2\/comments?post=57867"}],"version-history":[{"count":0,"href":"https:\/\/dev.vitrinclinic.com\/tr\/wp-json\/wp\/v2\/posts\/57867\/revisions"}],"wp:featuredmedia":[{"embeddable":true,"href":"https:\/\/dev.vitrinclinic.com\/tr\/wp-json\/wp\/v2\/media\/57886"}],"wp:attachment":[{"href":"https:\/\/dev.vitrinclinic.com\/tr\/wp-json\/wp\/v2\/media?parent=57867"}],"wp:term":[{"taxonomy":"category","embeddable":true,"href":"https:\/\/dev.vitrinclinic.com\/tr\/wp-json\/wp\/v2\/categories?post=57867"},{"taxonomy":"post_tag","embeddable":true,"href":"https:\/\/dev.vitrinclinic.com\/tr\/wp-json\/wp\/v2\/tags?post=57867"}],"curies":[{"name":"wp","href":"https:\/\/api.w.org\/{rel}","templated":true}]}}