{"id":60293,"date":"2025-10-14T14:00:55","date_gmt":"2025-10-14T11:00:55","guid":{"rendered":"https:\/\/dev.vitrinclinic.com\/what-really-happened-to-maria-corina-machado-teeth-in-2026-shocking-smile-transformation-tr\/"},"modified":"2025-11-10T14:11:43","modified_gmt":"2025-11-10T11:11:43","slug":"what-really-happened-to-maria-corina-machado-teeth-in-2026-shocking-smile-transformation-tr","status":"publish","type":"post","link":"https:\/\/dev.vitrinclinic.com\/tr\/what-really-happened-to-maria-corina-machado-teeth-in-2026-shocking-smile-transformation-tr\/","title":{"rendered":"Maria Corina Machado\u2019nun 2026\u2019daki Di\u015flerine Ne Ger\u00e7ekten Oldu? \u015ea\u015f\u0131rt\u0131c\u0131 G\u00fcl\u00fcmseme D\u00f6n\u00fc\u015f\u00fcm\u00fc"},"content":{"rendered":"<h2><span class=\"ez-toc-section\" id=\"Maria_Corina_Machado_Kimdir_ve_Neden_Disleri_Hakkinda_Konusuluyor\"><\/span>Maria Corina Machado Kimdir ve Neden Di\u015fleri Hakk\u0131nda Konu\u015fuluyor?<span class=\"ez-toc-section-end\"><\/span><\/h2>\n<p>Maria Corina Machado, demokrasi ve insan haklar\u0131 savunuculu\u011fuyla tan\u0131nan \u00f6nde gelen bir Venezuelal\u0131 siyasi lider ve muhalefet fig\u00fcr\u00fcd\u00fcr. Vente Venezuela\u2019y\u0131 kurdu ve Ulusal Meclis\u2019te g\u00f6rev yapt\u0131. Son zamanlarda, g\u00fcl\u00fc\u015f d\u00f6n\u00fc\u015f\u00fcm\u00fc sosyal medyada geni\u015f tart\u0131\u015fmalara yol a\u00e7t\u0131; g\u00f6zlemciler, kendinden emin kamuoyu varl\u0131\u011f\u0131n\u0131 art\u0131ran belirgin \u015fekilde daha parlak ve hizal\u0131 di\u015fler fark etti.<\/p>\n<h3><span class=\"ez-toc-section\" id=\"Maria_Corina_Machado_Neyiyle_Taninir\"><\/span>Maria Corina Machado Neyiyle Tan\u0131n\u0131r?<span class=\"ez-toc-section-end\"><\/span><\/h3>\n<p>Maria Corina Machado, Venezuelal\u0131 bir siyasi aktivist ve demokrasi savunucusu olarak tan\u0131n\u0131r. Vente Venezuela hareketini kurdu ve Ulusal Meclis\u2019te g\u00f6rev yapt\u0131. Tutkulu konu\u015fmalar\u0131 ve karizmatik liderli\u011fi, onu Latin Amerika siyasetinde \u00f6nde gelen bir muhalefet fig\u00fcr\u00fc yapt\u0131 ve demokratik reformlar\u0131 destekleyen milyonlara ilham verdi.<\/p>\n<h3><span class=\"ez-toc-section\" id=\"Neden_Son_Zamanlarda_Gulusu_Bu_Kadar_Dikkat_Cekti\"><\/span>Neden Son Zamanlarda G\u00fcl\u00fc\u015f\u00fc Bu Kadar Dikkat \u00c7ekti?<span class=\"ez-toc-section-end\"><\/span><\/h3>\n<p>Maria Corina Machado\u2019nun g\u00fcl\u00fc\u015f d\u00f6n\u00fc\u015f\u00fcm\u00fc, sosyal medya platformlar\u0131nda viral hale geldi. Di\u015fleri art\u0131k eski foto\u011fraflara k\u0131yasla belirgin \u015fekilde daha parlak, m\u00fckemmel hizal\u0131 ve g\u00fczel oranl\u0131 g\u00f6r\u00fcn\u00fcyor. Bu dramatik estetik iyile\u015fme, \u00fcnl\u00fc di\u015f kaplamalar\u0131 ve kozmetik prosed\u00fcrler hakk\u0131nda spek\u00fclasyonlar\u0131 tetikledi, konu\u015fmalar\u0131ndaki kamera varl\u0131\u011f\u0131n\u0131 \u00f6nemli \u00f6l\u00e7\u00fcde art\u0131rd\u0131.<\/p>\n<h3><span class=\"ez-toc-section\" id=\"Maria_Corina_Machado_Gibi_Kamu_Figurleri_Guzellik_Trendlerini_Nasil_Etkiler\"><\/span>Maria Corina Machado Gibi Kamu Fig\u00fcrleri G\u00fczellik Trendlerini Nas\u0131l Etkiler?<span class=\"ez-toc-section-end\"><\/span><\/h3>\n<p>Kamu fig\u00fcrleri, d\u00fcnya genelinde milyonlar\u0131n ula\u015fmay\u0131 arzulad\u0131\u011f\u0131 g\u00fczellik standartlar\u0131n\u0131 belirler. \u00dcnl\u00fcler, Maria Corina Machado\u2019nun di\u015f \u00f6ncesi ve sonras\u0131 de\u011fi\u015fimi gibi g\u00f6r\u00fcn\u00fcr d\u00f6n\u00fc\u015f\u00fcmler ge\u00e7irdi\u011finde, benzer prosed\u00fcrlere ilgi artar. Do\u011fal g\u00f6r\u00fcn\u00fcml\u00fc <a href=\"https:\/\/dev.dev.vitrinclinic.com\/hollywood-smile\/\" target=\"_blank\" rel=\"noopener noreferrer nofollow\"><strong>Hollywood g\u00fcl\u00fc\u015f\u00fc<\/strong><\/a>, ince kozmetik iyile\u015ftirmelerin g\u00f6r\u00fcn\u00fcm\u00fc \u00f6nemli \u00f6l\u00e7\u00fcde etkileyebilece\u011fini g\u00f6sterir ve uluslararas\u0131 g\u00fczellik ve di\u015f trendlerini etkiler.<\/p>\n<h2><span class=\"ez-toc-section\" id=\"Maria_Corina_Machadonun_Gulus_Donusumunden_Once_Disleri_Nasildi\"><\/span>Maria Corina Machado\u2019nun G\u00fcl\u00fc\u015f D\u00f6n\u00fc\u015f\u00fcm\u00fcnden \u00d6nce Di\u015fleri Nas\u0131ld\u0131?<span class=\"ez-toc-section-end\"><\/span><\/h2>\n<p>Maria Corina Machado\u2019nun siyasi kariyerinin erken foto\u011fraflar\u0131, belirgin \u015fekilde farkl\u0131 bir g\u00fcl\u00fc\u015f g\u00f6steriyor. \u0130yi a\u011f\u0131z hijyeni s\u00fcrd\u00fcrmesine ra\u011fmen, eski g\u00f6r\u00fcnt\u00fcler hafif yanl\u0131\u015f hizalamalar, ya\u015fa ba\u011fl\u0131 sararma ve bo\u015fluk d\u00fczensizlikleri gibi k\u00fc\u00e7\u00fck kusurlar\u0131 ortaya koyuyor. Bu yayg\u0131n di\u015f sorunlar\u0131 dramatik bir \u015fekilde d\u00fczeltildi ve son kamuoyu g\u00f6r\u00fcn\u00fcmlerinde g\u00f6r\u00fclen \u0131\u015f\u0131lt\u0131l\u0131 g\u00fcl\u00fc\u015f\u00fc yaratt\u0131.<\/p>\n<h2><span class=\"ez-toc-section\" id=\"Maria_Corina_Machadonun_Dislerinin_Oncesi_ve_Sonrasi_Fotograflari_Var_mi\"><\/span>Maria Corina Machado\u2019nun Di\u015flerinin \u00d6ncesi ve Sonras\u0131 Foto\u011fraflar\u0131 Var m\u0131?<span class=\"ez-toc-section-end\"><\/span><\/h2>\n<p>Evet, erken siyasi kariyer foto\u011fraflar\u0131yla son g\u00f6r\u00fcnt\u00fcleri kar\u015f\u0131la\u015ft\u0131rmak, g\u00fcl\u00fc\u015fte \u00f6nemli iyile\u015fmeler oldu\u011funu a\u00e7\u0131k\u00e7a g\u00f6steriyor. Maria Corina Machado\u2019nun di\u015f \u00f6ncesi ve sonras\u0131 kar\u015f\u0131la\u015ft\u0131rmas\u0131, parlakl\u0131k, hizalama ve simetride dramatik de\u011fi\u015fiklikler ortaya koyuyor. Bu g\u00f6rsel farkl\u0131l\u0131klar, mevcut \u0131\u015f\u0131lt\u0131l\u0131 g\u00f6r\u00fcn\u00fcm\u00fcn\u00fc elde etmek i\u00e7in ge\u00e7irmi\u015f olabilece\u011fi belirli kozmetik di\u015f prosed\u00fcrleri hakk\u0131nda halk\u0131n merak\u0131n\u0131 art\u0131rd\u0131.<\/p>\n<h3><span class=\"ez-toc-section\" id=\"Dogal_Dislerinde_Gorulen_Yaygin_Sorunlar_Nelerdi\"><\/span>Do\u011fal Di\u015flerinde G\u00f6r\u00fclen Yayg\u0131n Sorunlar Nelerdi?<span class=\"ez-toc-section-end\"><\/span><\/h3>\n<p>D\u00f6n\u00fc\u015f\u00fcmden \u00f6nce, Maria Corina Machado\u2019nun di\u015fleri, hafif yanl\u0131\u015f hizalamalar, hafif d\u00f6nmeler, bo\u015fluk d\u00fczensizlikleri ve ya\u015fa ba\u011fl\u0131 renk de\u011fi\u015fimi gibi tipik ya\u015flanma belirtileri g\u00f6steriyordu. Fonksiyonel ve nispeten sa\u011fl\u0131kl\u0131 olmas\u0131na ra\u011fmen, di\u015fleri \u015fimdi g\u00f6r\u00fclen tekd\u00fcze parlakl\u0131k ve m\u00fckemmel simetriye sahip de\u011fildi. Bu ince kusurlar, yak\u0131n \u00e7ekim foto\u011fraflarda ve y\u00fcksek \u00e7\u00f6z\u00fcn\u00fcrl\u00fckl\u00fc televizyon yay\u0131nlar\u0131nda fark ediliyordu.<\/p>\n<h4><span class=\"ez-toc-section\" id=\"Carpik_veya_Duzensiz_Disleri_Var_miydi\"><\/span>\u00c7arp\u0131k veya D\u00fczensiz Di\u015fleri Var m\u0131yd\u0131?<span class=\"ez-toc-section-end\"><\/span><\/h4>\n<p>Erken foto\u011fraflar, \u00f6n di\u015flerinde hafif yanl\u0131\u015f hizalamalar, k\u00fc\u00e7\u00fck d\u00f6nmeler ve bo\u015fluk d\u00fczensizlikleri oldu\u011funu g\u00f6steriyor. \u015eiddetli \u00e7arp\u0131k olmasa da, bu kusurlar kamuoyu g\u00f6r\u00fcn\u00fcmlerinde genel g\u00fcl\u00fc\u015f simetrisini etkiliyordu. Di\u015fleri uzunluk olarak hafif d\u00fczensiz g\u00f6r\u00fcn\u00fcyordu, bu da y\u00fcz uyumunu bozan asimetri yarat\u0131yordu\u2014di\u015flerin ya\u015fla birlikte kaymas\u0131yla do\u011fal olarak k\u00f6t\u00fcle\u015fen yayg\u0131n sorunlar.<\/p>\n<h4><span class=\"ez-toc-section\" id=\"Renk_Degisimi_veya_Bosluk_Belirtileri_Var_miydi\"><\/span>Renk De\u011fi\u015fimi veya Bo\u015fluk Belirtileri Var m\u0131yd\u0131?<span class=\"ez-toc-section-end\"><\/span><\/h4>\n<p>Tarihi g\u00f6r\u00fcnt\u00fcler, yeti\u015fkinlerde yayg\u0131n olan ya\u015fa ba\u011fl\u0131 sararma ve lekelenmeyi ortaya koyuyor. \u00dcst \u00f6n kesici di\u015fler aras\u0131nda k\u00fc\u00e7\u00fck bo\u015fluklar g\u00f6r\u00fcl\u00fcyor, bu da hafif bo\u015fluk sorunlar\u0131 yarat\u0131yordu. Kahve, \u00e7ay veya \u015farap t\u00fcketiminden kaynaklanan y\u00fczey renk de\u011fi\u015fimi belirgindi. Bu estetik sorunlar, kozmetik di\u015f \u00e7al\u0131\u015fmas\u0131 ba\u015far\u0131yla tamamlanmadan \u00f6nce genel parlakl\u0131k ve tekd\u00fczeli\u011fi etkiliyordu.<\/p>\n<h3><span class=\"ez-toc-section\" id=\"Erken_Gulusu_Kamu_Imajini_Nasil_Etkiledi\"><\/span>Erken G\u00fcl\u00fc\u015f\u00fc Kamu \u0130maj\u0131n\u0131 Nas\u0131l Etkiledi?<span class=\"ez-toc-section-end\"><\/span><\/h3>\n<p>K\u00fc\u00e7\u00fck di\u015f kusurlar\u0131na ra\u011fmen, Maria Corina Machado siyasi kariyerinde her zaman kendine g\u00fcven ve otantiklik yans\u0131tt\u0131. Erken g\u00fcl\u00fc\u015f\u00fc samimi ve ula\u015f\u0131labilir g\u00f6r\u00fcn\u00fcyordu, Venezuelal\u0131 vatanda\u015flar aras\u0131nda ili\u015fkilendirilebilirli\u011fe katk\u0131da bulundu. Ancak, y\u00fcksek \u00e7\u00f6z\u00fcn\u00fcrl\u00fckl\u00fc foto\u011fraf\u00e7\u0131l\u0131k \u00e7a\u011f\u0131nda, k\u00fc\u00e7\u00fck kusurlar bile b\u00fcy\u00fct\u00fcl\u00fcr. Geli\u015ftirilmi\u015f g\u00fcl\u00fc\u015f\u00fc, kamera varl\u0131\u011f\u0131n\u0131 \u00f6nemli \u00f6l\u00e7\u00fcde art\u0131rd\u0131.<\/p>\n<h2><span class=\"ez-toc-section\" id=\"Maria_Corina_Machadonun_Gulus_Donusumunu_Hangi_Dis_Prosedurleri_Aciklayabilir\"><\/span>Maria Corina Machado\u2019nun G\u00fcl\u00fc\u015f D\u00f6n\u00fc\u015f\u00fcm\u00fcn\u00fc Hangi Di\u015f Prosed\u00fcrleri A\u00e7\u0131klayabilir?<span class=\"ez-toc-section-end\"><\/span><\/h2>\n<p>En olas\u0131 a\u00e7\u0131klama, di\u015f y\u00fczeylerini kaplayan ince porselen kabuklar olan \u00fcnl\u00fc di\u015f kaplamalar\u0131 veya Lumineers\u2019tir. Bunlar renk, \u015fekil, boyut ve hizalamay\u0131 an\u0131nda d\u00fczeltir. Do\u011fal g\u00f6r\u00fcn\u00fcm, do\u011fal g\u00fcl\u00fc\u015fler i\u00e7in en iyi kozmetik di\u015f hekimi taraf\u0131ndan yap\u0131lan \u00e7al\u0131\u015fmay\u0131 \u00f6neriyor. Di\u011fer olas\u0131l\u0131klar aras\u0131nda di\u015f beyazlatma, Invisalign ortodonti, di\u015f eti \u015fekillendirme veya di\u015f yap\u0131\u015ft\u0131rma prosed\u00fcrleri yer al\u0131yor.<\/p>\n<h3><span class=\"ez-toc-section\" id=\"Dis_Kaplamalari_mi_Yoksa_Lumineers_mi_Aldi\"><\/span>Di\u015f Kaplamalar\u0131 m\u0131 Yoksa Lumineers mi Ald\u0131?<span class=\"ez-toc-section-end\"><\/span><\/h3>\n<p>Maria Corina Machado\u2019nun g\u00fcl\u00fc\u015f d\u00f6n\u00fc\u015f\u00fcm\u00fc b\u00fcy\u00fck olas\u0131l\u0131kla porselen kaplamalar veya Lumineers i\u00e7eriyordu. Bu ince kabuklar di\u015f \u00f6nlerini kaplar, renk, \u015fekil, boyut ve hizalama sorunlar\u0131n\u0131 an\u0131nda d\u00fczeltir. Son foto\u011fraflardaki tekd\u00fcze parlakl\u0131k ve m\u00fckemmel oranlar, kad\u0131nlar i\u00e7in ince kaplamalar konusunda uzmanla\u015fm\u0131\u015f yetkin kozmetik di\u015f hekimleri taraf\u0131ndan yap\u0131lan profesyonel kaplama \u00e7al\u0131\u015fmas\u0131n\u0131 g\u00fc\u00e7l\u00fc bir \u015fekilde \u00f6neriyor.<\/p>\n<h3><span class=\"ez-toc-section\" id=\"Kaplamalar_ve_Lumineers_Arasindaki_Fark_Nedir\"><\/span>Kaplamalar ve Lumineers Aras\u0131ndaki Fark Nedir?<span class=\"ez-toc-section-end\"><\/span><\/h3>\n<p>Geleneksel kaplamalar, porselen kabuklar\u0131n kal\u0131c\u0131 olarak yap\u0131\u015ft\u0131r\u0131lmas\u0131ndan \u00f6nce k\u00fc\u00e7\u00fck miktarlarda di\u015f minesinin \u00e7\u0131kar\u0131lmas\u0131n\u0131 gerektirir. Lumineers, minimal di\u015f haz\u0131rl\u0131\u011f\u0131 gerektiren ultra ince kaplamalard\u0131r ve bu da onlar\u0131 daha az invaziv yapar. Kaplamalar 0,5 mm kal\u0131nl\u0131\u011f\u0131ndayken, Lumineers yakla\u015f\u0131k 0,3 mm\u2019dir. Her ikisi de g\u00fczel sonu\u00e7lar verir, ancak geleneksel kaplamalar \u00f6nemli sorunlar i\u00e7in daha dramatik d\u00f6n\u00fc\u015f\u00fcmler sa\u011flar.<\/p>\n<h4><span class=\"ez-toc-section\" id=\"Unluler_icin_Kaplamalar_Genellikle_Ne_Kadar_Dayanir\"><\/span>\u00dcnl\u00fcler i\u00e7in Kaplamalar Genellikle Ne Kadar Dayan\u0131r?<span class=\"ez-toc-section-end\"><\/span><\/h4>\n<p>Do\u011fal g\u00fcl\u00fc\u015fler i\u00e7in en iyi kozmetik di\u015f hekiminden al\u0131nan y\u00fcksek kaliteli porselen kaplamalar, uygun bak\u0131mla on ila on be\u015f y\u0131l dayan\u0131r. \u00dcnl\u00fcler, titiz a\u011f\u0131z hijyeni, d\u00fczenli di\u015f kontrolleri ve \u00fc\u00e7 ila alt\u0131 ayda bir profesyonel temizliklerle kaplamalar\u0131 daha uzun s\u00fcre korur. Dayan\u0131kl\u0131l\u0131k, \u0131s\u0131rma kuvveti, g\u0131c\u0131rdatma al\u0131\u015fkanl\u0131klar\u0131, diyet se\u00e7imleri ve malzeme kalitesine ba\u011fl\u0131d\u0131r.<\/p>\n<h4><span class=\"ez-toc-section\" id=\"Dis_Beyazlatma_Donusumunun_Bir_Parcasi_Olabilir_mi\"><\/span>Di\u015f Beyazlatma D\u00f6n\u00fc\u015f\u00fcm\u00fcn\u00fcn Bir Par\u00e7as\u0131 Olabilir mi?<span class=\"ez-toc-section-end\"><\/span><\/h4>\n<p>Profesyonel di\u015f beyazlatma, daha kapsaml\u0131 kozmetik \u00e7al\u0131\u015fmalardan \u00f6nce bir \u00f6n ad\u0131m olabilir. Di\u015f beyazlatma ve kaplamalar rehberi, minimal hizalama sorunlar\u0131 i\u00e7in \u00f6nce beyazlatmay\u0131 denemeyi \u00f6nerir. Beyazlatma, do\u011fal di\u015fleri birka\u00e7 ton a\u00e7ar, ya\u015flanma ve i\u00e7eceklerden kaynaklanan renk de\u011fi\u015fimini giderir. Ancak, Machado\u2019nun tekd\u00fcze m\u00fckemmeliyeti, beyazlatman\u0131n tek ba\u015f\u0131na bu kadar kapsaml\u0131 sonu\u00e7lar elde edemeyece\u011fini g\u00f6steriyor.<\/p>\n<h3><span class=\"ez-toc-section\" id=\"Ortodontik_Tedavi_veya_Invisalign_Kullandi_mi\"><\/span>Ortodontik Tedavi veya Invisalign Kulland\u0131 m\u0131?<span class=\"ez-toc-section-end\"><\/span><\/h3>\n<p>Maria Corina Machado, di\u015fleri birka\u00e7 ay boyunca kademeli olarak d\u00fczeltmek i\u00e7in Invisalign \u015feffaf hizalay\u0131c\u0131lar kullanm\u0131\u015f olabilir. Bu, erken foto\u011fraflarda g\u00f6r\u00fclen k\u00fc\u00e7\u00fck d\u00f6nme ve bo\u015fluk sorunlar\u0131n\u0131, g\u00f6r\u00fcn\u00fcr metal braketler olmadan \u00e7\u00f6zebilir. Ancak, d\u00f6n\u00fc\u015f\u00fcm\u00fcn h\u0131z\u0131 g\u00f6z \u00f6n\u00fcne al\u0131nd\u0131\u011f\u0131nda, uzun s\u00fcreli ortodontik tedaviden ziyade \u00fcnl\u00fc di\u015f kaplamalar\u0131 g\u00fcl\u00fc\u015f yenilemesi i\u00e7in daha olas\u0131 g\u00f6r\u00fcn\u00fcyor.<\/p>\n<h4><span class=\"ez-toc-section\" id=\"Unluler_Neden_Braketler_Yerine_Invisaligni_Tercih_Ediyor\"><\/span>\u00dcnl\u00fcler Neden Braketler Yerine Invisalign\u2019i Tercih Ediyor?<span class=\"ez-toc-section-end\"><\/span><\/h4>\n<p>\u00dcnl\u00fcler, \u015feffaf hizalay\u0131c\u0131lar\u0131n kamuoyu g\u00f6r\u00fcn\u00fcmlerinde ve medya etkinliklerinde neredeyse g\u00f6r\u00fcnmez olmas\u0131 nedeniyle Invisalign\u2019i se\u00e7iyor. \u00c7\u0131kar\u0131labilir yap\u0131s\u0131, \u00f6nemli konu\u015fmalar, foto\u011fraf \u00e7ekimleri veya televizyon r\u00f6portajlar\u0131 i\u00e7in \u00e7\u0131kar\u0131lmas\u0131n\u0131 sa\u011flar ve tedaviyi aksatmaz. Invisalign, geleneksel braketlere g\u00f6re daha az ofis ziyareti gerektirir, yo\u011fun programlara uyum sa\u011flar ve profesyonel imaj\u0131 etkilemeden gizli ortodontik d\u00fczeltme sa\u011flar.<\/p>\n<h4><span class=\"ez-toc-section\" id=\"Invisalign_Tedavisi_Sonuclari_Gostermek_icin_Ne_Kadar_Surer\"><\/span>Invisalign Tedavisi Sonu\u00e7lar\u0131 G\u00f6stermek i\u00e7in Ne Kadar S\u00fcrer?<span class=\"ez-toc-section-end\"><\/span><\/h4>\n<p>\u00c7o\u011fu Invisalign hastas\u0131, tutarl\u0131 tedaviyle \u00fc\u00e7 ila alt\u0131 ay i\u00e7inde fark edilebilir hizalama iyile\u015fmeleri g\u00f6r\u00fcr. Tam tedavi genellikle karma\u015f\u0131kl\u0131\u011fa ba\u011fl\u0131 olarak on iki ila on sekiz ay s\u00fcrer. Bo\u015fluk veya hafif d\u00f6nme gibi k\u00fc\u00e7\u00fck d\u00fczeltmeler, bazen sekiz ila on iki hafta i\u00e7inde sonu\u00e7 g\u00f6sterir. Hastalar, hizalay\u0131c\u0131lar\u0131 g\u00fcnde yirmi iki saat takmal\u0131d\u0131r.<\/p>\n<h3><span class=\"ez-toc-section\" id=\"Dis_Eti_Sekillendirme_veya_Dis_Yapistirma_Yaptirmis_Olabilir_mi\"><\/span>Di\u015f Eti \u015eekillendirme veya Di\u015f Yap\u0131\u015ft\u0131rma Yapt\u0131rm\u0131\u015f Olabilir mi?<span class=\"ez-toc-section-end\"><\/span><\/h3>\n<p>Di\u015f eti \u015fekillendirme, di\u015fleri daha uzun g\u00f6stererek ve dengeli simetri yaratarak g\u00fcl\u00fc\u015f\u00fcn\u00fc iyile\u015ftirmi\u015f olabilir. Bu prosed\u00fcr, fazla di\u015f eti dokusunu kald\u0131r\u0131r. Di\u015f renginde kompozit re\u00e7ine kullan\u0131larak yap\u0131lan di\u015f yap\u0131\u015ft\u0131rma, k\u00fc\u00e7\u00fck yontuklar, bo\u015fluklar veya \u015fekil d\u00fczensizliklerini giderebilir. Bunlar, \u00fcnl\u00fcler taraf\u0131ndan ilham al\u0131nan g\u00fcl\u00fc\u015f yenilemelerine tamamlay\u0131c\u0131 olur.<\/p>\n<h2><span class=\"ez-toc-section\" id=\"Maria_Corina_Machadonun_Gulusu_Diger_Unlu_Gulusleriyle_Nasil_Karsilastirilir\"><\/span>Maria Corina Machado\u2019nun G\u00fcl\u00fc\u015f\u00fc Di\u011fer \u00dcnl\u00fc G\u00fcl\u00fc\u015fleriyle Nas\u0131l Kar\u015f\u0131la\u015ft\u0131r\u0131l\u0131r?<span class=\"ez-toc-section-end\"><\/span><\/h2>\n<p>Maria Corina Machado\u2019nun g\u00fcl\u00fc\u015f\u00fc, Tom Cruise, Demi Moore ve George Clooney\u2019nin d\u00f6n\u00fc\u015f\u00fcmleriyle paralellik g\u00f6steriyor. Ancak, di\u015fleri a\u015f\u0131r\u0131 parlak, tekd\u00fcze Hollywood g\u00f6r\u00fcn\u00fcmlerinden ziyade do\u011fal g\u00f6r\u00fcn\u00fcm\u00fcyle dikkat \u00e7ekiyor. Kad\u0131nlar i\u00e7in ince kaplamalar\u0131, Latin Amerika g\u00fczellik standartlar\u0131n\u0131 yans\u0131tan sade bir zarafet sergiliyor ve yapay m\u00fckemmeliyet yerine s\u0131cakl\u0131k ve otantikli\u011fi tercih ediyor.<\/p>\n<h3><span class=\"ez-toc-section\" id=\"Hangi_Diger_Unluler_Benzer_Gulus_Donusumleri_Gecirdi\"><\/span>Hangi Di\u011fer \u00dcnl\u00fcler Benzer G\u00fcl\u00fc\u015f D\u00f6n\u00fc\u015f\u00fcmleri Ge\u00e7irdi?<span class=\"ez-toc-section-end\"><\/span><\/h3>\n<p>Tom Cruise, Demi Moore, George Clooney ve Tony Blair gibi \u00e7e\u015fitli siyasi fig\u00fcrler de dahil olmak \u00fczere bir\u00e7ok \u00fcnl\u00fc benzer dramatik g\u00fcl\u00fc\u015f d\u00f6n\u00fc\u015f\u00fcmleri ge\u00e7irdi. Maria Corina Machado\u2019nun g\u00fcl\u00fc\u015f d\u00f6n\u00fc\u015f\u00fcm\u00fc, yapay g\u00f6r\u00fcnmeden kamuoyu varl\u0131\u011f\u0131n\u0131 art\u0131ran bu do\u011fal g\u00f6r\u00fcn\u00fcml\u00fc iyile\u015fmelere paralellik g\u00f6steriyor. Modern kozmetik di\u015f hekimli\u011fi, \u00f6zg\u00fcveni ve kamera haz\u0131r g\u00f6r\u00fcn\u00fcm\u00fcn\u00fc \u00f6nemli \u00f6l\u00e7\u00fcde art\u0131ran ince iyile\u015ftirmeler yarat\u0131r.<\/p>\n<h3><span class=\"ez-toc-section\" id=\"Disleri_Hollywood_Yildizlarina_Kiyasla_Neden_One_Cikiyor\"><\/span>Di\u015fleri Hollywood Y\u0131ld\u0131zlar\u0131na K\u0131yasla Neden \u00d6ne \u00c7\u0131k\u0131yor?<span class=\"ez-toc-section-end\"><\/span><\/h3>\n<p>Maria Corina Machado\u2019nun g\u00fcl\u00fc\u015f\u00fc, a\u015f\u0131r\u0131 parlak, m\u00fckemmel tekd\u00fcze Hollywood g\u00f6r\u00fcn\u00fcmlerinden ziyade do\u011fal g\u00f6r\u00fcn\u00fcm\u00fcyle \u00f6ne \u00e7\u0131k\u0131yor. Di\u015fleri ger\u00e7ek\u00e7i oranlar ve sa\u011fl\u0131kl\u0131 beyaz tonlar koruyor, yapay parlakl\u0131k yerine. A\u00e7\u0131k\u00e7a kozmetik olan <a href=\"https:\/\/dev.dev.vitrinclinic.com\/celebrities-with-veneers\/\" target=\"_blank\" rel=\"noopener noreferrer nofollow\"><strong>\u00fcnl\u00fc g\u00fcl\u00fc\u015flerinden<\/strong><\/a> farkl\u0131 olarak, d\u00f6n\u00fc\u015f\u00fcm\u00fc do\u011fal g\u00fczelli\u011fi otantik bir \u015fekilde art\u0131ran kad\u0131nlar i\u00e7in ince kaplamalar sergiliyor ve do\u011fal g\u00f6r\u00fcn\u00fcml\u00fc Hollywood g\u00fcl\u00fc\u015f trendlerini yans\u0131t\u0131yor.<\/p>\n<h3><span class=\"ez-toc-section\" id=\"Kulturel_Standartlar_Unlu_Gulus_Tasarimini_Nasil_Sekillendiriyor\"><\/span>K\u00fclt\u00fcrel Standartlar \u00dcnl\u00fc G\u00fcl\u00fc\u015f Tasar\u0131m\u0131n\u0131 Nas\u0131l \u015eekillendiriyor?<span class=\"ez-toc-section-end\"><\/span><\/h3>\n<p>K\u00fclt\u00fcrel standartlar, d\u00fcnya genelinde g\u00fcl\u00fc\u015f tasar\u0131m\u0131 tercihlerini \u00f6nemli \u00f6l\u00e7\u00fcde etkiler. Latin Amerika esteti\u011fi, keskin beyaz yerine daha s\u0131cak, do\u011fal di\u015f tonlar\u0131n\u0131 tercih eder. Avrupal\u0131lar sade zarafeti tercih ederken, baz\u0131 Amerikal\u0131lar ultra parlak tekd\u00fczeli\u011fi se\u00e7er. Do\u011fal g\u00fcl\u00fc\u015fler i\u00e7in en iyi kozmetik di\u015f hekimi, y\u00fcz \u00f6zellikleri, cilt tonu ve ki\u015fisel tarz\u0131 dikkate alarak k\u00fclt\u00fcrel tercihleri g\u00f6z \u00f6n\u00fcnde bulundurur.<\/p>\n<h4><span class=\"ez-toc-section\" id=\"Yuz_Uyumu_Gulus_Estetiginde_Ne_Rol_Oynar\"><\/span>Y\u00fcz Uyumu G\u00fcl\u00fc\u015f Esteti\u011finde Ne Rol Oynar?<span class=\"ez-toc-section-end\"><\/span><\/h4>\n<p>Y\u00fcz uyumu, di\u015flerin y\u00fcz oranlar\u0131, dudak \u015fekli ve genel y\u00fcz yap\u0131s\u0131yla m\u00fckemmel bir \u015fekilde uyum sa\u011flamas\u0131n\u0131 sa\u011flar. Di\u015f hekimleri, di\u015f geni\u015fli\u011fi, uzunlu\u011fu ve bo\u015fluklar\u0131 aras\u0131nda ideal oranlar\u0131 \u00f6l\u00e7en alt\u0131n oran\u0131 analiz eder. G\u00fcl\u00fc\u015f hatt\u0131, alt duda\u011f\u0131n do\u011fal e\u011frisini takip etmelidir. Maria Corina Machado gibi bir g\u00fcl\u00fc\u015f elde etmek kapsaml\u0131 bir de\u011ferlendirme gerektirir.<\/p>\n<h4><span class=\"ez-toc-section\" id=\"Turk_Dis_Hekimleri_Unlu_Gibi_Gulusleri_Nasil_Tasarlar\"><\/span>T\u00fcrk Di\u015f Hekimleri \u00dcnl\u00fc Gibi G\u00fcl\u00fc\u015fleri Nas\u0131l Tasarlar?<span class=\"ez-toc-section-end\"><\/span><\/h4>\n<p>T\u00fcrk di\u015f hekimleri, geli\u015fmi\u015f dijital g\u00fcl\u00fc\u015f tasar\u0131m\u0131 teknolojisi kullanarak \u00e7arp\u0131c\u0131 \u00fcnl\u00fc benzeri g\u00fcl\u00fc\u015fler yaratmada uluslararas\u0131 tan\u0131n\u0131rl\u0131k kazand\u0131. 3D g\u00f6r\u00fcnt\u00fcleme, sanal sim\u00fclasyonlar ve hassas i\u015f\u00e7ilik kullanarak benzersiz \u00f6zellikleri tamamlayan kaplamalar tasarlarlar. Vitrin Clinic gibi T\u00fcrk klinikleri, \u00fcnl\u00fcler taraf\u0131ndan ilham alan do\u011fal g\u00f6r\u00fcn\u00fcml\u00fc sonu\u00e7larda uzmanla\u015f\u0131r, sanatsal duyarl\u0131l\u0131\u011f\u0131 teknik m\u00fckemmeliyetle birle\u015ftirir.<\/p>\n<h2><span class=\"ez-toc-section\" id=\"Maria_Corina_Machado_Gulus_Yenilemesini_Turkiyede_Yaptirmis_Olabilir_mi\"><\/span>Maria Corina Machado G\u00fcl\u00fc\u015f Yenilemesini T\u00fcrkiye\u2019de Yapt\u0131rm\u0131\u015f Olabilir mi?<span class=\"ez-toc-section-end\"><\/span><\/h2>\n<p>T\u00fcrkiye, rekabet\u00e7i fiyatlarla y\u00fcksek kaliteli kozmetik di\u015f hekimli\u011fi sunan \u00f6nde gelen bir di\u015f turizmi merkezi olarak ortaya \u00e7\u0131kt\u0131. T\u00fcrk di\u015f hekimleri, Avrupa e\u011fitimi ile son teknolojiyi birle\u015ftiriyor. T\u00fcrkiye\u2019de uygun fiyatl\u0131 kaplamalar, kaliteden \u00f6d\u00fcn vermeden Bat\u0131 \u00fclkelerine k\u0131yasla y\u00fczde elli ila yetmi\u015f daha az maliyetlidir. Vitrin Clinic gibi klinikler, uluslararas\u0131 hastalar i\u00e7in do\u011fal g\u00f6r\u00fcn\u00fcml\u00fc Hollywood g\u00fcl\u00fc\u015f d\u00f6n\u00fc\u015f\u00fcmlerinde uzmanla\u015fm\u0131\u015ft\u0131r.<\/p>\n<h3><span class=\"ez-toc-section\" id=\"Turkiye_Neden_Unlu_Dis_Estetigi_icin_Kuresel_Bir_Merkez\"><\/span>T\u00fcrkiye Neden \u00dcnl\u00fc Di\u015f Esteti\u011fi i\u00e7in K\u00fcresel Bir Merkez?<span class=\"ez-toc-section-end\"><\/span><\/h3>\n<p>T\u00fcrkiye, rekabet\u00e7i fiyatlarla y\u00fcksek kaliteli kozmetik di\u015f hekimli\u011fi sunan \u00f6nde gelen bir di\u015f turizmi merkezi oldu. T\u00fcrk di\u015f hekimleri, Avrupa e\u011fitim standartlar\u0131n\u0131 son teknolojiyle birle\u015ftiriyor ve Bat\u0131 di\u015f uygulamalar\u0131na rakip oluyor. \u0130stanbul, en son dijital g\u00f6r\u00fcnt\u00fcleme, CAD\/CAM sistemleri ve birinci s\u0131n\u0131f malzemelerle donat\u0131lm\u0131\u015f y\u00fczlerce modern klini\u011fe ev sahipli\u011fi yap\u0131yor. Stratejik konum, zengin k\u00fclt\u00fcr ve uygun fiyatl\u0131 sa\u011fl\u0131k hizmetleri uluslararas\u0131 hastalar\u0131 cezbediyor.<\/p>\n<h3><span class=\"ez-toc-section\" id=\"Turkiyede_Kaplama_Almanin_Avantajlari_Nelerdir\"><\/span>T\u00fcrkiye\u2019de Kaplama Alman\u0131n Avantajlar\u0131 Nelerdir?<span class=\"ez-toc-section-end\"><\/span><\/h3>\n<p>T\u00fcrkiye\u2019yi se\u00e7en hastalar, Bat\u0131 \u00fclkelerine k\u0131yasla y\u00fczde elli ila yetmi\u015f daha az maliyetle \u00f6nemli tasarruflar elde eder. T\u00fcrk klinikleri, tedavi, konaklama, havaalan\u0131 transferleri ve gezi turlar\u0131n\u0131 kapsayan her \u015fey dahil paketler sunar. Yetkin kozmetik di\u015f hekimlerinin yo\u011funlu\u011fu, rekabet\u00e7i m\u00fckemmeliyet yarat\u0131r. Bir\u00e7ok tesis, uluslararas\u0131 hastalar i\u00e7in \u00e7eviri hizmetleri ve ki\u015fiselle\u015ftirilmi\u015f tedavi planlar\u0131 sunar.<\/p>\n<h4><span class=\"ez-toc-section\" id=\"Turkiyede_Tam_Bir_Gulus_Yenilemesi_Ne_Kadar_Tutar\"><\/span>T\u00fcrkiye\u2019de Tam Bir G\u00fcl\u00fc\u015f Yenilemesi Ne Kadar Tutar?<span class=\"ez-toc-section-end\"><\/span><\/h4>\n<p>T\u00fcrkiye\u2019de tam bir g\u00fcl\u00fc\u015f yenilemesi, t\u00fcm g\u00f6r\u00fcn\u00fcr di\u015fler i\u00e7in porselen kaplamalarla toplamda 3.000 ila 8.000 USD aras\u0131nda maliyete sahiptir. Bu, Amerika Birle\u015fik Devletleri veya Bat\u0131 Avrupa\u2019da 15.000 ila 40.000 USD\u2019ye k\u0131yasla \u00f6nemli tasarruflar sa\u011flar. T\u00fcrkiye\u2019de uygun fiyatl\u0131 kaplamalar, Alman veya \u0130svi\u00e7re porseleni kullan\u0131larak y\u00fcksek kaliteli ve deneyimli kozmetik di\u015f hekimleriyle premium kaliteyi korur.<\/p>\n<p><a href=\"https:\/\/wa.me\/+905451016000\" target=\"_blank\" rel=\"noopener noreferrer nofollow\"><img fetchpriority=\"high\" decoding=\"async\" class=\"aligncenter size-full wp-image-50265\" src=\"https:\/\/dev.dev.vitrinclinic.com\/wp-content\/uploads\/2025\/09\/CTA-4.webp\" alt=\"CTA 4\" width=\"700\" height=\"250\" srcset=\"https:\/\/dev.vitrinclinic.com\/wp-content\/uploads\/2025\/09\/CTA-4.webp 700w, https:\/\/dev.vitrinclinic.com\/wp-content\/uploads\/2025\/09\/CTA-4-300x107.webp 300w, https:\/\/dev.vitrinclinic.com\/wp-content\/uploads\/2025\/09\/CTA-4-18x6.webp 18w, https:\/\/dev.vitrinclinic.com\/wp-content\/uploads\/2025\/09\/CTA-4-370x132.webp 370w, https:\/\/dev.vitrinclinic.com\/wp-content\/uploads\/2025\/09\/CTA-4-410x146.webp 410w, https:\/\/dev.vitrinclinic.com\/wp-content\/uploads\/2025\/09\/CTA-4-600x214.webp 600w\" sizes=\"(max-width: 700px) 100vw, 700px\" \/><\/a><\/p>\n<h4><span class=\"ez-toc-section\" id=\"Turk_Kliniklerinde_Dis_Bakim_Kalitesi_Nasildir\"><\/span>T\u00fcrk Kliniklerinde Di\u015f Bak\u0131m Kalitesi Nas\u0131ld\u0131r?<span class=\"ez-toc-section-end\"><\/span><\/h4>\n<p>\u00d6nde gelen T\u00fcrk di\u015f klinikleri, JCI (Uluslararas\u0131 Ortak Komisyon) gibi uluslararas\u0131 kurulu\u015flar taraf\u0131ndan akredite edilmi\u015f, ola\u011fan\u00fcst\u00fc kalite standartlar\u0131n\u0131 korur. Di\u015f hekimleri, genellikle Avrupa veya Amerika\u2019da ileri e\u011fitim tamamlayarak s\u0131k\u0131 bir e\u011fitimden ge\u00e7er. Vitrin Clinic gibi klinikler, premium malzemeler, steril ortamlar ve Bat\u0131 standartlar\u0131n\u0131 tutarl\u0131 bir \u015fekilde kar\u015f\u0131layan veya a\u015fan s\u0131k\u0131 hijyen protokolleri kullan\u0131r.<\/p>\n<h3><span class=\"ez-toc-section\" id=\"Vitrin_Clinic_Unlu_Gulus_Tasariminda_Nasil_Uzmanlasmistir\"><\/span>Vitrin Clinic \u00dcnl\u00fc G\u00fcl\u00fc\u015f Tasar\u0131m\u0131nda Nas\u0131l Uzmanla\u015fm\u0131\u015ft\u0131r?<span class=\"ez-toc-section-end\"><\/span><\/h3>\n<p>Vitrin Clinic, uluslararas\u0131 hastalar i\u00e7in m\u00fckemmeliyet arayan do\u011fal g\u00f6r\u00fcn\u00fcml\u00fc Hollywood g\u00fcl\u00fc\u015f d\u00f6n\u00fc\u015f\u00fcmleri yaratmada lider olarak kendini kan\u0131tlad\u0131. Ekibi, kad\u0131nlar ve erkekler i\u00e7in ince kaplamalarda uzmanla\u015f\u0131r, yapay g\u00f6r\u00fcnmeyen do\u011fal g\u00fczelli\u011fi art\u0131ran g\u00fcl\u00fc\u015fler tasarlar. Klinik, tedavi \u00f6ncesinde sonu\u00e7lar\u0131 \u00f6nizlemek i\u00e7in dijital g\u00fcl\u00fc\u015f tasar\u0131m\u0131 yaz\u0131l\u0131m\u0131 kullanarak hasta memnuniyetini tamamen sa\u011flar.<\/p>\n<h4><span class=\"ez-toc-section\" id=\"Vitrin_Clinici_Diger_Turk_Kliniklerinden_Ayiran_Nedir\"><\/span>Vitrin Clinic\u2019i Di\u011fer T\u00fcrk Kliniklerinden Ay\u0131ran Nedir?<span class=\"ez-toc-section-end\"><\/span><\/h4>\n<p>Vitrin Clinic, ki\u015fiselle\u015ftirilmi\u015f ilgi, sanatsal g\u00fcl\u00fc\u015f tasar\u0131m\u0131 uzmanl\u0131\u011f\u0131 ve her hasta i\u00e7in do\u011fal g\u00f6r\u00fcn\u00fcml\u00fc sonu\u00e7lara ba\u011fl\u0131l\u0131\u011f\u0131yla kendini ay\u0131r\u0131r. Di\u015f hekimleri, her hastan\u0131n estetik hedeflerini, y\u00fcz \u00f6zelliklerini ve ya\u015fam tarz\u0131 ihtiya\u00e7lar\u0131n\u0131 anlayarak \u00f6zelle\u015ftirilmi\u015f tedavi planlar\u0131 tasarlar. Klinik, kapsaml\u0131 sonras\u0131 bak\u0131m deste\u011fi, \u015feffaf fiyatland\u0131rma, \u0130ngilizce konu\u015fan personel ve uluslararas\u0131 hastalar i\u00e7in her \u015fey dahil paketler sunar.<\/p>\n<h4><span class=\"ez-toc-section\" id=\"Vitrin_Clinic_Dogal_Gorunumlu_Kaplamalar_icin_Hangi_Teknikleri_Kullaniyor\"><\/span>Vitrin Clinic Do\u011fal G\u00f6r\u00fcn\u00fcml\u00fc Kaplamalar i\u00e7in Hangi Teknikleri Kullan\u0131yor?<span class=\"ez-toc-section-end\"><\/span><\/h4>\n<p>Vitrin Clinic, derinlik, \u015feffafl\u0131k ve do\u011fal di\u015f g\u00f6r\u00fcn\u00fcm\u00fcn\u00fc m\u00fckemmel bir \u015fekilde olu\u015fturmak i\u00e7in birden fazla porselen tonu kullanarak geli\u015fmi\u015f katmanlama teknikleri uygular. Her kaplaman\u0131n \u015feklini, dokusunu ve rengini \u00e7evreleyen di\u015flere ve cilt tonuna uyacak \u015fekilde \u00f6zelle\u015ftirirler. Dijital g\u00fcl\u00fc\u015f tasar\u0131m\u0131, kaplamalar\u0131n y\u00fcz orta hatlar\u0131, dudak hatlar\u0131 ve alt\u0131n oran prensipleriyle hizalanmas\u0131n\u0131 sa\u011flayarak hassas planlama sa\u011flar.<\/p>\n<h2><span class=\"ez-toc-section\" id=\"Maria_Corina_Machadonun_Gulus_Donusumunden_Ne_Ogrenebiliriz\"><\/span>Maria Corina Machado\u2019nun G\u00fcl\u00fc\u015f D\u00f6n\u00fc\u015f\u00fcm\u00fcnden Ne \u00d6\u011frenebiliriz?<span class=\"ez-toc-section-end\"><\/span><\/h2>\n<p>Maria Corina Machado\u2019nun g\u00fcl\u00fc\u015f d\u00f6n\u00fc\u015f\u00fcm\u00fc, kozmetik di\u015f hekimli\u011finin \u00f6zg\u00fcveni, kamuoyu varl\u0131\u011f\u0131n\u0131 ve profesyonel ba\u015far\u0131y\u0131 nas\u0131l art\u0131rd\u0131\u011f\u0131n\u0131 g\u00f6steriyor. \u00d6rne\u011fi, g\u00fcl\u00fc\u015f iyile\u015ftirmelerinin m\u00fckemmeliyet gerektirmedi\u011fini, do\u011fal \u00f6zellikleri geli\u015ftirdi\u011fini g\u00f6steriyor. Uygun fiyatl\u0131 kaplamalar ve \u00fcnl\u00fcler taraf\u0131ndan ilham alan g\u00fcl\u00fc\u015f yenilemeleri gibi eri\u015filebilir se\u00e7enekler, d\u00f6n\u00fc\u015ft\u00fcr\u00fcc\u00fc di\u015f \u00e7al\u0131\u015fmalar\u0131n\u0131n \u00e7e\u015fitli b\u00fct\u00e7eler i\u00e7in uluslararas\u0131 olarak mevcut oldu\u011funu kan\u0131tl\u0131yor.<\/p>\n<h2><span class=\"ez-toc-section\" id=\"Yeni_Gulusu_Ozguvenini_ve_Kamuoyu_Varligini_Nasil_Etkiledi\"><\/span>Yeni G\u00fcl\u00fc\u015f\u00fc \u00d6zg\u00fcvenini ve Kamuoyu Varl\u0131\u011f\u0131n\u0131 Nas\u0131l Etkiledi?<span class=\"ez-toc-section-end\"><\/span><\/h2>\n<p>Maria Corina Machado\u2019nun g\u00fcl\u00fc\u015f d\u00f6n\u00fc\u015f\u00fcm\u00fc, kamu konu\u015fmalar\u0131, medya r\u00f6portajlar\u0131 ve siyasi mitinglerde \u00f6zg\u00fcvenini belirgin \u015fekilde art\u0131rd\u0131. Geli\u015ftirilmi\u015f g\u00fcl\u00fc\u015f\u00fc, otorite, ula\u015f\u0131labilirlik ve canl\u0131l\u0131k yans\u0131t\u0131yor, destek\u00e7ilerle ba\u011flar\u0131 g\u00fc\u00e7lendiriyor ve liderlik imaj\u0131n\u0131 geli\u015ftiriyor. G\u00f6zlemciler, son g\u00f6r\u00fcn\u00fcmlerinde kariyerinin erken y\u0131llar\u0131na k\u0131yasla daha s\u0131k ve geni\u015f bir \u015fekilde g\u00fcl\u00fcmsedi\u011fini belirtiyor.<\/p>\n<h3><span class=\"ez-toc-section\" id=\"Siradan_Insanlar_Unlu_Gulus_Trendlerinden_Hangi_Dersleri_Cikarabilir\"><\/span>S\u0131radan \u0130nsanlar \u00dcnl\u00fc G\u00fcl\u00fc\u015f Trendlerinden Hangi Dersleri \u00c7\u0131karabilir?<span class=\"ez-toc-section-end\"><\/span><\/h3>\n<p>S\u0131radan insanlar, g\u00fcl\u00fc\u015f iyile\u015ftirmelerinin m\u00fckemmeliyet gerektirmedi\u011fini, do\u011fal \u00f6zellikleri geli\u015ftirerek \u00f6zg\u00fcveni art\u0131rd\u0131\u011f\u0131n\u0131 \u00f6\u011freniyor. \u00dcnl\u00fc d\u00f6n\u00fc\u015f\u00fcmleri, kozmetik di\u015f hekimli\u011finin Hollywood\u2019un \u00f6tesine uzand\u0131\u011f\u0131n\u0131 ve uluslararas\u0131 olarak uygun fiyatl\u0131 kaplamalar\u0131n mevcut oldu\u011funu kan\u0131tl\u0131yor. Do\u011fal g\u00f6r\u00fcn\u00fcml\u00fc sonu\u00e7lara y\u00f6nelik trend, ince iyile\u015ftirmelerin daha tatmin edici sonu\u00e7lar yaratt\u0131\u011f\u0131n\u0131 g\u00f6steriyor. G\u00fcl\u00fc\u015f\u00fcn\u00fcze yat\u0131r\u0131m yapmak, ki\u015fisel \u00f6zg\u00fcveni ve profesyonel varl\u0131\u011f\u0131 art\u0131r\u0131r.<\/p>\n<h3><span class=\"ez-toc-section\" id=\"Siradan_Insanlar_icin_Gulus_Yenilemesine_Yatirim_Yapmaya_Deger_mi\"><\/span>S\u0131radan \u0130nsanlar i\u00e7in G\u00fcl\u00fc\u015f Yenilemesine Yat\u0131r\u0131m Yapmaya De\u011fer mi?<span class=\"ez-toc-section-end\"><\/span><\/h3>\n<p>Bir\u00e7ok ki\u015fi i\u00e7in, g\u00fcl\u00fc\u015f yenilemesine yat\u0131r\u0131m yapmak, \u00f6zg\u00fcven, kariyer f\u0131rsatlar\u0131 ve iyile\u015ftirilmi\u015f ya\u015fam kalitesinde getiriler sa\u011flar. \u00c7al\u0131\u015fmalar, \u00e7ekici g\u00fcl\u00fc\u015flere sahip insanlar\u0131n daha ba\u015far\u0131l\u0131, g\u00fcvenilir ve ula\u015f\u0131labilir olarak alg\u0131land\u0131\u011f\u0131n\u0131 g\u00f6steriyor. \u00dcnl\u00fcler taraf\u0131ndan ilham alan g\u00fcl\u00fc\u015f yenilemeleri finansal yat\u0131r\u0131m gerektirse de, psikolojik ve sosyal faydalar genellikle maliyetleri hakl\u0131 \u00e7\u0131kar\u0131r. Modern finansman ve di\u015f turizmi eri\u015filebilirli\u011fi art\u0131r\u0131r.<\/p>\n<h4><span class=\"ez-toc-section\" id=\"Gulus_Iyilestirmelerinin_Psikolojik_Faydalari_Nelerdir\"><\/span>G\u00fcl\u00fc\u015f \u0130yile\u015ftirmelerinin Psikolojik Faydalar\u0131 Nelerdir?<span class=\"ez-toc-section-end\"><\/span><\/h4>\n<p>G\u00fcl\u00fc\u015f iyile\u015ftirmeleri, sosyal kayg\u0131y\u0131 azaltarak ve sosyal ve profesyonel etkile\u015fimlerde kendine g\u00fcvenli bir \u015fekilde kat\u0131lma iste\u011fini art\u0131rarak \u00f6zsayg\u0131y\u0131 dramatik bir \u015fekilde iyile\u015ftirir. Hastalar, kozmetik di\u015f prosed\u00fcrlerinden sonra kendilerini daha \u00e7ekici, gen\u00e7 ve ba\u015far\u0131l\u0131 hisseder. Psikolojik etki, esteti\u011fin \u00f6tesine uzan\u0131r; iyile\u015ftirilmi\u015f a\u011f\u0131z sa\u011fl\u0131\u011f\u0131, depresyonu azaltarak ve ya\u015fam memnuniyetini \u00f6nemli \u00f6l\u00e7\u00fcde art\u0131rarak genel refaha katk\u0131da bulunur.<\/p>\n<h4><span class=\"ez-toc-section\" id=\"Hollywood_Gulusunu_Uzun_Vadede_Nasil_Koruyabilirsiniz\"><\/span>Hollywood G\u00fcl\u00fc\u015f\u00fcn\u00fc Uzun Vadede Nas\u0131l Koruyabilirsiniz?<span class=\"ez-toc-section-end\"><\/span><\/h4>\n<p>Hollywood g\u00fcl\u00fc\u015f\u00fcn\u00fc korumak, g\u00fcnde iki kez f\u0131r\u00e7alama, di\u015f ipi kullanma ve kaplamalar i\u00e7in tasarlanm\u0131\u015f a\u015f\u0131nd\u0131r\u0131c\u0131 olmayan di\u015f macunu kullan\u0131m\u0131 gibi tutarl\u0131 a\u011f\u0131z hijyeni gerektirir. Her alt\u0131 ayda bir d\u00fczenli di\u015f kontrolleri, profesyonellerin kaplama durumunu izlemesini sa\u011flar. Kahve, k\u0131rm\u0131z\u0131 \u015farap ve t\u00fct\u00fcn gibi leke yapan maddelerden ka\u00e7\u0131nmak parlakl\u0131\u011f\u0131 korur. Gece koruyucular\u0131, g\u0131c\u0131rdatma hasar\u0131ndan kaplamalar\u0131 etkili bir \u015fekilde korur.<\/p>\n<h2><span class=\"ez-toc-section\" id=\"Maria_Corina_Machadonun_Gibi_Unlu_Guluslerinin_Arkasindaki_En_Yaygin_Prosedurler_Nelerdir\"><\/span>Maria Corina Machado\u2019nun Gibi \u00dcnl\u00fc G\u00fcl\u00fc\u015flerinin Arkas\u0131ndaki En Yayg\u0131n Prosed\u00fcrler Nelerdir?<span class=\"ez-toc-section-end\"><\/span><\/h2>\n<p>Maria Corina Machado\u2019nun gibi \u00fcnl\u00fc g\u00fcl\u00fc\u015fler genellikle porselen kaplamalar, profesyonel di\u015f beyazlatma, ortodontik tedavi, di\u015f eti \u015fekillendirme ve di\u015f yap\u0131\u015ft\u0131rmay\u0131 i\u00e7erir. Kaplama s\u00fcreci, dan\u0131\u015fma, di\u015f haz\u0131rl\u0131\u011f\u0131, ge\u00e7ici kaplamalar ve kal\u0131c\u0131 yap\u0131\u015ft\u0131rmay\u0131 i\u00e7erir. Do\u011fal g\u00fcl\u00fc\u015fler i\u00e7in en iyi kozmetik di\u015f hekimi, tonlar\u0131 dikkatle se\u00e7er, premium porselen malzemeler kullan\u0131r ve dijital g\u00fcl\u00fc\u015f tasar\u0131m\u0131 teknolojisini uygular.<\/p>\n<h3><span class=\"ez-toc-section\" id=\"Kaplamalarin_Adim_Adim_Sureci_Nedir\"><\/span>Kaplamalar\u0131n Ad\u0131m Ad\u0131m S\u00fcreci Nedir?<span class=\"ez-toc-section-end\"><\/span><\/h3>\n<p>Kaplama s\u00fcreci, di\u015f sa\u011fl\u0131\u011f\u0131n\u0131 de\u011ferlendiren ve estetik hedefleri tart\u0131\u015fan kapsaml\u0131 bir dan\u0131\u015fma ile ba\u015flar. Haz\u0131rl\u0131k s\u0131ras\u0131nda, di\u015f hekimleri ince mine katmanlar\u0131n\u0131 kald\u0131r\u0131r ve \u00f6zel kaplamalar olu\u015fturmak i\u00e7in hassas kal\u0131plar al\u0131r. Ge\u00e7ici kaplamalar, laboratuvarlar kal\u0131c\u0131 porselen restorasyonlar\u0131 yaparken haz\u0131rlanan di\u015fleri korur. Son randevu, kaplamalar\u0131n g\u00fc\u00e7l\u00fc di\u015f yap\u0131\u015ft\u0131r\u0131c\u0131s\u0131 kullan\u0131larak kal\u0131c\u0131 olarak yap\u0131\u015ft\u0131r\u0131lmas\u0131n\u0131 ve ayarlamalar\u0131 i\u00e7erir.<\/p>\n<h3><span class=\"ez-toc-section\" id=\"Unlu_Gulusu_Tasarlamada_Ton_Secimi_Ne_Kadar_Onemli\"><\/span>\u00dcnl\u00fc G\u00fcl\u00fc\u015f\u00fc Tasarlamada Ton Se\u00e7imi Ne Kadar \u00d6nemli?<span class=\"ez-toc-section-end\"><\/span><\/h3>\n<p>Ton se\u00e7imi son derece \u00f6nemlidir, \u00e7\u00fcnk\u00fc yanl\u0131\u015f renkler y\u00fcz uyumunu bozan yapay g\u00f6r\u00fcn\u00fcmler yarat\u0131r. Do\u011fal g\u00fcl\u00fc\u015fler i\u00e7in en iyi kozmetik di\u015f hekimi, cilt tonu, g\u00f6z rengi, ya\u015f ve ki\u015fisel tercihleri dikkate alarak kaplama tonlar\u0131n\u0131 se\u00e7er. Do\u011fal di\u015fler, ince renk varyasyonlar\u0131 ve \u015feffafl\u0131\u011fa sahiptir ve bu \u00e7o\u011falt\u0131lmal\u0131d\u0131r. Maria Corina Machado\u2019nun g\u00fcl\u00fc\u015f\u00fc, parlak ancak do\u011fal m\u00fckemmel ton se\u00e7imini g\u00f6sterir.<\/p>\n<h3><span class=\"ez-toc-section\" id=\"Dis_Hekimleri_Porselen_Kaplamalarla_Dogal_Gorunumlu_Sonuclari_Nasil_Elde_Eder\"><\/span>Di\u015f Hekimleri Porselen Kaplamalarla Do\u011fal G\u00f6r\u00fcn\u00fcml\u00fc Sonu\u00e7lar\u0131 Nas\u0131l Elde Eder?<span class=\"ez-toc-section-end\"><\/span><\/h3>\n<p>Di\u015f hekimleri, her kaplaman\u0131n \u015feklini, boyutunu, dokusunu ve rengini hastan\u0131n benzersiz \u00f6zelliklerine uyacak \u015fekilde \u00f6zelle\u015ftirerek do\u011fal sonu\u00e7lar elde eder. \u0130nce kusurlar\u0131, de\u011fi\u015fen \u015feffafl\u0131\u011f\u0131 ve do\u011fal di\u015f \u00f6zelliklerini taklit eden katmanl\u0131 renklendirmeyi birle\u015ftirirler. Di\u015f eti hatlar\u0131na, kesici kenar detaylar\u0131na ve y\u00fczey dokusuna dikkat, derinlik ve ger\u00e7ek\u00e7ilik yarat\u0131r. Dijital g\u00fcl\u00fc\u015f tasar\u0131m\u0131 teknolojisi, sonu\u00e7lar\u0131 \u00f6nceden \u00f6nizlemeyi sa\u011flar.<\/p>\n<h4><span class=\"ez-toc-section\" id=\"Parlak_Ancak_Dogal_Bir_Gorunum_icin_Hangi_Tur_Porselen_En_Iyisidir\"><\/span>Parlak Ancak Do\u011fal Bir G\u00f6r\u00fcn\u00fcm i\u00e7in Hangi T\u00fcr Porselen En \u0130yisidir?<span class=\"ez-toc-section-end\"><\/span><\/h4>\n<p>Y\u00fcksek kaliteli feldspatik veya IPS e.max porselen, kaplamalar i\u00e7in g\u00fc\u00e7, \u015feffafl\u0131k ve do\u011fal g\u00f6r\u00fcn\u00fcm\u00fcn ideal kombinasyonunu sa\u011flar. Bu malzemeler, do\u011fal di\u015f minesinin \u0131\u015f\u0131k yans\u0131tma \u00f6zelliklerini taklit ederek derinlik ve canl\u0131l\u0131k yarat\u0131r. \u00c7oklu tonlar kullanan katmanl\u0131 porselen teknikleri, ger\u00e7ek\u00e7i renk gradyanlar\u0131 olu\u015fturur. Premium porselen, kompozit alternatiflere k\u0131yasla lekelere daha iyi diren\u00e7 g\u00f6sterir ve do\u011fal g\u00f6r\u00fcn\u00fcm\u00fc daha uzun s\u00fcre korur.<\/p>\n<h4><span class=\"ez-toc-section\" id=\"Dijital_Gulus_Tasarimi_Araclari_Tedavi_Planlamasinda_Nasil_Yardimci_Olur\"><\/span>Dijital G\u00fcl\u00fc\u015f Tasar\u0131m\u0131 Ara\u00e7lar\u0131 Tedavi Planlamas\u0131nda Nas\u0131l Yard\u0131mc\u0131 Olur?<span class=\"ez-toc-section-end\"><\/span><\/h4>\n<p>Dijital g\u00fcl\u00fc\u015f tasar\u0131m\u0131 yaz\u0131l\u0131m\u0131, hastalar\u0131n geri d\u00f6n\u00fc\u015f\u00fc olmayan di\u015f prosed\u00fcrlerine ba\u015flamadan \u00f6nce potansiyel sonu\u00e7lar\u0131 g\u00f6rselle\u015ftirmesini sa\u011flayan sanal g\u00fcl\u00fc\u015f \u00f6nizlemeleri olu\u015fturur. Bu ara\u00e7lar, y\u00fcz oranlar\u0131n\u0131, simetriyi ve alt\u0131n oran prensiplerini analiz ederek bireysel \u00f6zelliklere \u00f6zelle\u015ftirilmi\u015f estetik olarak optimal g\u00fcl\u00fc\u015fler tasarlar. Di\u015f hekimleri, di\u015f boyutunu, \u015feklini, rengini ve konumland\u0131rmas\u0131n\u0131 dijital olarak ayarlar ve istenen sonu\u00e7lar\u0131 elde etmek i\u00e7in hastalarla i\u015fbirli\u011fi yapar.<\/p>\n<h3><span class=\"ez-toc-section\" id=\"Unluler_Disleri_icin_Hangi_Bakim_Rutinini_Takip_Eder\"><\/span>\u00dcnl\u00fcler Di\u015fleri i\u00e7in Hangi Bak\u0131m Rutinini Takip Eder?<span class=\"ez-toc-section-end\"><\/span><\/h3>\n<p>\u00dcnl\u00fcler, s\u0131k\u0131 a\u011f\u0131z hijyeni rutinleri, her \u00fc\u00e7 ila d\u00f6rt ayda bir profesyonel temizlikler ve sorunlar\u0131n hemen tedavisiyle g\u00fcl\u00fc\u015flerini korur. Elektrikli di\u015f f\u0131r\u00e7alar\u0131, su ipi cihazlar\u0131 ve kaplamalar i\u00e7in tasarlanm\u0131\u015f \u00f6zel beyazlat\u0131c\u0131 di\u015f macunlar\u0131 kullan\u0131rlar. Bir\u00e7o\u011fu leke yapan yiyecek ve i\u00e7eceklerden ka\u00e7\u0131n\u0131r veya t\u00fckettikten hemen sonra a\u011fz\u0131n\u0131 \u00e7alkalar. Profesyonel r\u00f6tu\u015flar, cilalama dahil, g\u00fcl\u00fc\u015fleri s\u00fcrekli kamera haz\u0131r tutar.<\/p>\n<h2><span class=\"ez-toc-section\" id=\"Maria_Corina_Machadonun_Disleri_Dogal_Olabilir_mi\"><\/span>Maria Corina Machado\u2019nun Di\u015fleri Do\u011fal Olabilir mi?<span class=\"ez-toc-section-end\"><\/span><\/h2>\n<p>Birka\u00e7 g\u00f6sterge, Maria Corina Machado\u2019nun g\u00fcl\u00fc\u015f\u00fcn\u00fcn tamamen do\u011fal olmaktan ziyade kozmetik di\u015f \u00e7al\u0131\u015fmas\u0131 i\u00e7erdi\u011fini \u00f6ne s\u00fcr\u00fcyor. Tekd\u00fcze parlakl\u0131k, m\u00fckemmel hizalama ve tutarl\u0131 di\u015f boyutu, erken g\u00f6r\u00fcnt\u00fclere k\u0131yasla \u00f6nemli \u00f6l\u00e7\u00fcde farkl\u0131d\u0131r. Di\u015fleri, porselen kaplamalara \u00f6zg\u00fc karakteristik parlak beyaz tonlar ve simetrik oranlar sergiler. Nispeten h\u0131zl\u0131 ger\u00e7ekle\u015fen dramatik iyile\u015fme, kozmetik m\u00fcdahaleye i\u015faret ediyor.<\/p>\n<h3><span class=\"ez-toc-section\" id=\"Gulusunun_Kozmetik_Oldugunu_Oneren_Ipuclari_Var_mi\"><\/span>G\u00fcl\u00fc\u015f\u00fcn\u00fcn Kozmetik Oldu\u011funu \u00d6neren \u0130pu\u00e7lar\u0131 Var m\u0131?<span class=\"ez-toc-section-end\"><\/span><\/h3>\n<p>Birka\u00e7 g\u00f6sterge, tamamen do\u011fal di\u015fler yerine kozmetik di\u015f \u00e7al\u0131\u015fmas\u0131n\u0131 \u00f6ne s\u00fcr\u00fcyor. Son foto\u011fraflarda g\u00f6r\u00fclen tekd\u00fcze parlakl\u0131k, m\u00fckemmel hizalama ve tutarl\u0131 di\u015f boyutu, erken g\u00f6r\u00fcnt\u00fclere k\u0131yasla \u00f6nemli \u00f6l\u00e7\u00fcde farkl\u0131d\u0131r. Di\u015fleri, porselen kaplamalara \u00f6zg\u00fc karakteristik parlak beyaz tonlar ve simetrik oranlar sergiler. Nispeten h\u0131zl\u0131 ger\u00e7ekle\u015fen dramatik iyile\u015fme, profesyonel kozmetik m\u00fcdahaleye i\u015faret ediyor.<\/p>\n<h3><span class=\"ez-toc-section\" id=\"Dis_Hekimleri_Onun_Dislerinin_Dogal_Gorunumu_Hakkinda_Ne_Diyor\"><\/span>Di\u015f Hekimleri Onun Di\u015flerinin Do\u011fal G\u00f6r\u00fcn\u00fcm\u00fc Hakk\u0131nda Ne Diyor?<span class=\"ez-toc-section-end\"><\/span><\/h3>\n<p>Maria Corina Machado\u2019nun g\u00fcl\u00fc\u015f\u00fcn\u00fc analiz eden di\u015f uzmanlar\u0131, profesyonel kozmetik di\u015f hekimli\u011fiyle tutarl\u0131 ola\u011fan\u00fcst\u00fc simetri, oran ve parlakl\u0131k fark eder. Uzmanlar, g\u00fcl\u00fc\u015f\u00fcn\u00fcn do\u011fal g\u00f6r\u00fcnmesine ra\u011fmen, tekd\u00fczelik ve m\u00fckemmeliyet, deneyimli uygulay\u0131c\u0131lar taraf\u0131ndan yap\u0131lan yetkin kaplama \u00e7al\u0131\u015fmas\u0131n\u0131 \u00f6nerir. Do\u011fal g\u00f6r\u00fcn\u00fcml\u00fc Hollywood g\u00fcl\u00fc\u015f\u00fc, modern kozmetik di\u015f hekimli\u011finin zirvesini temsil eder\u2014g\u00fczelli\u011fi etkili bir \u015fekilde korurken otantikli\u011fi art\u0131r\u0131r.<\/p>\n<h3><span class=\"ez-toc-section\" id=\"Kamu_Figurlerinin_Mukemmel_Dogal_Dislere_Sahip_Olmasi_Ne_Kadar_Nadir\"><\/span>Kamu Fig\u00fcrlerinin M\u00fckemmel Do\u011fal Di\u015flere Sahip Olmas\u0131 Ne Kadar Nadir?<span class=\"ez-toc-section-end\"><\/span><\/h3>\n<p>Ger\u00e7ekten m\u00fckemmel do\u011fal di\u015fler, \u00f6zellikle k\u0131rk ya\u015f\u0131n \u00fczerinde, do\u011fal ya\u015flanma ve a\u015f\u0131nma etkileriyle kar\u015f\u0131 kar\u015f\u0131ya olan bireylerde son derece nadirdir. Kusursuz g\u00fcl\u00fc\u015flere sahip \u00e7o\u011fu kamu fig\u00fcr\u00fc, profesyonel gereksinimler i\u00e7in kamera haz\u0131r g\u00f6r\u00fcn\u00fcmler elde etmek i\u00e7in kozmetik di\u015f hekimli\u011fine yat\u0131r\u0131m yapm\u0131\u015ft\u0131r. Genetik, a\u011f\u0131z hijyeni, diyet ve ya\u015fam tarz\u0131 do\u011fal di\u015f g\u00f6r\u00fcn\u00fcm\u00fcn\u00fc etkiler. \u00c7ok az insan, m\u00fcdahale olmadan do\u011fal olarak Hollywood m\u00fckemmel g\u00fcl\u00fc\u015flere sahiptir.<\/p>\n<h2><span class=\"ez-toc-section\" id=\"Uzmanlar_Maria_Corina_Machadonun_Dis_Estetigine_Nasil_Tepki_Veriyor\"><\/span>Uzmanlar Maria Corina Machado\u2019nun Di\u015f Esteti\u011fine Nas\u0131l Tepki Veriyor?<span class=\"ez-toc-section-end\"><\/span><\/h2>\n<p>Uzmanlar, Maria Corina Machado\u2019nun g\u00fcl\u00fc\u015f\u00fcn\u00fc do\u011fal g\u00f6r\u00fcn\u00fcm\u00fc ve estetik simetri prensiplerine ba\u011fl\u0131l\u0131\u011f\u0131 i\u00e7in \u00f6v\u00fcyor. Di\u015f uzmanlar\u0131, di\u015f \u015fekillerinin y\u00fcz \u00f6zelliklerini alt\u0131n oran prensiplerine uygun oranlarla tamamlad\u0131\u011f\u0131n\u0131 g\u00f6zlemliyor. \u0130nce g\u00fcl\u00fc\u015f iyile\u015ftirmesi, do\u011fal sonu\u00e7lar\u0131 vurgulayan minimalist kozmetik di\u015f hekimli\u011fi trendlerini \u00f6rnekliyor. Do\u011fal g\u00fcl\u00fc\u015f trendi, bireysel karakteri etkili bir \u015fekilde koruyan ince iyile\u015ftirmelere \u00f6ncelik verir.<\/p>\n<h3><span class=\"ez-toc-section\" id=\"Kozmetik_Dis_Hekimleri_Onun_Gulus_Hizalamasi_Hakkinda_Ne_Diyor\"><\/span>Kozmetik Di\u015f Hekimleri Onun G\u00fcl\u00fc\u015f Hizalamas\u0131 Hakk\u0131nda Ne Diyor?<span class=\"ez-toc-section-end\"><\/span><\/h3>\n<p>Kozmetik di\u015f hekimleri, Maria Corina Machado\u2019nun g\u00fcl\u00fc\u015f hizalamas\u0131n\u0131 do\u011fal g\u00f6r\u00fcn\u00fcm\u00fc ve estetik simetri prensiplerine ba\u011fl\u0131l\u0131\u011f\u0131 i\u00e7in \u00f6v\u00fcyor. Uzmanlar, di\u015flerinin alt duda\u011f\u0131n do\u011fal e\u011frisini takip ederek g\u00fcl\u00fc\u015f ve y\u00fcz \u00f6zellikleri aras\u0131nda uyum yaratt\u0131\u011f\u0131n\u0131 belirtiyor. Hizalama, kusurlar\u0131 d\u00fczelten ve bireysel karakteri koruyan sofistike di\u015f \u00e7al\u0131\u015fmas\u0131n\u0131 g\u00f6sterir ve Maria Corina Machado gibi bir g\u00fcl\u00fc\u015f elde etmenin nas\u0131l oldu\u011funu \u00f6rnekler.<\/p>\n<h3><span class=\"ez-toc-section\" id=\"Dis_Uzmanlari_Onun_Dis_Sekli_ve_Oranini_Nasil_Degerlendiriyor\"><\/span>Di\u015f Uzmanlar\u0131 Onun Di\u015f \u015eekli ve Oran\u0131n\u0131 Nas\u0131l De\u011ferlendiriyor?<span class=\"ez-toc-section-end\"><\/span><\/h3>\n<p>Di\u015f uzmanlar\u0131, Machado\u2019nun di\u015f \u015fekillerinin y\u00fcz \u00f6zelliklerini tamamlad\u0131\u011f\u0131n\u0131 ve oranlar\u0131n optimal estetik i\u00e7in alt\u0131n oran prensiplerini takip etti\u011fini g\u00f6zlemliyor. Merkezi kesici di\u015fleri uygun bir bask\u0131nl\u0131k sergilerken, yan kesici di\u015fler ve k\u00f6pek di\u015fleri kademeli olarak g\u00f6r\u00fcn\u00fcrl\u00fckte azal\u0131r ve do\u011fal bir gradyan yarat\u0131r. Di\u015f uzunlu\u011fu-geni\u015flik oran\u0131 ideal g\u00f6r\u00fcn\u00fcr, profesyonel rol\u00fcne uygun feminen ancak otoriter bir g\u00f6r\u00fcn\u00fcm yarat\u0131r.<\/p>\n<h3><span class=\"ez-toc-section\" id=\"Disleri_Minimalist_Kozmetik_Dis_Hekimligi_Trendini_Yansitabilir_mi\"><\/span>Di\u015fleri Minimalist Kozmetik Di\u015f Hekimli\u011fi Trendini Yans\u0131tabilir mi?<span class=\"ez-toc-section-end\"><\/span><\/h3>\n<p>Maria Corina Machado\u2019nun ince g\u00fcl\u00fc\u015f iyile\u015ftirmesi, do\u011fal sonu\u00e7lar\u0131 vurgulayan minimalist kozmetik di\u015f hekimli\u011fi trendini \u00f6rnekliyor ve dramatik d\u00f6n\u00fc\u015f\u00fcmler yerine do\u011fal sonu\u00e7lara odaklan\u0131yor. Modern hastalar, otantik g\u00fczellik i\u00e7in g\u00f6r\u00fcn\u00fcm\u00fc tamamen de\u011fi\u015ftirmek yerine geli\u015ftiren kad\u0131nlar i\u00e7in ince kaplamalar\u0131 giderek daha fazla talep ediyor. Bu yakla\u015f\u0131m, do\u011fal di\u015f \u00f6zelliklerini koruyarak belirli endi\u015feleri d\u00fczeltmeye odaklan\u0131r ve zahmetsiz iyile\u015ftirmeler yarat\u0131r.<\/p>\n<h4><span class=\"ez-toc-section\" id=\"Modern_Unluler_Arasinda_%E2%80%9CDogal_Gulus%E2%80%9D_Trendi_Nedir\"><\/span>Modern \u00dcnl\u00fcler Aras\u0131nda \u201cDo\u011fal G\u00fcl\u00fc\u015f\u201d Trendi Nedir?<span class=\"ez-toc-section-end\"><\/span><\/h4>\n<p>Do\u011fal g\u00fcl\u00fc\u015f trendi, kusurlar\u0131 d\u00fczeltirken bireysel karakteri koruyan ince iyile\u015ftirmelere \u00f6ncelik verir ve \u00f6zg\u00fcven ve estetik i\u00e7in iyile\u015ftirilmi\u015f sonu\u00e7lar sa\u011flar. Modern \u00fcnl\u00fcler, a\u00e7\u0131k\u00e7a kozmetik g\u00f6r\u00fcnen ultra beyaz, m\u00fckemmel tekd\u00fcze g\u00fcl\u00fc\u015fler yerine giderek daha fazla \u00f6l\u00e7\u00fcl\u00fc yakla\u015f\u0131mlar se\u00e7iyor. Bu hareket, y\u00fcz \u00f6zelliklerini do\u011fal olarak tamamlayan ger\u00e7ek\u00e7i tonlama ve oranlara sahip di\u015fleri de\u011ferlendiriyor. Trend, otantikli\u011fe y\u00f6nelik k\u00fclt\u00fcrel de\u011fi\u015fimleri yans\u0131t\u0131yor.<\/p>\n<h2><span class=\"ez-toc-section\" id=\"Sosyal_Medya_Maria_Corina_Machadonun_Dislerine_Olan_Kamu_Ilgiini_Nasil_Etkiledi\"><\/span>Sosyal Medya Maria Corina Machado\u2019nun Di\u015flerine Olan Kamu \u0130lgiini Nas\u0131l Etkiledi?<span class=\"ez-toc-section-end\"><\/span><\/h2>\n<p>Sosyal medya platformlar\u0131, Maria Corina Machado\u2019nun g\u00fcl\u00fc\u015f d\u00f6n\u00fc\u015f\u00fcm\u00fc hakk\u0131nda viral tart\u0131\u015fmalar\u0131 ate\u015fledi. Twitter, Instagram, Facebook, YouTube ve TikTok, yan yana kar\u015f\u0131la\u015ft\u0131rma foto\u011fraflar\u0131 ve analiz videolar\u0131yla konu\u015fmalar\u0131 b\u00fcy\u00fctt\u00fc. Hayranlar, geli\u015ftirilmi\u015f \u00f6zg\u00fcvenini ve cilal\u0131 g\u00f6r\u00fcn\u00fcm\u00fcn\u00fc ezici bir \u015fekilde \u00f6v\u00fcyor. Maria Corina Machado\u2019nun di\u015f \u00f6ncesi ve sonras\u0131 kar\u015f\u0131la\u015ft\u0131rmalar\u0131, sosyal medyan\u0131n \u00fcnl\u00fc d\u00f6n\u00fc\u015f\u00fcmlerine olan ilgiyi nas\u0131l \u00f6nemli \u00f6l\u00e7\u00fcde art\u0131rd\u0131\u011f\u0131n\u0131 \u00f6rnekliyor.<\/p>\n<h3><span class=\"ez-toc-section\" id=\"Hangi_Platformlar_Gulusu_Cevresindeki_Viral_Tartismayi_Tetikledi\"><\/span>Hangi Platformlar G\u00fcl\u00fc\u015f\u00fc \u00c7evresindeki Viral Tart\u0131\u015fmay\u0131 Tetikledi?<span class=\"ez-toc-section-end\"><\/span><\/h3>\n<p>Twitter ve Instagram, Maria Corina Machado\u2019nun g\u00fcl\u00fc\u015f d\u00f6n\u00fc\u015f\u00fcm\u00fc hakk\u0131nda ilk tart\u0131\u015fmalar\u0131 ate\u015fledi ve kullan\u0131c\u0131lar yan yana kar\u015f\u0131la\u015ft\u0131rma foto\u011fraflar\u0131 payla\u015ft\u0131. Facebook\u2019taki siyasi forumlar ve g\u00fczellik topluluklar\u0131, geli\u015ftirilmi\u015f g\u00fcl\u00fc\u015f\u00fcn\u00fcn kozmetik prosed\u00fcrlerden kaynaklan\u0131p kaynaklanmad\u0131\u011f\u0131n\u0131 tart\u0131\u015farak konu\u015fmalar\u0131 b\u00fcy\u00fctt\u00fc. YouTube analiz videolar\u0131, di\u015f d\u00f6n\u00fc\u015f\u00fcm\u00fcn\u00fc inceleyerek binlerce g\u00f6r\u00fcnt\u00fcleme ald\u0131. TikTok i\u00e7erik \u00fcreticileri, spek\u00fclatif i\u00e7erik \u00fcreterek viral ilgiye katk\u0131da bulundu.<\/p>\n<h3><span class=\"ez-toc-section\" id=\"Hayranlar_Instagram_ve_TikTokta_Yeni_Gulusune_Nasil_Tepki_Veriyor\"><\/span>Hayranlar Instagram ve TikTok\u2019ta Yeni G\u00fcl\u00fc\u015f\u00fcne Nas\u0131l Tepki Veriyor?<span class=\"ez-toc-section-end\"><\/span><\/h3>\n<p>Instagram ve TikTok\u2019taki hayranlar, Maria Corina Machado\u2019nun g\u00fcl\u00fc\u015f d\u00f6n\u00fc\u015f\u00fcm\u00fcn\u00fc ezici bir \u015fekilde \u00f6v\u00fcyor, geli\u015ftirilmi\u015f \u00f6zg\u00fcvenini ve g\u00f6r\u00fcn\u00fcm\u00fcn\u00fc yorumluyor. Destek\u00e7iler, cilal\u0131 g\u00f6r\u00fcn\u00fcm\u00fcn\u00fcn liderlik rol\u00fcne uygun oldu\u011funu kutlarken, baz\u0131lar\u0131 di\u015f prosed\u00fcrleri hakk\u0131nda meraklar\u0131n\u0131 ifade ediyor. G\u00fczellik merakl\u0131lar\u0131, Maria Corina Machado gibi bir g\u00fcl\u00fc\u015f elde etmek i\u00e7in bilgi talep ediyor ve aktif bir \u015fekilde di\u015f hekimi \u00f6nerileri ar\u0131yor.<\/p>\n<h3><span class=\"ez-toc-section\" id=\"Unlu_Dislerini_Analiz_Etme_Trendi_Cevrimici_Olarak_Nasil_Buyudu\"><\/span>\u00dcnl\u00fc Di\u015flerini Analiz Etme Trendi \u00c7evrimi\u00e7i Olarak Nas\u0131l B\u00fcy\u00fcd\u00fc?<span class=\"ez-toc-section-end\"><\/span><\/h3>\n<p>\u00dcnl\u00fc di\u015flerinin \u00e7evrimi\u00e7i analizi giderek pop\u00fcler hale geldi ve kozmetik di\u015f \u00e7al\u0131\u015fmalar\u0131n\u0131 tart\u0131\u015fmaya adanm\u0131\u015f sosyal medya hesaplar\u0131 ortaya \u00e7\u0131kt\u0131. Di\u015f hekimleri ve g\u00fczellik uzmanlar\u0131, \u00fcnl\u00fc g\u00fcl\u00fc\u015f d\u00f6n\u00fc\u015f\u00fcmlerini par\u00e7alara ay\u0131ran i\u00e7erikler olu\u015fturuyor, prosed\u00fcrleri ve maliyetleri d\u00fcnya \u00e7ap\u0131nda ilgili kitlelere a\u00e7\u0131kl\u0131yor. Bu trend, kozmetik prosed\u00fcrlere, di\u015f turizmi eri\u015filebilirli\u011fine ve estetik iyile\u015ftirme normalle\u015fmesine olan kamu ilgisinin artmas\u0131n\u0131 yans\u0131t\u0131yor.<\/p>\n<h2><span class=\"ez-toc-section\" id=\"Maria_Corina_Machado_Gibi_Bir_Gulus_Nasil_Elde_Edilir\"><\/span>Maria Corina Machado Gibi Bir G\u00fcl\u00fc\u015f Nas\u0131l Elde Edilir?<span class=\"ez-toc-section-end\"><\/span><\/h2>\n<p>\u00dcnl\u00fc benzeri bir g\u00fcl\u00fc\u015f elde etmek, do\u011fal estetikte uzmanla\u015fm\u0131\u015f nitelikli kozmetik di\u015f hekimleriyle dan\u0131\u015fma randevular\u0131 planlamakla ba\u015flar. Vitrin Clinic, geli\u015fmi\u015f teknoloji ve premium malzemeler kullanarak \u00fcnl\u00fcler taraf\u0131ndan ilham alan g\u00fcl\u00fc\u015f yenilemeleri olu\u015fturmada uzmanla\u015fm\u0131\u015ft\u0131r. Tam bir g\u00fcl\u00fc\u015f yenilemesi, ilk dan\u0131\u015fma ile son kaplama yerle\u015ftirme aras\u0131nda genellikle iki ila \u00fc\u00e7 hafta gerektirir ve uygun sonras\u0131 bak\u0131m uzun vadeli sonu\u00e7lar sa\u011flar.<\/p>\n<h3><span class=\"ez-toc-section\" id=\"Unlu_Gibi_Bir_Guluse_Giden_Ilk_Adim_Nedir\"><\/span>\u00dcnl\u00fc Gibi Bir G\u00fcl\u00fc\u015fe Giden \u0130lk Ad\u0131m Nedir?<span class=\"ez-toc-section-end\"><\/span><\/h3>\n<p>\u00dcnl\u00fc gibi bir g\u00fcl\u00fc\u015fe giden ilk ad\u0131m, do\u011fal estetikte uzmanla\u015fm\u0131\u015f nitelikli bir kozmetik di\u015f hekimiyle dan\u0131\u015fma randevusu planlamakt\u0131r. Randevular s\u0131ras\u0131nda, di\u015f hekimleri di\u015f sa\u011fl\u0131\u011f\u0131n\u0131 de\u011ferlendirir, estetik hedefleri tart\u0131\u015f\u0131r ve uygun tedavileri \u00f6nerir. Kapsaml\u0131 muayeneler, r\u00f6ntgenler, foto\u011fraflar ve muhtemelen potansiyel sonu\u00e7lar\u0131 g\u00f6rselle\u015ftirmek i\u00e7in dijital g\u00fcl\u00fc\u015f tasar\u0131m\u0131n\u0131 i\u00e7erir ve geri d\u00f6n\u00fc\u015f\u00fc olmayan tedavi prosed\u00fcrlerine ba\u015flamadan \u00f6nce yap\u0131l\u0131r.<\/p>\n<h3><span class=\"ez-toc-section\" id=\"Vitrin_Clinic_Benzer_Sonuclar_Elde_Etmenize_Nasil_Yardimci_Olabilir\"><\/span>Vitrin Clinic Benzer Sonu\u00e7lar Elde Etmenize Nas\u0131l Yard\u0131mc\u0131 Olabilir?<span class=\"ez-toc-section-end\"><\/span><\/h3>\n<p>Vitrin Clinic, geli\u015fmi\u015f teknoloji, premium malzemeler ve ki\u015fiselle\u015ftirilmi\u015f estetik yakla\u015f\u0131mlar kullanarak \u00fcnl\u00fcler taraf\u0131ndan ilham alan g\u00fcl\u00fc\u015f yenilemeleri olu\u015fturmada uzmanla\u015fm\u0131\u015ft\u0131r. Deneyimli kozmetik di\u015f hekimleri, y\u00fcz \u00f6zelliklerini, cilt tonunu ve ki\u015fisel tercihleri analiz ederek g\u00fczelli\u011fi art\u0131ran g\u00fcl\u00fc\u015fler tasarlar. Kad\u0131nlar i\u00e7in ince kaplamalardaki uzmanl\u0131klar\u0131, a\u00e7\u0131k\u00e7a yapay olmayan do\u011fal g\u00f6r\u00fcn\u00fcml\u00fc sonu\u00e7lar sa\u011flar ve kapsaml\u0131 paketler sunar.<\/p>\n<h3><span class=\"ez-toc-section\" id=\"Tam_Bir_Gulus_Yenilemesi_icin_Tipik_Zaman_Cizelgesi_Nedir\"><\/span>Tam Bir G\u00fcl\u00fc\u015f Yenilemesi i\u00e7in Tipik Zaman \u00c7izelgesi Nedir?<span class=\"ez-toc-section-end\"><\/span><\/h3>\n<p>Tam bir g\u00fcl\u00fc\u015f yenilemesi, ilk dan\u0131\u015fma ile son kaplama yerle\u015ftirme ve ayarlamalar aras\u0131nda genellikle iki ila \u00fc\u00e7 hafta gerektirir. Di\u015f eti \u015fekillendirme veya di\u015f \u00e7ekimi gibi ek prosed\u00fcrleri i\u00e7eren baz\u0131 karma\u015f\u0131k vakalar, zaman \u00e7izelgesini d\u00f6rt haftaya uzatabilir. Bir\u00e7ok uluslararas\u0131 hasta, haz\u0131rl\u0131k i\u00e7in bir hafta T\u00fcrkiye\u2019yi ziyaret eder ve iki hafta sonra kal\u0131c\u0131 yerle\u015ftirme prosed\u00fcrleri i\u00e7in geri d\u00f6ner.<\/p>\n<h4><span class=\"ez-toc-section\" id=\"Danisma_ve_Hazirlik_Ne_Kadar_Surer\"><\/span>Dan\u0131\u015fma ve Haz\u0131rl\u0131k Ne Kadar S\u00fcrer?<span class=\"ez-toc-section-end\"><\/span><\/h4>\n<p>\u0130lk dan\u0131\u015fma genellikle bir ila iki saat s\u00fcrer ve kapsaml\u0131 muayene, foto\u011fraflar, dijital planlama ve tedavi tart\u0131\u015fmas\u0131n\u0131 i\u00e7erir. Kaplamalar i\u00e7in di\u015f haz\u0131rl\u0131\u011f\u0131, ayn\u0131 anda tedavi edilen di\u015f say\u0131s\u0131na ba\u011fl\u0131 olarak bir ila iki saat gerektirir. Ge\u00e7ici kaplamalar, haz\u0131rl\u0131ktan hemen sonra yerle\u015ftirilir, di\u015fleri korur ve hastalar i\u00e7in son sonu\u00e7lar\u0131n \u00f6nizlemesini sa\u011flar.<\/p>\n<h4><span class=\"ez-toc-section\" id=\"Uzun_Omurluluk_icin_Hangi_Sonrasi_Bakim_Adimlari_Gerekli\"><\/span>Uzun \u00d6m\u00fcrl\u00fcl\u00fck i\u00e7in Hangi Sonras\u0131 Bak\u0131m Ad\u0131mlar\u0131 Gerekli?<span class=\"ez-toc-section-end\"><\/span><\/h4>\n<p>Uygun sonras\u0131 bak\u0131m, kaplama uzun \u00f6m\u00fcrl\u00fcl\u00fc\u011f\u00fcn\u00fc sa\u011flar ve birka\u00e7 g\u00fcn boyunca yeni restorasyonlara sert yiyeceklerden ve a\u015f\u0131r\u0131 kuvvetten ka\u00e7\u0131nmakla ba\u015flar. Yumu\u015fak k\u0131ll\u0131 di\u015f f\u0131r\u00e7alar\u0131, a\u015f\u0131nd\u0131r\u0131c\u0131 olmayan di\u015f macunlar\u0131 ve kaplamalara zarar vermeyen nazik di\u015f ipi teknikleri kullanarak m\u00fckemmel a\u011f\u0131z hijyeni s\u00fcrd\u00fcr\u00fcn. Her alt\u0131 ayda bir profesyonel temizlik i\u00e7in d\u00fczenli di\u015f kontrolleri planlay\u0131n. Uyku s\u0131ras\u0131nda di\u015f g\u0131c\u0131rdat\u0131yorsan\u0131z koruyucu gece koruyucular\u0131 tak\u0131n.<\/p>\n<p>[sc_fs_multi_faq headline-0=&#8221;h3&#8243; question-0=&#8221;Maria Corina Machado\u2019nun g\u00fcl\u00fc\u015f\u00fc i\u00e7in muhtemelen hangi prosed\u00fcr\u00fc yapt\u0131rd\u0131?&#8221; answer-0=&#8221;Muhtemelen daha parlak ve tekd\u00fcze bir g\u00fcl\u00fc\u015f i\u00e7in profesyonel beyazlatma veya porselen kaplamalar yapt\u0131rd\u0131.&#8221; image-0=&#8221;&#8221; headline-1=&#8221;h3&#8243; question-1=&#8221;Di\u015fleri kaplama m\u0131 yoksa do\u011fal m\u0131?&#8221; answer-1=&#8221;Kaplamalar gibi g\u00f6r\u00fcn\u00fcyor, ancak herhangi bir prosed\u00fcr\u00fc kamuoyuyla do\u011frulamad\u0131.&#8221; image-1=&#8221;&#8221; headline-2=&#8221;h3&#8243; question-2=&#8221;T\u00fcrkiye\u2019de benzer bir g\u00fcl\u00fc\u015f yenilemesi ne kadara mal olur?&#8221; answer-2=&#8221;T\u00fcrkiye\u2019de tam bir kaplama seti, klini\u011fe ba\u011fl\u0131 olarak genellikle 2.000 ila 5.000 \u00a3 aras\u0131nda maliyetlidir.&#8221; image-2=&#8221;&#8221; headline-3=&#8221;h3&#8243; question-3=&#8221;\u00dcnl\u00fc kaplamalar\u0131 ne kadar dayan\u0131r?&#8221; answer-3=&#8221;Porselen kaplamalar, uygun bak\u0131mla genellikle 10 ila 15 y\u0131l dayan\u0131r.&#8221; image-3=&#8221;&#8221; headline-4=&#8221;h3&#8243; question-4=&#8221;Yurtd\u0131\u015f\u0131nda kaplama yapt\u0131rman\u0131n riskleri nelerdir?&#8221; answer-4=&#8221;Riskler aras\u0131nda takip zorluklar\u0131, dil bariyerleri veya sayg\u0131n olmayan bir klinik se\u00e7erseniz tutars\u0131z kalite yer al\u0131r.&#8221; image-4=&#8221;&#8221; headline-5=&#8221;h3&#8243; question-5=&#8221;Kozmetik tedaviden sonra beyaz di\u015fleri nas\u0131l koruyabilirim?&#8221; answer-5=&#8221;Leke yapan yiyeceklerden ka\u00e7\u0131n\u0131n, a\u015f\u0131nd\u0131r\u0131c\u0131 olmayan beyazlat\u0131c\u0131 di\u015f macunu kullan\u0131n ve d\u00fczenli di\u015f temizlikleri yapt\u0131r\u0131n.&#8221; image-5=&#8221;&#8221; headline-6=&#8221;h3&#8243; question-6=&#8221;T\u00fcrk di\u015f hekimleri y\u00fcksek kaliteli kozmetik sonu\u00e7lar i\u00e7in g\u00fcvenilir mi?&#8221; answer-6=&#8221;Evet, T\u00fcrkiye\u2019deki bir\u00e7ok klinik uluslararas\u0131 olarak akredite edilmi\u015ftir ve Hollywood tarz\u0131 g\u00fcl\u00fc\u015fler arayan Birle\u015fik Krall\u0131k hastalar\u0131na hizmet verir.&#8221; image-6=&#8221;&#8221; headline-7=&#8221;h3&#8243; question-7=&#8221;G\u00fcl\u00fc\u015f tasar\u0131m\u0131 di\u015f eti \u015fekillendirme ve di\u015f yeniden \u015fekillendirmeyi i\u00e7erir mi?&#8221; answer-7=&#8221;Evet, modern g\u00fcl\u00fc\u015f tasar\u0131m\u0131 genellikle di\u015f eti \u015fekillendirme, di\u015f uzunlu\u011fu ayarlamalar\u0131 ve tam dijital planlamay\u0131 i\u00e7erir.&#8221; image-7=&#8221;&#8221; headline-8=&#8221;h3&#8243; question-8=&#8221;Kaplamalar tamamen do\u011fal g\u00f6r\u00fcnecek \u015fekilde \u00f6zelle\u015ftirilebilir mi?&#8221; answer-8=&#8221;Kesinlikle. Y\u00fcksek kaliteli kaplamalar, ince ve do\u011fal bir g\u00f6r\u00fcn\u00fcm i\u00e7in renk uyumlu ve \u015fekillendirilebilir.&#8221; image-8=&#8221;&#8221; headline-9=&#8221;h3&#8243; question-9=&#8221;Hollywood G\u00fcl\u00fc\u015f\u00fc ile \u00dcnl\u00fc G\u00fcl\u00fc\u015f\u00fc aras\u0131ndaki fark nedir?&#8221; answer-9=&#8221;Hollywood G\u00fcl\u00fc\u015f\u00fc ultra beyaz ve kusursuzdur; \u00dcnl\u00fc G\u00fcl\u00fc\u015f\u00fc daha ki\u015fiselle\u015ftirilmi\u015f ve do\u011fal g\u00f6r\u00fcn\u00fcml\u00fc olabilir.&#8221; image-9=&#8221;&#8221; count=&#8221;10&#8243; html=&#8221;true&#8221; css_class=&#8221;&#8221;]<\/p>\n","protected":false},"excerpt":{"rendered":"<p>Maria Corina Machado Kimdir ve Neden Di\u015fleri Hakk\u0131nda Konu\u015fuluyor? Maria Corina Machado, demokrasi ve insan haklar\u0131 savunuculu\u011fuyla tan\u0131nan \u00f6nde gelen bir Venezuelal\u0131 siyasi lider ve muhalefet fig\u00fcr\u00fcd\u00fcr. Vente Venezuela\u2019y\u0131 kurdu&hellip;<\/p>\n","protected":false},"author":36,"featured_media":60301,"comment_status":"open","ping_status":"open","sticky":false,"template":"","format":"standard","meta":{"iawp_total_views":0,"footnotes":""},"categories":[349],"tags":[],"class_list":["post-60293","post","type-post","status-publish","format-standard","has-post-thumbnail","hentry","category-uncategorized-tr"],"_wp_old_slugs":[],"rank_math_title":"","rank_math_description":"","rank_math_focus_keyword":"","_links":{"self":[{"href":"https:\/\/dev.vitrinclinic.com\/tr\/wp-json\/wp\/v2\/posts\/60293","targetHints":{"allow":["GET"]}}],"collection":[{"href":"https:\/\/dev.vitrinclinic.com\/tr\/wp-json\/wp\/v2\/posts"}],"about":[{"href":"https:\/\/dev.vitrinclinic.com\/tr\/wp-json\/wp\/v2\/types\/post"}],"author":[{"embeddable":true,"href":"https:\/\/dev.vitrinclinic.com\/tr\/wp-json\/wp\/v2\/users\/36"}],"replies":[{"embeddable":true,"href":"https:\/\/dev.vitrinclinic.com\/tr\/wp-json\/wp\/v2\/comments?post=60293"}],"version-history":[{"count":0,"href":"https:\/\/dev.vitrinclinic.com\/tr\/wp-json\/wp\/v2\/posts\/60293\/revisions"}],"wp:featuredmedia":[{"embeddable":true,"href":"https:\/\/dev.vitrinclinic.com\/tr\/wp-json\/wp\/v2\/media\/60301"}],"wp:attachment":[{"href":"https:\/\/dev.vitrinclinic.com\/tr\/wp-json\/wp\/v2\/media?parent=60293"}],"wp:term":[{"taxonomy":"category","embeddable":true,"href":"https:\/\/dev.vitrinclinic.com\/tr\/wp-json\/wp\/v2\/categories?post=60293"},{"taxonomy":"post_tag","embeddable":true,"href":"https:\/\/dev.vitrinclinic.com\/tr\/wp-json\/wp\/v2\/tags?post=60293"}],"curies":[{"name":"wp","href":"https:\/\/api.w.org\/{rel}","templated":true}]}}