{"id":61646,"date":"2025-11-09T13:00:26","date_gmt":"2025-11-09T10:00:26","guid":{"rendered":"https:\/\/dev.vitrinclinic.com\/tr\/who-is-jared-golden-and-why-does-his-smile-matter-to-his-political-image-tr\/"},"modified":"2025-11-11T18:25:31","modified_gmt":"2025-11-11T15:25:31","slug":"who-is-jared-golden-and-why-does-his-smile-matter-to-his-political-image-tr","status":"publish","type":"post","link":"https:\/\/dev.vitrinclinic.com\/tr\/who-is-jared-golden-and-why-does-his-smile-matter-to-his-political-image-tr\/","title":{"rendered":"Jared Golden kimdir ve g\u00fcl\u00fc\u015f\u00fc siyasi imaj\u0131 i\u00e7in neden \u00f6nemlidir?"},"content":{"rendered":"<p><span style=\"font-weight: 400;\">Jared Golden, Maine&#8217;in 2. Kongre B\u00f6lgesi&#8217;ni temsil eden Demokrat bir ABD Temsilcisi olup, ba\u011f\u0131ms\u0131z oy verme kayd\u0131 ve \u0131l\u0131ml\u0131 siyasi duru\u015flar\u0131yla tan\u0131nmaktad\u0131r. Yasama \u00e7al\u0131\u015fmalar\u0131n\u0131n ve askeri hizmet ge\u00e7mi\u015finin \u00f6tesinde, ula\u015f\u0131labilir tavr\u0131 ve samimi g\u00fcl\u00fcmsemesi, ili\u015fkilendirilebilir siyasi ki\u015fili\u011fine \u00f6nemli \u00f6l\u00e7\u00fcde katk\u0131da bulunmaktad\u0131r. jared golden di\u015fleri ve g\u00fcl\u00fcmsemesi, k\u0131rsal Maine se\u00e7menleriyle yank\u0131 uyand\u0131ran \u00f6zg\u00fcnl\u00fck ve i\u015f\u00e7i s\u0131n\u0131f\u0131 k\u00f6klerini yans\u0131t\u0131r ve onu ba\u015fkanl\u0131k se\u00e7imlerinde Trump&#8217;a oy veren bir b\u00f6lgeyi ba\u015far\u0131yla temsil eden birka\u00e7 Demokrattan biri yapmaktad\u0131r.<\/span><\/p>\n<h3><span class=\"ez-toc-section\" id=\"Jared_Golden_Maine_Siyasetinde_Nasil_One_Cikti\"><\/span><b>Jared Golden Maine Siyasetinde Nas\u0131l \u00d6ne \u00c7\u0131kt\u0131?<\/b><span class=\"ez-toc-section-end\"><\/span><\/h3>\n<p><span style=\"font-weight: 400;\"><a href=\"https:\/\/en.wikipedia.org\/wiki\/Jared_Golden\" target=\"_blank\" rel=\"noopener noreferrer nofollow\"><strong>Jared Golden<\/strong><\/a>, i\u015f\u00e7i s\u0131n\u0131f\u0131 Maine halk\u0131yla \u00f6zg\u00fcn bir ba\u011flant\u0131 kurarak, Deniz Piyadeleri gazisi stat\u00fcs\u00fcnden ve sendika ge\u00e7mi\u015finden yararlanarak siyasi kariyerini in\u015fa etti. 2018&#8217;deki kongre zaferi, taban kampanyalar\u0131 ve \u0131l\u0131ml\u0131 pozisyonlar arac\u0131l\u0131\u011f\u0131yla geleneksel olarak Cumhuriyet\u00e7i bir b\u00f6lgeyi tersine \u00e7evirerek siyasi g\u00f6zlemcileri \u015fa\u015f\u0131rtt\u0131. Parti ortodoksisinden ba\u011f\u0131ms\u0131zl\u0131\u011f\u0131, k\u0131rsal kayg\u0131lar\u0131 ger\u00e7ek anlamda kavray\u0131\u015f\u0131yla birle\u015ferek, onu partizan mesajla\u015fma yerine \u00f6zg\u00fcn temsil yoluyla sal\u0131ncak b\u00f6lgeleri kazanabilen benzersiz bir siyasi fig\u00fcr olarak belirledi.<\/span><\/p>\n<h3><span class=\"ez-toc-section\" id=\"Gulumsemesi_Neden_Siyasi_Kisiliginin_Onemli_Bir_Parcasi\"><\/span><b>G\u00fcl\u00fcmsemesi Neden Siyasi Ki\u015fili\u011finin \u00d6nemli Bir Par\u00e7as\u0131?<\/b><span class=\"ez-toc-section-end\"><\/span><\/h3>\n<p><span style=\"font-weight: 400;\">Golden&#8217;\u0131n g\u00fcl\u00fcmsemesi, siyasi spektrumun her yan\u0131ndan se\u00e7menlerle ba\u011flant\u0131 kurmak i\u00e7in gerekli olan ula\u015f\u0131labilirli\u011fi ve ger\u00e7ek s\u0131cakl\u0131\u011f\u0131 iletir. \u0130fadesi, cilal\u0131 siyasi hesaplama yerine \u00f6zg\u00fcnl\u00fc\u011f\u00fc yans\u0131t\u0131r ve partiden ziyade se\u00e7menlere \u00f6ncelik veren ba\u011f\u0131ms\u0131z d\u00fc\u015f\u00fcnen bir temsilci olarak markas\u0131n\u0131 destekler. jarred golden m\u00fckemmel di\u015fler, stereotipik politikac\u0131lardan onu ay\u0131ran s\u0131radan karakterini korurken profesyonel g\u00f6r\u00fcn\u00fcm\u00fcn\u00fc geli\u015ftirir. G\u00fcl\u00fcmsemesi, rekabet\u00e7i bir sal\u0131ncak b\u00f6lgede ba\u015far\u0131 i\u00e7in hayati \u00f6nem ta\u015f\u0131yan eri\u015filebilir, ili\u015fkilendirilebilir imaj\u0131n\u0131 peki\u015ftirir.<\/span><\/p>\n<h3><span class=\"ez-toc-section\" id=\"Bir_Politikacinin_Gulumsemesi_Secmen_Algisini_ve_Halkla_Iliskileri_Nasil_Etkiler\"><\/span><b>Bir Politikac\u0131n\u0131n G\u00fcl\u00fcmsemesi Se\u00e7men Alg\u0131s\u0131n\u0131 ve Halkla \u0130li\u015fkileri Nas\u0131l Etkiler?<\/b><span class=\"ez-toc-section-end\"><\/span><\/h3>\n<p><span style=\"font-weight: 400;\">Ara\u015ft\u0131rmalar, bir politikac\u0131n\u0131n g\u00fcl\u00fcmsemesinin g\u00fcvenilirlik, yeterlilik ve sevimlilik alg\u0131s\u0131n\u0131 \u00f6nemli \u00f6l\u00e7\u00fcde etkiledi\u011fini ve \u00e7o\u011fu zaman oy verme kararlar\u0131n\u0131 politika pozisyonlar\u0131ndan daha fazla etkiledi\u011fini g\u00f6stermektedir. Samimi, s\u0131cak g\u00fcl\u00fcmsemeler alg\u0131lanan \u00f6zg\u00fcnl\u00fc\u011f\u00fc ve ili\u015fkilendirilebilirli\u011fi art\u0131r\u0131rken, zoraki ifadeler \u015f\u00fcphe uyand\u0131r\u0131r. Golden gibi \u00e7e\u015fitli se\u00e7men kitlelerini temsil eden politikac\u0131lar i\u00e7in, ula\u015f\u0131labilir bir g\u00fcl\u00fcmseme siyasi b\u00f6l\u00fcnmeleri k\u00f6pr\u00fclemek ve partiler aras\u0131 \u00e7ekicilik olu\u015fturmak konusunda yard\u0131mc\u0131 olur. Rafine sunumu, i\u015f\u00e7i s\u0131n\u0131f\u0131 \u00f6zg\u00fcnl\u00fc\u011f\u00fcn\u00fc destekler, \u00e7eli\u015fmez ve g\u00f6r\u00fcn\u00fcm y\u00f6netiminin ger\u00e7ek siyasi ki\u015fili\u011fi geli\u015ftirme \u015feklini g\u00f6sterir.<\/span><\/p>\n<h4><span class=\"ez-toc-section\" id=\"Karizma_ve_Gorunumun_Kamu_Guveni_Uzerindeki_Etkisi\"><\/span><b>Karizma ve G\u00f6r\u00fcn\u00fcm\u00fcn Kamu G\u00fcveni \u00dczerindeki Etkisi?<\/b><span class=\"ez-toc-section-end\"><\/span><\/h4>\n<p><span style=\"font-weight: 400;\">Ki\u015fisel s\u0131cakl\u0131k, kendinden emin duru\u015f ve ili\u015fkilendirilebilir g\u00f6r\u00fcn\u00fcm\u00fc birle\u015ftiren siyasi karizma, kamu g\u00fcvenini ve se\u00e7im ba\u015far\u0131s\u0131n\u0131 \u00f6nemli \u00f6l\u00e7\u00fcde etkiler. Golden&#8217;\u0131n profesyonel sunum taraf\u0131ndan geli\u015ftirilen \u00f6zg\u00fcn tavr\u0131, partizan b\u00f6l\u00fcnmeleri a\u015fan zorlay\u0131c\u0131 siyasi bir varl\u0131k yarat\u0131r. Olas\u0131 di\u015f i\u015fi de dahil olmak \u00fczere g\u00f6r\u00fcn\u00fcm yat\u0131r\u0131mlar\u0131, ger\u00e7ek \u00e7ekicili\u011fini yaratmak yerine destekler ve stratejik ki\u015fisel sunumun \u00f6zg\u00fcn karakteri nas\u0131l de\u011fi\u015ftirebilece\u011fini g\u00f6sterir. Bu denge, \u00e7e\u015fitli siyasi \u00f6nceliklere sahip \u00e7e\u015fitli se\u00e7men demografilerinde geni\u015f koalisyon deste\u011fi gerektiren sal\u0131ncak b\u00f6lge politikac\u0131lar\u0131 i\u00e7in hayati \u00f6nem ta\u015f\u0131r.<\/span><\/p>\n<h4><span class=\"ez-toc-section\" id=\"Kamusal_Alanda_Guvenin_Siyasette_Basariyi_Nasil_Etkiler\"><\/span><b>Kamusal Alanda G\u00fcvenin Siyasette Ba\u015far\u0131y\u0131 Nas\u0131l Etkiler?<\/b><span class=\"ez-toc-section-end\"><\/span><\/h4>\n<p><span style=\"font-weight: 400;\">Rahat bir kamu varl\u0131\u011f\u0131, \u00f6zg\u00fcn ileti\u015fim ve kendinden emin beden diliyle kendini g\u00f6steren siyasi g\u00fcven, se\u00e7im ba\u015far\u0131s\u0131n\u0131 ve liderlik etkinli\u011fini \u00f6nemli \u00f6l\u00e7\u00fcde etkiler. Golden&#8217;\u0131n kendinden emin g\u00fcl\u00fcmsemesi, \u00fcretilmi\u015f siyasi ki\u015filikten ziyade askeri hizmet ve yasama deneyimi yoluyla kazan\u0131lan \u00f6zg\u00fcveni yans\u0131t\u0131r. Herhangi bir kozmetik iyile\u015ftirme muhtemelen bu g\u00fcveni yaratmak yerine art\u0131r\u0131r, g\u00f6r\u00fcn\u00fcmle ilgili \u00f6zbilin\u00e7sizli\u011fi ortadan kald\u0131r\u0131r ve se\u00e7men hizmeti ve politika \u00e7al\u0131\u015fmas\u0131na odaklanmaya izin verir. Bu, g\u00f6r\u00fcn\u00fcm yat\u0131r\u0131mlar\u0131n\u0131n ger\u00e7ek yetenek ve kazan\u0131lm\u0131\u015f g\u00fcvenilirli\u011fin yerine ge\u00e7mekten ziyade nas\u0131l destekleyebilece\u011fini g\u00f6sterir.<\/span><\/p>\n<h2><span class=\"ez-toc-section\" id=\"Jared_Goldenin_Disleri_Gulumseme_Degisiminden_Once_Nasil_Gorunuyordu\"><\/span><b>Jared Golden&#8217;\u0131n Di\u015fleri G\u00fcl\u00fcmseme De\u011fi\u015fiminden \u00d6nce Nas\u0131l G\u00f6r\u00fcn\u00fcyordu?<\/b><span class=\"ez-toc-section-end\"><\/span><\/h2>\n<p><span style=\"font-weight: 400;\">Jared Golden&#8217;\u0131n \u00f6nceki foto\u011fraflar\u0131, belirgin kozmetik iyile\u015ftirme olmadan makul derecede sa\u011fl\u0131kl\u0131 di\u015flerle g\u00f6r\u00fcn\u00fcm yerine \u00f6z\u00fc \u00f6nceliklendiren birinin tipik \u00f6zelliklerine sahip do\u011fal ho\u015f bir g\u00fcl\u00fcmseme g\u00f6stermektedir. Orijinal g\u00fcl\u00fcmsemesi, estetik m\u00fckemmellikten ziyade askeri hizmet ve kamu politikas\u0131na odaklanan m\u00fctevaz\u0131 bir ge\u00e7mi\u015fe sahip biri i\u00e7in tipik di\u015f standartlar\u0131n\u0131 yans\u0131tan \u00f6zg\u00fcn i\u015f\u00e7i s\u0131n\u0131f\u0131 g\u00f6r\u00fcn\u00fcm\u00fcndeydi. Temelde sa\u011flam olmakla birlikte, di\u015fleri \u00f6ncesi iyile\u015ftirme g\u00f6r\u00fcn\u00fcm\u00fcn\u00fc mevcut rafine sunumdan ay\u0131ran tipik renklendirme ve k\u00fc\u00e7\u00fck d\u00fczensizlikler dahil do\u011fal \u00f6zellikleri sergilemi\u015f olabilir.<\/span><\/p>\n<h3><span class=\"ez-toc-section\" id=\"Gulumsemesi_Dogal_Olarak_Duz_ve_Parlak_mi_Gorunuyordu\"><\/span><b>G\u00fcl\u00fcmsemesi Do\u011fal Olarak D\u00fcz ve Parlak m\u0131 G\u00f6r\u00fcn\u00fcyordu?<\/b><span class=\"ez-toc-section-end\"><\/span><\/h3>\n<p><span style=\"font-weight: 400;\">Golden&#8217;\u0131n orijinal di\u015fleri, kozmetik m\u00fcdahale olmadan temel di\u015f sa\u011fl\u0131\u011f\u0131n\u0131 koruyan birinin tipik do\u011fal renklendirmesiyle makul derecede iyi hizalanm\u0131\u015f g\u00f6r\u00fcn\u00fcyordu. G\u00fcl\u00fcmsemesi, a\u011f\u0131z bak\u0131m\u0131na pratik bir yakla\u015f\u0131m\u0131 yans\u0131t\u0131yordu &#8211; i\u015flevsel ve yeterli ancak kozmetik di\u015f hekimli\u011finin karakteristik geli\u015ftirilmi\u015f parlakl\u0131\u011f\u0131ndan veya m\u00fckemmelle\u015ftirilmi\u015f tekd\u00fczelikten yoksun. \u00d6nemli de\u011fi\u015fiklikler meydana geldiyse jarred golden di\u015fleri \u00f6ncesi ve sonras\u0131 kar\u015f\u0131la\u015ft\u0131rmas\u0131, do\u011fal olarak yeterli olandan kamera i\u00e7in haz\u0131r sunumu destekleyen profesyonel olarak rafine g\u00f6r\u00fcn\u00fcme ge\u00e7i\u015fi ortaya \u00e7\u0131karacakt\u0131r.<\/span><\/p>\n<h3><span class=\"ez-toc-section\" id=\"Disleri_Erken_Kariyerini_ve_Siyasi_Imajini_Nasil_Yansitiyordu\"><\/span><b>Di\u015fleri Erken Kariyerini ve Siyasi \u0130maj\u0131n\u0131 Nas\u0131l Yans\u0131t\u0131yordu?<\/b><span class=\"ez-toc-section-end\"><\/span><\/h3>\n<p><span style=\"font-weight: 400;\">Daha \u00f6nceki g\u00fcl\u00fcmsemesi, i\u015f\u00e7i s\u0131n\u0131f\u0131 ge\u00e7mi\u015fini ve askeri hizmetini yans\u0131t\u0131yordu &#8211; pratik, cilas\u0131z ve \u00f6zg\u00fcn bir \u015fekilde iddial\u0131 olmayan. Bu do\u011fal g\u00f6r\u00fcn\u00fcm, y\u00fczeysel kayg\u0131lardan ziyade \u00f6z\u00fcn \u00f6nceliklendirilmesini g\u00f6steren s\u0131radan insan siyasi markas\u0131n\u0131 destekledi. Siyasi kariyeri ilerledik\u00e7e ve medya maruziyeti artt\u0131k\u00e7a, herhangi bir di\u015f iyile\u015ftirmesi kibirden ziyade artan g\u00f6r\u00fcn\u00fcrl\u00fc\u011fe stratejik adaptasyonu temsil ederdi ve profesyonel sunumun ger\u00e7ek karakteri korumak i\u00e7in uygun \u015fekilde kalibre edildi\u011finde \u00f6zg\u00fcn siyasi mesajla\u015fmay\u0131 destekledi\u011fini kabul etti.<\/span><\/p>\n<h3><span class=\"ez-toc-section\" id=\"Gulumsemesinde_Kusurlar_veya_Dis_Sorunlarinin_Isaretleri_Var_miydi\"><\/span><b>G\u00fcl\u00fcmsemesinde Kusurlar veya Di\u015f Sorunlar\u0131n\u0131n \u0130\u015faretleri Var m\u0131yd\u0131?<\/b><span class=\"ez-toc-section-end\"><\/span><\/h3>\n<p><span style=\"font-weight: 400;\">Kozmetik di\u015f i\u015fi olmayan \u00e7o\u011fu insan gibi, Golden&#8217;\u0131n orijinal g\u00fcl\u00fcmsemesi muhtemelen k\u00fc\u00e7\u00fck do\u011fal \u00f6zellikleri, hafif renk varyasyonlar\u0131n\u0131, tipik a\u015f\u0131nma modellerini ve do\u011fal di\u015f yap\u0131s\u0131n\u0131 yans\u0131tan oranlar\u0131 sergiledi. Bu ince kusurlar di\u015f problemleri olu\u015fturmazd\u0131, bunun yerine do\u011fal di\u015fleri kozmetik olarak geli\u015ftirilmi\u015f m\u00fckemmellikten ay\u0131ran normal varyasyonu yans\u0131t\u0131rd\u0131. Sonraki herhangi bir iyile\u015ftirme, markas\u0131 ger\u00e7ek i\u015f\u00e7i s\u0131n\u0131f\u0131 temsili etraf\u0131nda merkezlenen politikac\u0131lar i\u00e7in uygun \u00f6zg\u00fcn g\u00f6r\u00fcn\u00fcm\u00fc korurken bu do\u011fal \u00f6zellikleri ele alacakt\u0131r.<\/span><\/p>\n<h4><span class=\"ez-toc-section\" id=\"Stres_ve_Kamu_Denetiminin_Siyasi_Figurlerin_Agiz_Sagligi_Uzerindeki_Etkisi\"><\/span><b>Stres ve Kamu Denetiminin Siyasi Fig\u00fcrlerin A\u011f\u0131z Sa\u011fl\u0131\u011f\u0131 \u00dczerindeki Etkisi?<\/b><span class=\"ez-toc-section-end\"><\/span><\/h4>\n<p><span style=\"font-weight: 400;\">Siyasi kariyerler, di\u015f g\u0131c\u0131rdatma, zorlu kampanyalar s\u0131ras\u0131nda ihmal edilen \u00f6z bak\u0131m ve d\u00fczensiz programlardan kaynaklanan beslenme zorluklar\u0131 yoluyla a\u011f\u0131z sa\u011fl\u0131\u011f\u0131n\u0131 potansiyel olarak etkileyebilecek \u00f6nemli stres i\u00e7erir. Kamu denetimi, s\u00fcrd\u00fcr\u00fclen g\u00f6r\u00fcn\u00fcm i\u00e7in ek bask\u0131 yarat\u0131r, \u00f6nleyici bak\u0131m ve olas\u0131 kozmetik iyile\u015ftirme i\u00e7in motive eder. Golden gibi zorlu kongre programlar\u0131n\u0131 se\u00e7men hizmetiyle dengeleyen temsilciler i\u00e7in, profesyonel di\u015f bak\u0131m\u0131 hem sa\u011fl\u0131\u011f\u0131 hem de profesyonel sunum gereksinimlerini destekleyen temel bak\u0131m haline gelir. Bu pratik g\u00f6r\u00fcn\u00fcm y\u00f6netimi yakla\u015f\u0131m\u0131, \u00f6zg\u00fcn siyasi markalar\u0131 destekler, \u00e7eli\u015fmez.<\/span><\/p>\n<h4><span class=\"ez-toc-section\" id=\"Yas_ve_Kariyer_Talepleri_Dislerin_Gorunumunu_Nasil_Etkiler\"><\/span><b>Ya\u015f ve Kariyer Talepleri Di\u015flerin G\u00f6r\u00fcn\u00fcm\u00fcn\u00fc Nas\u0131l Etkiler?<\/b><span class=\"ez-toc-section-end\"><\/span><\/h4>\n<p><span style=\"font-weight: 400;\">Zorlu siyasi ya\u015fam tarz\u0131yla birle\u015fen do\u011fal ya\u015flanma, ka\u00e7\u0131n\u0131lmaz olarak mine incelmesi, stresle ilgili g\u0131c\u0131rdatmadan kaynaklanan a\u015f\u0131nma modelleri ve uzun yasama oturumlar\u0131 s\u0131ras\u0131nda kahve t\u00fcketiminden kaynaklanan lekelenme yoluyla di\u015f g\u00f6r\u00fcn\u00fcm\u00fcn\u00fc etkiler. Bu fakt\u00f6rler, kamera i\u00e7in haz\u0131r g\u00f6r\u00fcn\u00fcm gerektiren artan medya maruziyetiyle birle\u015fti\u011finde, bir\u00e7ok politikac\u0131y\u0131 di\u015f bak\u0131m\u0131na veya iyile\u015ftirmeye yat\u0131r\u0131m yapmaya motive eder. Golden&#8217;\u0131n eyalet yasama meclisinden Kongre&#8217;ye kariyer ilerlemesi, muhtemelen ulusal medya ilgisi i\u00e7in uygun daha rafine bir sunum gerektirdi ve di\u015f bak\u0131m\u0131n\u0131 ki\u015fisel kibir yerine stratejik profesyonel yat\u0131r\u0131m haline getirdi.<\/span><\/p>\n<h2><span class=\"ez-toc-section\" id=\"Jared_Goldenin_Gulumsemesi_Yillar_Icinde_Nasil_Donustu\"><\/span><b>Jared Golden&#8217;\u0131n G\u00fcl\u00fcmsemesi Y\u0131llar \u0130\u00e7inde Nas\u0131l D\u00f6n\u00fc\u015ft\u00fc?<\/b><span class=\"ez-toc-section-end\"><\/span><\/h2>\n<p><span style=\"font-weight: 400;\">\u00d6nemli bir d\u00f6n\u00fc\u015f\u00fcm meydana geldiyse, Jared Golden&#8217;\u0131n g\u00fcl\u00fcmseme evrimi, eyalet milletvekilli\u011finden geli\u015fmi\u015f medya varl\u0131\u011f\u0131 ve profesyonel sunum gerektiren ABD Temsilcili\u011fine ilerlemesini yans\u0131tacakt\u0131r. Herhangi bir iyile\u015ftirme, \u00f6zg\u00fcn i\u015f\u00e7i s\u0131n\u0131f\u0131 karakterini korurken televizyon r\u00f6portajlar\u0131 ve ulusal medya kapsam\u0131 i\u00e7in g\u00f6r\u00fcn\u00fcm\u00fc optimize eden ince ve uygun g\u00f6r\u00fcnmektedir. Mevcut g\u00fcl\u00fcmsemesi, rekabet\u00e7i sal\u0131ncak b\u00f6lgelerde se\u00e7im ba\u015far\u0131s\u0131 i\u00e7in merkezi olan ger\u00e7ek, ula\u015f\u0131labilir niteli\u011fi korurken kongre rol\u00fcn\u00fc destekleyen profesyonel cilay\u0131 sergiliyor.<\/span><\/p>\n<h3><span class=\"ez-toc-section\" id=\"Secmenler_ve_Medya_Gulumsemesindeki_Degisikligi_Ne_Zaman_Fark_Etmeye_Basladi\"><\/span><b>Se\u00e7menler ve Medya G\u00fcl\u00fcmsemesindeki De\u011fi\u015fikli\u011fi Ne Zaman Fark Etmeye Ba\u015flad\u0131?<\/b><span class=\"ez-toc-section-end\"><\/span><\/h3>\n<p><span style=\"font-weight: 400;\">Golden di\u015f iyile\u015ftirmesi ge\u00e7irdiyse, d\u00f6n\u00fc\u015f\u00fcm muhtemelen 2018 kongre kampanyas\u0131 veya medya maruziyetinin \u00f6nemli \u00f6l\u00e7\u00fcde yo\u011funla\u015ft\u0131\u011f\u0131 erken kongre d\u00f6neminde ger\u00e7ekle\u015fti. Artan televizyon g\u00f6r\u00fcn\u00fcmleri, kampanya foto\u011fraf\u00e7\u0131l\u0131\u011f\u0131 ve ulusal medya ilgisi, \u00f6zg\u00fcn karakteri korurken kamera i\u00e7in haz\u0131r sunum gerektirirdi. Herhangi bir de\u011fi\u015fiklik, i\u015f\u00e7i s\u0131n\u0131f\u0131 \u00f6zg\u00fcnl\u00fc\u011f\u00fcn\u00fc baltalayabilecek bariz kozmetik de\u011fi\u015fim g\u00f6r\u00fcn\u00fcm\u00fcnden ka\u00e7\u0131nacak kadar kademeli ve ince olurdu ve g\u00f6r\u00fcn\u00fcm y\u00f6netiminin g\u00fcvenilirlik s\u00fcrd\u00fcrme i\u00e7in siyasi markayla nas\u0131l uyumlu olmas\u0131 gerekti\u011fine dair sofistike bir anlay\u0131\u015f g\u00f6sterdi.<\/span><\/p>\n<h3><span class=\"ez-toc-section\" id=\"Kozmetik_Dis_Hekimligi_Gulumsemesinin_Donusumunde_Nasil_Bir_Rol_Oynadi\"><\/span><b>Kozmetik Di\u015f Hekimli\u011fi G\u00fcl\u00fcmsemesinin D\u00f6n\u00fc\u015f\u00fcm\u00fcnde Nas\u0131l Bir Rol Oynad\u0131?<\/b><span class=\"ez-toc-section-end\"><\/span><\/h3>\n<p><span style=\"font-weight: 400;\">Golden kozmetik di\u015f hekimli\u011fine ba\u015fvurduysa, prosed\u00fcrler muhtemelen do\u011fal renk de\u011fi\u015fimini ele alan muhafazakar profesyonel beyazlatmay\u0131 ve muhtemelen en g\u00f6r\u00fcn\u00fcr di\u015flerde minimal yap\u0131\u015ft\u0131rma veya kaplamay\u0131 i\u00e7eriyordu. Herhangi bir jarred golden di\u015f i\u015fi, medya gereksinimleri i\u00e7in optimize ederken \u00f6zg\u00fcn g\u00f6r\u00fcn\u00fcm\u00fc koruyarak, dramatik d\u00f6n\u00fc\u015f\u00fcmden ziyade do\u011fal iyile\u015ftirmeyi vurgulard\u0131. Bu \u00f6l\u00e7\u00fcl\u00fc yakla\u015f\u0131m, i\u015f\u00e7i s\u0131n\u0131f\u0131 se\u00e7men kitlelerini temsil eden politikac\u0131lar\u0131n profesyonel sunum gereksinimlerini \u00f6zg\u00fcn karakter korumas\u0131yla dengelemesi gerekti\u011fine dair anlay\u0131\u015f\u0131 g\u00f6sterir ve se\u00e7menlerle alg\u0131lanan kopukluk yaratabilecek bariz kozmetik i\u015ften ka\u00e7\u0131n\u0131r.<\/span><\/p>\n<h3><span class=\"ez-toc-section\" id=\"Gulumsemesindeki_Degisiklik_Genel_Profesyonel_Imaj_Yenilemesinin_Bir_Parcasi_miydi\"><\/span><b>G\u00fcl\u00fcmsemesindeki De\u011fi\u015fiklik Genel Profesyonel \u0130maj Yenilemesinin Bir Par\u00e7as\u0131 m\u0131yd\u0131?<\/b><span class=\"ez-toc-section-end\"><\/span><\/h3>\n<p><span style=\"font-weight: 400;\">Herhangi bir di\u015f iyile\u015ftirmesi muhtemelen kongre hizmeti i\u00e7in uygun daha geni\u015f profesyonel geli\u015fime, rafine gard\u0131roba, medya e\u011fitimine ve kapsaml\u0131 sunum optimizasyonuna e\u015flik etti. Bu b\u00fct\u00fcnsel yakla\u015f\u0131m, y\u00fczeysel de\u011fi\u015fimden ziyade standart siyasi profesyonelle\u015fmeyi temsil eder ve temel \u00f6zg\u00fcn karakteri korurken ulusal siyasi arenada etkinli\u011fi destekler. \u00d6nemliyse jarred golden g\u00fcl\u00fcmseme d\u00f6n\u00fc\u015f\u00fcm\u00fc, siyasi de\u011ferleriyle ve marka kimli\u011fiyle \u00e7eli\u015fen kibirle g\u00fcd\u00fcmlenen imaj manip\u00fclasyonundan ziyade yasama etkinli\u011fini ve se\u00e7men hizmetini destekleyen stratejik ki\u015fisel sunumun bir bile\u015fenini temsil ederdi.<\/span><\/p>\n<h4><span class=\"ez-toc-section\" id=\"Beyazlatma_Tedavileri_ve_Kaplamalar_Bir_Politikacinin_Imajina_Nasil_Katkida_Bulunur\"><\/span><b>Beyazlatma Tedavileri ve Kaplamalar Bir Politikac\u0131n\u0131n \u0130maj\u0131na Nas\u0131l Katk\u0131da Bulunur?<\/b><span class=\"ez-toc-section-end\"><\/span><\/h4>\n<p><span style=\"font-weight: 400;\">Profesyonel jarred golden di\u015f beyazlatma ve muhtemelen muhafazakar kaplamalar, televizyon r\u00f6portajlar\u0131 ve medya foto\u011fraf\u00e7\u0131l\u0131\u011f\u0131 i\u00e7in gerekli olan kamera i\u00e7in haz\u0131r g\u00f6r\u00fcn\u00fcm\u00fc, \u00f6zg\u00fcn g\u00f6r\u00fcnmeyecek dramatik d\u00f6n\u00fc\u015f\u00fcm olmadan sa\u011flar. Bu tedaviler, i\u015f\u00e7i s\u0131n\u0131f\u0131 temsilcileri i\u00e7in uygun inand\u0131r\u0131c\u0131 g\u00f6r\u00fcn\u00fcm\u00fc korurken do\u011fal ya\u015flanmay\u0131 ve renk de\u011fi\u015fimini ele al\u0131r. Stratejik kozmetik di\u015f hekimli\u011fi, politikac\u0131lar\u0131n profesyonel sunum standartlar\u0131n\u0131 kar\u015f\u0131larken \u00f6zg\u00fcn karakteri korumas\u0131na olanak tan\u0131r ve g\u00f6r\u00fcn\u00fcm yat\u0131r\u0131mlar\u0131n\u0131n bireysel marka gereksinimlerine ve se\u00e7men beklentilerine uygun \u015fekilde kalibre edildi\u011finde ger\u00e7ek siyasi ki\u015fili\u011fi nas\u0131l destekleyebilece\u011fini g\u00f6sterir.<\/span><\/p>\n<h4><span class=\"ez-toc-section\" id=\"Gulumseme_Degisimleri_Neden_Kamu_Figurleri_Arasinda_Buyuyen_Bir_Trend\"><\/span><b>G\u00fcl\u00fcmseme De\u011fi\u015fimleri Neden Kamu Fig\u00fcrleri Aras\u0131nda B\u00fcy\u00fcyen Bir Trend?<\/b><span class=\"ez-toc-section-end\"><\/span><\/h4>\n<p><span style=\"font-weight: 400;\">Y\u00fcksek \u00e7\u00f6z\u00fcn\u00fcrl\u00fckl\u00fc kameralar, sosyal medya denetimi ve s\u00fcrekli foto\u011fraf\u00e7\u0131l\u0131kla modern medya ortam\u0131, kamu fig\u00fcrleri aras\u0131nda cilal\u0131 g\u00f6r\u00fcn\u00fcm i\u00e7in benzeri g\u00f6r\u00fclmemi\u015f bask\u0131 yarat\u0131r. Politikac\u0131lar giderek profesyonel sunumun \u00f6zg\u00fcn yetene\u011fin yerine ge\u00e7medi\u011fini, destekledi\u011fini kabul ediyor ve kozmetik di\u015f hekimli\u011fini kariyer etkinli\u011finde stratejik yat\u0131r\u0131m haline getiriyor. Golden&#8217;\u0131n politikac\u0131 ku\u015fa\u011f\u0131, g\u00f6r\u00fcn\u00fcm y\u00f6netimi ve \u00f6zg\u00fcn karakterin d\u00fc\u015f\u00fcnceli bir \u015fekilde yakla\u015f\u0131ld\u0131\u011f\u0131nda kar\u015f\u0131l\u0131kl\u0131 olarak d\u0131\u015flay\u0131c\u0131 de\u011fil, tamamlay\u0131c\u0131 oldu\u011funu anl\u0131yor ve ger\u00e7ek se\u00e7men ba\u011flant\u0131s\u0131n\u0131 korurken ileti\u015fim etkinli\u011fini destekliyor.<\/span><\/p>\n<h2><span class=\"ez-toc-section\" id=\"Jared_Golden_Kaplama_veya_Kozmetik_Dis_Isi_Yaptirdi_mi\"><\/span><b>Jared Golden Kaplama veya Kozmetik Di\u015f \u0130\u015fi Yapt\u0131rd\u0131 m\u0131?<\/b><span class=\"ez-toc-section-end\"><\/span><\/h2>\n<p><span style=\"font-weight: 400;\">Jared Golden kozmetik di\u015f prosed\u00fcrlerini kamuoyuna a\u00e7\u0131klamasa da, g\u00fcl\u00fcmsemesine y\u00f6nelik herhangi bir iyile\u015ftirme muhtemelen muhafazakar ve ince olacak ve \u00f6zg\u00fcn i\u015f\u00e7i s\u0131n\u0131f\u0131 karakterini koruyacakt\u0131r. Jarred golden kaplama veya benzer iyile\u015ftirmeler meydana geldiyse, kibirle g\u00fcd\u00fcmlenen d\u00f6n\u00fc\u015f\u00fcmden ziyade kongre hizmeti i\u00e7in uygun profesyonel yat\u0131r\u0131m\u0131 temsil ederdi. Mevcut g\u00fcl\u00fcmsemesi, do\u011fal olarak korunmu\u015f veya profesyonel olarak geli\u015ftirilmi\u015f olsun, ulusal siyasi rol i\u00e7in uygun \u015fekilde cilal\u0131 g\u00f6r\u00fcn\u00fcrken se\u00e7im ba\u015far\u0131s\u0131 ve se\u00e7men ili\u015fkileri i\u00e7in merkezi olan ger\u00e7ek, iddial\u0131 olmayan niteli\u011fi koruyor.<\/span><\/p>\n<h3><span class=\"ez-toc-section\" id=\"Jared_Golden_Gulumseme_Donusumunu_Kamuoyuna_Hic_Acikladi_mi\"><\/span><b>Jared Golden G\u00fcl\u00fcmseme D\u00f6n\u00fc\u015f\u00fcm\u00fcn\u00fc Kamuoyuna Hi\u00e7 A\u00e7\u0131klad\u0131 m\u0131?<\/b><span class=\"ez-toc-section-end\"><\/span><\/h3>\n<p><span style=\"font-weight: 400;\">Golden, di\u015f i\u015fini veya kozmetik iyile\u015ftirmeleri kamuoyuna a\u00e7\u0131klamad\u0131 ve ki\u015fisel g\u00f6r\u00fcn\u00fcmden ziyade yasama \u00e7al\u0131\u015fmas\u0131 ve se\u00e7men hizmetine odakland\u0131. Bu ihtiyat, markas\u0131 y\u00fczeysellik yerine \u00f6z etraf\u0131nda merkezlenen i\u015f\u00e7i s\u0131n\u0131f\u0131 temsilcileri i\u00e7in uygundur. Kozmetik konulardaki sessizli\u011fi prosed\u00fcrleri ne onaylar ne de reddeder, sadece makul gizlilik s\u0131n\u0131rlar\u0131n\u0131 ve ki\u015filikten ziyade politikay\u0131 vurgulayan siyasi \u00f6ncelikleri yans\u0131t\u0131r. Bu yakla\u015f\u0131m, siyasi tiyatrodan ziyade pratik y\u00f6neti\u015fime odaklanan ba\u011f\u0131ms\u0131z, sa\u00e7mal\u0131ks\u0131z siyasi tarz\u0131yla uyumludur.<\/span><\/p>\n<h3><span class=\"ez-toc-section\" id=\"Dis_Uzmanlari_Kozmetik_Prosedurleri_Hakkinda_Ne_Diyor\"><\/span><b>Di\u015f Uzmanlar\u0131 Kozmetik Prosed\u00fcrleri Hakk\u0131nda Ne Diyor?<\/b><span class=\"ez-toc-section-end\"><\/span><\/h3>\n<p><span style=\"font-weight: 400;\">Belirli kamuya a\u00e7\u0131k bilgi olmadan, Golden&#8217;\u0131n di\u015f i\u015fi hakk\u0131ndaki spek\u00fclasyon sadece spek\u00fclasyon olarak kal\u0131r. Herhangi bir analiz, mevcut g\u00fcl\u00fcmsemesinin profesyonel olarak korunmu\u015f ve kamera i\u00e7in uygun g\u00f6r\u00fcnd\u00fc\u011f\u00fcn\u00fc, siyasi markas\u0131yla tutarl\u0131 do\u011fal karakteri korurken belirtir. \u0130yile\u015ftirmeler meydana geldiyse, k\u0131rsal, i\u015f\u00e7i s\u0131n\u0131f\u0131 se\u00e7men kitleleri temsilcileri i\u00e7in uygun olmayan bariz yapay m\u00fckemmellikten ka\u00e7\u0131nan sofistike k\u0131s\u0131tlamay\u0131 g\u00f6sterirler. G\u00fcl\u00fcmsemesinin etkinli\u011fi, dramatik kozmetik d\u00f6n\u00fc\u015f\u00fcmden de\u011fil, m\u00fckemmel do\u011fal bak\u0131m veya ince profesyonel iyile\u015ftirme yoluyla olsun, profesyonel bak\u0131mla geli\u015ftirilmi\u015f \u00f6zg\u00fcnl\u00fckten kaynaklan\u0131r.<\/span><\/p>\n<h3><span class=\"ez-toc-section\" id=\"Kaplama_Dis_Beyazlatma_veya_Yapistirma_Gecirdi_mi\"><\/span><b>Kaplama, Di\u015f Beyazlatma veya Yap\u0131\u015ft\u0131rma Ge\u00e7irdi mi?<\/b><span class=\"ez-toc-section-end\"><\/span><\/h3>\n<p><span style=\"font-weight: 400;\">Golden kozmetik iyile\u015ftirme pe\u015finde ko\u015ftuysa, en olas\u0131 yakla\u015f\u0131m parlakl\u0131k i\u00e7in profesyonel beyazlatma ve muhtemelen genel do\u011fal g\u00f6r\u00fcn\u00fcm\u00fc korurken belirli endi\u015feleri ele alan muhafazakar yap\u0131\u015ft\u0131rma veya minimal kaplamalar\u0131 i\u00e7erecektir. Bu \u00f6l\u00e7\u00fcl\u00fc strateji, dramatik d\u00f6n\u00fc\u015f\u00fcm olmadan anlaml\u0131 iyile\u015ftirme sa\u011flayacak, profesyonel sunum standartlar\u0131n\u0131 kar\u015f\u0131larken \u00f6zg\u00fcn karakteri koruyacakt\u0131r. Muhafazakar yakla\u015f\u0131m, i\u015f\u00e7i s\u0131n\u0131f\u0131 temsilcilerinin profesyonel cilay\u0131 \u00f6zg\u00fcn ili\u015fkilendirilebilirlikle dengelemesi gerekti\u011fine dair anlay\u0131\u015f\u0131 yans\u0131t\u0131r ve m\u00fctevaz\u0131 ge\u00e7mi\u015fleri payla\u015fan se\u00e7menlerle alg\u0131lanan kopukluk yaratabilecek a\u015f\u0131r\u0131 kozmetik i\u015ften ka\u00e7\u0131n\u0131r.<\/span><\/p>\n<h4><span class=\"ez-toc-section\" id=\"Kaplamalar_Cilali_Profesyonel_Bir_Gulumseme_Yaratmak_Icin_Neden_Populer\"><\/span><b>Kaplamalar Cilal\u0131, Profesyonel Bir G\u00fcl\u00fcmseme Yaratmak \u0130\u00e7in Neden Pop\u00fcler?<\/b><span class=\"ez-toc-section-end\"><\/span><\/h4>\n<p><span style=\"font-weight: 400;\">Porselen kaplamalar, tek bir tedavi s\u00fcreci arac\u0131l\u0131\u011f\u0131yla renk, \u015fekil, hizalama ve oran\u0131 ele alarak kapsaml\u0131 g\u00fcl\u00fcmseme iyile\u015ftirmesi i\u00e7in verimli bir \u00e7\u00f6z\u00fcm sa\u011flar. Uzun di\u015f tedavileri i\u00e7in s\u0131n\u0131rl\u0131 zaman\u0131 olan me\u015fgul politikac\u0131lar i\u00e7in, kaplamalar minimal kesinti ile \u00f6ng\u00f6r\u00fclebilir sonu\u00e7lar sunar. Dayan\u0131kl\u0131l\u0131klar\u0131 ve leke diren\u00e7leri, zorlu programlara ve beslenme zorluklar\u0131na ra\u011fmen g\u00f6r\u00fcn\u00fcm\u00fc korur. Ancak, Golden gibi \u00f6zg\u00fcnl\u00fc\u011fe odaklanan politikac\u0131lar i\u00e7in, a\u015f\u0131r\u0131 kaplama m\u00fckemmelli\u011fi \u00f6zg\u00fcn g\u00f6r\u00fcnmeyebilir ve muhafazakar uygulamay\u0131 veya alternatif tedavileri siyasi marka i\u00e7in gerekli olan ger\u00e7ek i\u015f\u00e7i s\u0131n\u0131f\u0131 karakterini korumak i\u00e7in potansiyel olarak daha uygun hale getirir.<\/span><\/p>\n<h4><span class=\"ez-toc-section\" id=\"Parlak_Genc_Bir_Gorunum_Icin_Dis_Beyazlatmanin_Faydalari\"><\/span><b>Parlak, Gen\u00e7 Bir G\u00f6r\u00fcn\u00fcm \u0130\u00e7in Di\u015f Beyazlatman\u0131n Faydalar\u0131?<\/b><span class=\"ez-toc-section-end\"><\/span><\/h4>\n<p><span style=\"font-weight: 400;\">Profesyonel di\u015f beyazlatma, nispeten muhafazakar m\u00fcdahale yoluyla anlaml\u0131 estetik iyile\u015ftirme sa\u011flar, yap\u0131sal de\u011fi\u015fiklik olmadan do\u011fal di\u015fleri parlatar. Bu yakla\u015f\u0131m, \u00f6zg\u00fcn karakteri korurken geli\u015ftirilmi\u015f g\u00f6r\u00fcn\u00fcm gerektiren politikac\u0131lara uygundur, \u00e7\u00fcnk\u00fc beyazlatma mevcut di\u015fleri yapay alternatiflerle de\u011fi\u015ftirmek yerine iyile\u015ftirir. Golden gibi profesyonel gereksinimleri i\u015f\u00e7i s\u0131n\u0131f\u0131 \u00f6zg\u00fcnl\u00fc\u011f\u00fcyle dengeleyen temsilciler i\u00e7in, profesyonel beyazlatma ideal uzla\u015fma ve do\u011fal g\u00f6r\u00fcn\u00fcm\u00fc korurken fark edilir iyile\u015ftirme sunabilir. Bu pratik yakla\u015f\u0131m, uygun \u015fekilde kalibre edildi\u011finde kozmetik di\u015f hekimli\u011finin nas\u0131l d\u00f6n\u00fc\u015ft\u00fcrmekten ziyade geli\u015ftirebilece\u011fini g\u00f6sterir.<\/span><\/p>\n<h2><span class=\"ez-toc-section\" id=\"Jared_Goldenin_Gulumsemesini_Kamu_Hayatinda_One_Cikaran_Nedir\"><\/span><b>Jared Golden&#8217;\u0131n G\u00fcl\u00fcmsemesini Kamu Hayat\u0131nda \u00d6ne \u00c7\u0131karan Nedir?<\/b><span class=\"ez-toc-section-end\"><\/span><\/h2>\n<p><span style=\"font-weight: 400;\">Jared Golden&#8217;\u0131n g\u00fcl\u00fcmseme etkinli\u011fi, yaln\u0131zca estetik m\u00fckemmellikten ziyade ger\u00e7ek s\u0131cakl\u0131k ve \u00f6zg\u00fcn karakterden kaynaklan\u0131r. \u0130fadesi, se\u00e7menlerin endi\u015felerine d\u00fcr\u00fcst kat\u0131l\u0131m\u0131 ve samimi ilgiyi iletir, bu nitelikler yaln\u0131zca kozmetik di\u015f hekimli\u011fi yoluyla \u00fcretilemez. Profesyonel di\u015f bak\u0131m\u0131 g\u00f6r\u00fcn\u00fcm\u00fcn\u00fc geli\u015ftirebilirken, g\u00fcl\u00fcmsemesinin ger\u00e7ek g\u00fcc\u00fc ifade etti\u011fi \u00f6zg\u00fcn ki\u015filikten t\u00fcrer. Bu rafine sunum ve ger\u00e7ek karakter kombinasyonu, partizan b\u00f6l\u00fcnmeleri a\u015fan ve \u00e7e\u015fitli se\u00e7men demografilerinde g\u00fcven olu\u015fturan zorlay\u0131c\u0131 bir siyasi varl\u0131k yarat\u0131r.<\/span><\/p>\n<h3><span class=\"ez-toc-section\" id=\"Gulumsemesi_Guven_ve_Ulasilabilirligi_Nasil_Iletiyor\"><\/span><b>G\u00fcl\u00fcmsemesi G\u00fcven ve Ula\u015f\u0131labilirli\u011fi Nas\u0131l \u0130letiyor?<\/b><span class=\"ez-toc-section-end\"><\/span><\/h3>\n<p><span style=\"font-weight: 400;\">Golden&#8217;\u0131n g\u00fcl\u00fcmsemesi, askeri hizmet ve yasama deneyimi yoluyla kazan\u0131lan kendinden emin g\u00fcveni, onu se\u00e7menlere ili\u015fkilendirilebilir k\u0131lan ula\u015f\u0131labilir s\u0131cakl\u0131kla dengeler. \u0130fadesi, siyasi hesaplama yerine rahat \u00f6z kabul\u00fc yans\u0131t\u0131r ve se\u00e7menlerin \u00fcretilmi\u015f siyasi ki\u015filikler \u00e7a\u011f\u0131nda ferahlat\u0131c\u0131 buldu\u011fu \u00f6zg\u00fcnl\u00fc\u011f\u00fc iletir. Herhangi bir kozmetik iyile\u015ftirme, yapay g\u00fcven yaratmaktan ziyade ger\u00e7ek karakteri ifade etmek i\u00e7in daha iyi bir tuval sa\u011flar. Bu, g\u00f6r\u00fcn\u00fcm yat\u0131r\u0131mlar\u0131n\u0131n siyasi etkinlik ve se\u00e7men g\u00fcveni i\u00e7in gerekli olan \u00f6zg\u00fcn ki\u015fisel niteliklerin yerine ge\u00e7medi\u011fini, destekledi\u011fini g\u00f6steren \u00f6nemli bir ilkeyi g\u00f6sterir.<\/span><\/p>\n<h3><span class=\"ez-toc-section\" id=\"Gulumsemesini_Secmenler_ve_Destekciler_Icin_Cekici_Kilan_Nedir\"><\/span><b>G\u00fcl\u00fcmsemesini Se\u00e7menler ve Destek\u00e7iler \u0130\u00e7in \u00c7ekici K\u0131lan Nedir?<\/b><span class=\"ez-toc-section-end\"><\/span><\/h3>\n<p><span style=\"font-weight: 400;\">Se\u00e7menler Golden&#8217;\u0131n g\u00fcl\u00fcmsemesine siyasi olarak \u00fcretilmi\u015f yerine ger\u00e7ek g\u00f6r\u00fcnd\u00fc\u011f\u00fc i\u00e7in yan\u0131t verir, ba\u011f\u0131ms\u0131z karakterini ve se\u00e7men refah\u0131na \u00f6zg\u00fcn kayg\u0131s\u0131n\u0131 yans\u0131t\u0131r. \u0130fadesi eri\u015filebilirli\u011fi ve d\u00fcr\u00fcst kat\u0131l\u0131m\u0131 iletir, bu nitelikler ki\u015fisel ili\u015fkilerin ve bireysel karakterin muazzam \u00f6nem ta\u015f\u0131d\u0131\u011f\u0131 k\u0131rsal b\u00f6lge temsilcilerinde \u00f6zellikle de\u011ferlidir. G\u00fcl\u00fcmsemesi, partizan sadakatten ziyade se\u00e7men hizmetine \u00f6ncelik veren ba\u011f\u0131ms\u0131z bir d\u00fc\u015f\u00fcn\u00fcr olarak siyasi markas\u0131n\u0131 peki\u015ftirir ve sal\u0131ncak b\u00f6lge ba\u015far\u0131s\u0131 i\u00e7in gerekli g\u00fcveni yarat\u0131r. Bu \u00f6zg\u00fcn \u00e7ekicilik, profesyonel g\u00f6r\u00fcn\u00fcm kesinlikle genel sunumu desteklese de, kozmetik de\u011ferlendirmeleri a\u015far.<\/span><\/p>\n<h3><span class=\"ez-toc-section\" id=\"Gulumsemesi_Liderlik_Tarzini_Neden_Yansitiyor\"><\/span><b>G\u00fcl\u00fcmsemesi Liderlik Tarz\u0131n\u0131 Neden Yans\u0131t\u0131yor?<\/b><span class=\"ez-toc-section-end\"><\/span><\/h3>\n<p><span style=\"font-weight: 400;\">Golden&#8217;\u0131n g\u00fcl\u00fcmsemesi pragmatik, ba\u011f\u0131ms\u0131z liderlik yakla\u015f\u0131m\u0131n\u0131 yans\u0131t\u0131r &#8211; ideolojik safl\u0131ktan ziyade pratik \u00e7\u00f6z\u00fcmlere odaklanan a\u00e7\u0131k, ger\u00e7ek. \u0130ddial\u0131 olmayan ifadesi, tarz yerine \u00f6z\u00fc vurgulayan i\u015f\u00e7i s\u0131n\u0131f\u0131 ge\u00e7mi\u015fini ve askeri hizmet de\u011ferlerini yans\u0131t\u0131r. Herhangi bir di\u015f iyile\u015ftirmesi, y\u00f6neti\u015fime ve se\u00e7men hizmetine sa\u00e7mal\u0131ks\u0131z yakla\u015f\u0131m\u0131yla uyumlu olarak kibirden ziyade pratik profesyonel yat\u0131r\u0131m\u0131 temsil ederdi. G\u00fcl\u00fcmsemesi, etkili liderli\u011fin profesyonel sunum taraf\u0131ndan desteklenen \u00f6zg\u00fcn ba\u011flant\u0131 gerektirdi\u011fine dair anlay\u0131\u015f\u0131 g\u00f6sterir, pratik gereksinimleri ger\u00e7ek karakter korumas\u0131yla dengeler.<\/span><\/p>\n<h4><span class=\"ez-toc-section\" id=\"Siyasi_Iletisim_ve_Secmen_Katiliminda_Gulumsemenin_Rolu\"><\/span><b>Siyasi \u0130leti\u015fim ve Se\u00e7men Kat\u0131l\u0131m\u0131nda G\u00fcl\u00fcmsemenin Rol\u00fc?<\/b><span class=\"ez-toc-section-end\"><\/span><\/h4>\n<p><span style=\"font-weight: 400;\">G\u00fcl\u00fcmsemeler siyasette \u00f6nemli s\u00f6zs\u00fcz ileti\u015fim ara\u00e7lar\u0131 olarak hizmet eder, s\u0131cakl\u0131\u011f\u0131, g\u00fcveni, g\u00fcvenilirli\u011fi ve s\u00f6zl\u00fc mesajla\u015fman\u0131n \u00f6tesinde duygusal kat\u0131l\u0131m\u0131 iletir. Golden&#8217;\u0131n etkili g\u00fcl\u00fcmseme kullan\u0131m\u0131, bu ileti\u015fim boyutunun anlay\u0131\u015f\u0131n\u0131 g\u00f6sterir, s\u00f6zl\u00fc mesajlar\u0131 destekleyen ger\u00e7ek ifadeleri kullan\u0131r ve \u00e7e\u015fitli se\u00e7menlerle duygusal ba\u011flant\u0131 yarat\u0131r. G\u00fcl\u00fcmsemesi, ideolojik farkl\u0131l\u0131klar\u0131 a\u015fan insan s\u0131cakl\u0131\u011f\u0131n\u0131 ve \u00f6zg\u00fcn kayg\u0131y\u0131 ileterek partizan b\u00f6l\u00fcnmeleri k\u00f6pr\u00fclemeye yard\u0131mc\u0131 olur. Bu sofistike ileti\u015fim yakla\u015f\u0131m\u0131, do\u011fal olsun veya geli\u015ftirilsin, partiler aras\u0131 \u00e7ekicilik gerektiren rekabet\u00e7i sal\u0131ncak b\u00f6lgelerde se\u00e7im ba\u015far\u0131s\u0131na \u00f6nemli \u00f6l\u00e7\u00fcde katk\u0131da bulunur.<\/span><\/p>\n<h4><span class=\"ez-toc-section\" id=\"Gulumsemeler_Bir_Politikacinin_Secmenlerle_Baglanti_Kurma_Yetenegine_Nasil_Katkida_Bulunur\"><\/span><b>G\u00fcl\u00fcmsemeler Bir Politikac\u0131n\u0131n Se\u00e7menlerle Ba\u011flant\u0131 Kurma Yetene\u011fine Nas\u0131l Katk\u0131da Bulunur?<\/b><span class=\"ez-toc-section-end\"><\/span><\/h4>\n<p><span style=\"font-weight: 400;\">Ger\u00e7ek g\u00fcl\u00fcmsemeler, yaln\u0131zca politika pozisyonlar\u0131n\u0131n ba\u015faramayaca\u011f\u0131 duygusal yank\u0131lanma ve ki\u015fisel ba\u011flant\u0131 yarat\u0131r ve temsilcileri se\u00e7menler i\u00e7in daha unutulmaz ve sevimli hale getirir. Golden&#8217;\u0131n \u00f6zg\u00fcn g\u00fcl\u00fcmsemesi, samimi kat\u0131l\u0131m\u0131 ve ula\u015f\u0131labilir karakteri ileterek se\u00e7men etkile\u015fimlerini, belediye toplant\u0131lar\u0131n\u0131 ve medya g\u00f6r\u00fcn\u00fcmlerini geli\u015ftirir. Bu duygusal ba\u011flant\u0131 siyasi sermayeye d\u00f6n\u00fc\u015f\u00fcr &#8211; se\u00e7menler ki\u015fisel d\u00fczeyde ger\u00e7ekten be\u011fendikleri ve g\u00fcvendikleri politikac\u0131lar\u0131 daha kolay desteklerler. G\u00fcl\u00fcmsemesi, s\u00f6zs\u00fcz ileti\u015fimin siyasi etkinli\u011fi nas\u0131l \u00f6nemli \u00f6l\u00e7\u00fcde etkiledi\u011fini g\u00f6sterir, geli\u015fmi\u015f ki\u015fileraras\u0131 ba\u011flant\u0131 ve se\u00e7men g\u00fcveni yoluyla \u00f6zg\u00fcn politika \u00e7al\u0131\u015fmas\u0131n\u0131 destekler.<\/span><\/p>\n<h2><span class=\"ez-toc-section\" id=\"Jared_Goldenin_Gulumsemesi_Diger_Politikacilarla_Nasil_Karsilastirilir\"><\/span><b>Jared Golden&#8217;\u0131n G\u00fcl\u00fcmsemesi Di\u011fer Politikac\u0131larla Nas\u0131l Kar\u015f\u0131la\u015ft\u0131r\u0131l\u0131r?<\/b><span class=\"ez-toc-section-end\"><\/span><\/h2>\n<p><span style=\"font-weight: 400;\">Jared Golden&#8217;\u0131n g\u00fcl\u00fcmsemesi, ulusal siyasette yayg\u0131n olan \u00fcretilmi\u015f siyasi ifadelerden onu ay\u0131ran ger\u00e7ek, iddial\u0131 olmayan niteli\u011fiyle politikac\u0131lar aras\u0131nda \u00f6ne \u00e7\u0131k\u0131yor. G\u00fcl\u00fcmsemesi hesaplanm\u0131\u015f veya zoraki g\u00f6r\u00fcnen bir\u00e7ok politikac\u0131n\u0131n aksine, Golden&#8217;\u0131n ifadesi \u00f6zg\u00fcn s\u0131cakl\u0131\u011f\u0131 ve rahat \u00f6z kabul\u00fc iletir. Rafine ama do\u011fal g\u00f6r\u00fcn\u00fcm\u00fc, \u00f6zg\u00fcnl\u00fc\u011f\u00fc baltalayabilecek a\u015f\u0131r\u0131 cilal\u0131 kozmetik m\u00fckemmellikle tezat olu\u015fturur ve i\u015f\u00e7i s\u0131n\u0131f\u0131 temsilcilerinin zengin se\u00e7men kitlelerini temsil eden veya e\u011flence tarz\u0131 \u00fcnl\u00fc stat\u00fcs\u00fc pe\u015finde ko\u015fan politikac\u0131lardan farkl\u0131 estetik kalibrasyon gerektirdi\u011fine dair sofistike bir anlay\u0131\u015f g\u00f6sterir.<\/span><\/p>\n<h3><span class=\"ez-toc-section\" id=\"Diger_Hangi_Siyasi_Figurler_Imajlarini_Sekillendirmeye_Yardimci_Olan_Gulumsemelere_Sahip\"><\/span><b>Di\u011fer Hangi Siyasi Fig\u00fcrler \u0130majlar\u0131n\u0131 \u015eekillendirmeye Yard\u0131mc\u0131 Olan G\u00fcl\u00fcmsemelere Sahip?<\/b><span class=\"ez-toc-section-end\"><\/span><\/h3>\n<p><span style=\"font-weight: 400;\">Joe Biden gibi ger\u00e7ek s\u0131cakl\u0131k ve empati ifadeli g\u00fcl\u00fcmsemeler arac\u0131l\u0131\u011f\u0131yla parlayan politikac\u0131lar veya Alexandria Ocasio-Cortez gibi \u00f6zg\u00fcn co\u015fkusu kat\u0131l\u0131mc\u0131 ifadeler arac\u0131l\u0131\u011f\u0131yla ileti\u015fim kuran politikac\u0131lar, etkili g\u00fcl\u00fcmsemelerin siyasi markalar\u0131 nas\u0131l destekledi\u011fini g\u00f6sterir. Golden, siyasi ki\u015fili\u011fi yaratmak yerine destekleyen bu \u00f6zg\u00fcn ifade niteli\u011fini payla\u015f\u0131r. Bariz olarak \u00fcretilmi\u015f g\u00fcl\u00fcmsemelere sahip politikac\u0131lar\u0131n aksine, bu fig\u00fcrler y\u00fcz ifadeleri arac\u0131l\u0131\u011f\u0131yla ger\u00e7ek ki\u015fili\u011fi iletir ve politika anla\u015fmazl\u0131klar\u0131n\u0131 a\u015fan se\u00e7menlerle duygusal ba\u011flant\u0131lar yarat\u0131r. G\u00fcl\u00fcmsemeleri i\u015fe yarar \u00e7\u00fcnk\u00fc \u00f6zg\u00fcn karakteri gizlemek yerine yans\u0131t\u0131rlar.<\/span><\/p>\n<h3><span class=\"ez-toc-section\" id=\"Goldenin_Gulumsemesi_Mainedeki_Diger_Kamu_Figurleriyle_Nasil_Karsilastirilir\"><\/span><b>Golden&#8217;\u0131n G\u00fcl\u00fcmsemesi Maine&#8217;deki Di\u011fer Kamu Fig\u00fcrleriyle Nas\u0131l Kar\u015f\u0131la\u015ft\u0131r\u0131l\u0131r?<\/b><span class=\"ez-toc-section-end\"><\/span><\/h3>\n<p><span style=\"font-weight: 400;\">Angus King ve Susan Collins gibi \u00f6zg\u00fcn, ba\u011f\u0131ms\u0131z d\u00fc\u015f\u00fcnen politikac\u0131larla tan\u0131nan Maine&#8217;in siyasi manzaras\u0131nda, Golden&#8217;\u0131n g\u00fcl\u00fcmsemesi kozmetik m\u00fckemmellikten ziyade ger\u00e7ek karaktere de\u011fer veren k\u00fclt\u00fcrel ba\u011flama uyuyor. \u0130fadesi, \u00f6zg\u00fcnl\u00fc\u011f\u00fcn cilal\u0131 performanstan daha \u00f6nemli oldu\u011fu Maine&#8217;in pratik, ayaklar\u0131 yere basan siyasi k\u00fclt\u00fcr\u00fcn\u00fc yans\u0131t\u0131r. G\u00fcl\u00fcmsemesi de dahil olmak \u00fczere ki\u015fisel sunum ile se\u00e7men de\u011ferleri aras\u0131ndaki bu k\u00fclt\u00fcrel uyum, se\u00e7im ba\u015far\u0131s\u0131n\u0131 a\u00e7\u0131kl\u0131yor &#8211; g\u00f6r\u00fcn\u00fcm\u00fc, temsil etti\u011fi se\u00e7menlerin de\u011ferlerini ve karakterini yaln\u0131zca pazarlama yoluyla \u00fcretilmesi imkans\u0131z g\u00fcven yaratarak \u00e7eli\u015fmek yerine \u00f6zg\u00fcn bir \u015fekilde yans\u0131t\u0131yor.<\/span><\/p>\n<h3><span class=\"ez-toc-section\" id=\"Gulumsemeler_Siyasi_Kampanyalarda_Neden_Bu_Kadar_Onemli\"><\/span><b>G\u00fcl\u00fcmsemeler Siyasi Kampanyalarda Neden Bu Kadar \u00d6nemli?<\/b><span class=\"ez-toc-section-end\"><\/span><\/h3>\n<p><span style=\"font-weight: 400;\">Siyasi kampanyalar, g\u00f6r\u00fcnt\u00fclerin ve izlenimlerin bir\u00e7ok se\u00e7men i\u00e7in politika ayr\u0131nt\u0131lar\u0131ndan daha \u00f6nemli oldu\u011fu g\u00f6rsel olarak y\u00f6nlendirilen bir medya ortam\u0131nda ger\u00e7ekle\u015fir. Aday g\u00fcl\u00fcmsemeleri say\u0131s\u0131z foto\u011fraf, video, reklam ve sosyal medya g\u00f6nderisinde g\u00f6r\u00fcn\u00fcr, ilk izlenimleri ve genel alg\u0131y\u0131 \u00f6nemli \u00f6l\u00e7\u00fcde etkiler. Ger\u00e7ek, s\u0131cak g\u00fcl\u00fcmsemeler alg\u0131lanan g\u00fcvenilirli\u011fi ve sevimli\u011fi art\u0131r\u0131rken, zoraki veya olmayan g\u00fcl\u00fcmsemeler rahats\u0131zl\u0131k, \u00f6zg\u00fcn olmama veya so\u011fukluk \u00f6nerir. Golden gibi sal\u0131ncak b\u00f6lgelerde yar\u0131\u015fan adaylar i\u00e7in, etkili g\u00fcl\u00fcmseme kullan\u0131m\u0131 partizan b\u00f6l\u00fcnmeleri a\u015fan insan s\u0131cakl\u0131\u011f\u0131n\u0131 ileterek partiler aras\u0131 \u00e7ekicilik olu\u015fturmaya yard\u0131mc\u0131 olur.<\/span><\/p>\n<h4><span class=\"ez-toc-section\" id=\"Guven_ve_Iliskilendirilebilirligi_Ifade_Etmek_Icin_Gulumsemenin_Gucu\"><\/span><b>G\u00fcven ve \u0130li\u015fkilendirilebilirli\u011fi \u0130fade Etmek \u0130\u00e7in G\u00fcl\u00fcmsemenin G\u00fcc\u00fc?<\/b><span class=\"ez-toc-section-end\"><\/span><\/h4>\n<p><span style=\"font-weight: 400;\">G\u00fcl\u00fcmsemeler benzersiz bir \u015fekilde hem rahat \u00f6zg\u00fcven arac\u0131l\u0131\u011f\u0131yla g\u00fcveni hem de payla\u015f\u0131lan insan s\u0131cakl\u0131\u011f\u0131 ve duygusal kat\u0131l\u0131m arac\u0131l\u0131\u011f\u0131yla ili\u015fkilendirilebilirli\u011fi iletir. Bu \u00e7ifte nitelik, onlar\u0131 hem liderlik otoritesi hem de se\u00e7men ba\u011flant\u0131s\u0131 gerektiren temsilciler i\u00e7in g\u00fc\u00e7l\u00fc siyasi ara\u00e7lar yapar. Golden&#8217;\u0131n g\u00fcl\u00fcmsemesi bu nitelikleri etkili bir \u015fekilde dengeler &#8211; ula\u015f\u0131labilir eri\u015filebilirli\u011fi korurken kendinden emin yetkinli\u011fi yans\u0131t\u0131r. Bu denge, de\u011fi\u015fen \u00f6ncelikler, de\u011ferler ve partizan ili\u015fkilere sahip \u00e7e\u015fitli se\u00e7men kitlelerinde \u00e7ekicilik gerektiren sal\u0131ncak b\u00f6lge ba\u015far\u0131s\u0131 i\u00e7in hayati \u00f6neme sahiptir. G\u00fcl\u00fcmsemesi, \u00f6zg\u00fcn siyasi \u00e7al\u0131\u015fmay\u0131 destekleyen sofistike s\u00f6zs\u00fcz ileti\u015fimi g\u00f6sterir.<\/span><\/p>\n<h4><span class=\"ez-toc-section\" id=\"Politikacilar_Secmen_Guvenini_Kazanmak_Icin_Gorunumlerini_Nasil_Kullanir\"><\/span><b>Politikac\u0131lar Se\u00e7men G\u00fcvenini Kazanmak \u0130\u00e7in G\u00f6r\u00fcn\u00fcmlerini Nas\u0131l Kullan\u0131r?<\/b><span class=\"ez-toc-section-end\"><\/span><\/h4>\n<p><span style=\"font-weight: 400;\">Politikac\u0131lar, di\u015f bak\u0131m\u0131, gard\u0131rop, bak\u0131m ve sunumu i\u00e7eren g\u00f6r\u00fcn\u00fcm\u00fc stratejik olarak y\u00f6netir ve istenen nitelikleri \/ yetkinli\u011fi, g\u00fcvenilirli\u011fi, ili\u015fkilendirilebilirli\u011fi veya otoriteyi yans\u0131t\u0131r. Ancak, ba\u015far\u0131l\u0131 g\u00f6r\u00fcn\u00fcm y\u00f6netimi \u00f6zg\u00fcn karakteri de\u011fi\u015ftirir yerine geli\u015ftirir, yapay m\u00fckemmellik genellikle se\u00e7men \u015f\u00fcphecili\u011fini tetikler. Golden&#8217;\u0131n yakla\u015f\u0131m\u0131, do\u011fal olarak korunmu\u015f veya profesyonel olarak geli\u015ftirilmi\u015f olsun, etkili kalibrasyonu g\u00f6sterir &#8211; profesyonel g\u00fcvenilirlik i\u00e7in yeterince cilal\u0131, i\u015f\u00e7i s\u0131n\u0131f\u0131 ili\u015fkilendirilebilirli\u011fi i\u00e7in yeterince \u00f6zg\u00fcn. Bu denge, elitizmden ziyade yetkinli\u011fi, kibir olmadan dikkatli profesyonelli\u011fi \u00f6nererek g\u00fcven olu\u015fturur ve \u00f6zg\u00fcn siyasi ili\u015fki i\u00e7in temel yarat\u0131r.<\/span><\/p>\n<h2><span class=\"ez-toc-section\" id=\"Hangi_Dis_Tedavileri_Jared_Goldenin_Gulumsemesine_Katkida_Bulunmus_Olabilir\"><\/span><b>Hangi Di\u015f Tedavileri Jared Golden&#8217;\u0131n G\u00fcl\u00fcmsemesine Katk\u0131da Bulunmu\u015f Olabilir?<\/b><span class=\"ez-toc-section-end\"><\/span><\/h2>\n<p><span style=\"font-weight: 400;\">Jared Golden kozmetik di\u015f iyile\u015ftirmesi pe\u015finde ko\u015ftuysa, tedaviler muhtemelen do\u011fal renk de\u011fi\u015fimini ele alan muhafazakar profesyonel beyazlatmay\u0131 ve muhtemelen en g\u00f6r\u00fcn\u00fcr di\u015flerde se\u00e7ici yap\u0131\u015ft\u0131rma veya minimal kaplamalar\u0131 i\u00e7eriyordu. Yakla\u015f\u0131m, i\u015f\u00e7i s\u0131n\u0131f\u0131 temsilcileri i\u00e7in uygun olmayan dramatik d\u00f6n\u00fc\u015f\u00fcmden ziyade do\u011fal karakteri koruyan ince iyile\u015ftirmeyi vurgulard\u0131. Ek tedaviler profesyonel bak\u0131m\u0131, stresle ilgili sorunlar\u0131 ele alan \u00f6nleyici bak\u0131m\u0131 ve estetik optimizasyonun yan\u0131 s\u0131ra uzun vadeli di\u015f sa\u011fl\u0131\u011f\u0131n\u0131 sa\u011flayan stratejik planlamay\u0131 i\u00e7erebilir. Bu kapsaml\u0131 ama k\u0131s\u0131tlay\u0131c\u0131 yakla\u015f\u0131m, \u00f6zg\u00fcn siyasi markay\u0131 korurken profesyonel sunum gereksinimlerini desteklerdi.<\/span><\/p>\n<h3><span class=\"ez-toc-section\" id=\"Politikacilar_Arasinda_Hangi_Kozmetik_Dis_Hekimligi_Prosedurleri_Yaygin\"><\/span><b>Politikac\u0131lar Aras\u0131nda Hangi Kozmetik Di\u015f Hekimli\u011fi Prosed\u00fcrleri Yayg\u0131n?<\/b><span class=\"ez-toc-section-end\"><\/span><\/h3>\n<p><span style=\"font-weight: 400;\">Politikac\u0131lar genellikle parlakl\u0131k iyile\u015ftirmesi i\u00e7in profesyonel beyazlatma, belirli estetik endi\u015feleri ele alan muhafazakar kaplamalar veya yap\u0131\u015ft\u0131rma ve zorlu programlara ra\u011fmen s\u00fcrekli g\u00f6r\u00fcn\u00fcm sa\u011flayan kapsaml\u0131 bak\u0131m\u0131 takip eder. Bu tedaviler, medya gereksinimlerini desteklerken dramatik d\u00f6n\u00fc\u015f\u00fcm olmadan profesyonel cila sa\u011flar ve \u00f6zg\u00fcn karakteri korur. E\u011flence \u00fcnl\u00fclerinin muhtemelen bariz m\u00fckemmellik pe\u015finde ko\u015fmas\u0131n\u0131n aksine, politikac\u0131lar genellikle g\u00fcvenilirli\u011fi baltalayabilecek dikkat \u00e7eken yapayl\u0131ktan ka\u00e7\u0131nan ince iyile\u015ftirmeleri tercih ederler. Golden&#8217;\u0131n g\u00f6r\u00fcnen yakla\u015f\u0131m\u0131, kozmetik i\u015f meydana geldiyse, bu siyasi standartla uyumludur &#8211; se\u00e7men g\u00fcveni i\u00e7in gerekli olan ger\u00e7ek karakteri koruyan profesyonel iyile\u015ftirme.<\/span><\/p>\n<h3><span class=\"ez-toc-section\" id=\"Kaplamalar_Dis_Beyazlatma_veya_Yapistirma_Bir_Rol_Oynamis_Olabilir_mi\"><\/span><b>Kaplamalar, Di\u015f Beyazlatma veya Yap\u0131\u015ft\u0131rma Bir Rol Oynam\u0131\u015f Olabilir mi?<\/b><span class=\"ez-toc-section-end\"><\/span><\/h3>\n<p><span style=\"font-weight: 400;\">Golden iyile\u015ftirme pe\u015finde ko\u015ftuysa, profesyonel beyazlatma neredeyse kesinlikle herhangi bir iyile\u015ftirmeye katk\u0131da bulundu, do\u011fal renk de\u011fi\u015fimini ele alan temel parlakl\u0131\u011f\u0131 sa\u011flad\u0131. Se\u00e7ici yap\u0131\u015ft\u0131rma, kapsaml\u0131 kaplama yerle\u015ftirmesi olmadan \u00e7ip veya bo\u015fluk gibi belirli endi\u015feleri ele alabilir. En g\u00f6r\u00fcn\u00fcr di\u015flerde muhafazakar kaplamalar, daha kapsaml\u0131 iyile\u015ftirme i\u00e7in olas\u0131 bir yakla\u015f\u0131m\u0131 temsil eder. Optimal kombinasyon, orijinal di\u015f durumuna, estetik hedeflere ve \u00f6zg\u00fcnl\u00fck gereksinimlerine ba\u011fl\u0131d\u0131r. Belirli tedavilerden ba\u011f\u0131ms\u0131z olarak, herhangi bir i\u015f siyasi marka ve se\u00e7im ba\u015far\u0131s\u0131 i\u00e7in gerekli olan i\u015f\u00e7i s\u0131n\u0131f\u0131 karakterini koruyan do\u011fal g\u00f6r\u00fcn\u00fcme \u00f6ncelik verecektir.<\/span><\/p>\n<h3><span class=\"ez-toc-section\" id=\"Gulumseme_Tasarimi_Asiri_Gorunmeden_Siyasi_Imaji_Nasil_Gelistirir\"><\/span><b>G\u00fcl\u00fcmseme Tasar\u0131m\u0131 A\u015f\u0131r\u0131 G\u00f6r\u00fcnmeden Siyasi \u0130maj\u0131 Nas\u0131l Geli\u015ftirir?<\/b><span class=\"ez-toc-section-end\"><\/span><\/h3>\n<p><span style=\"font-weight: 400;\">Ba\u015far\u0131l\u0131 siyasi g\u00fcl\u00fcmseme tasar\u0131m\u0131, profesyonel sunum gereksinimlerini \u00f6zg\u00fcn karakter korumas\u0131yla dengeleyen dikkatli kalibrasyon gerektirir, \u00f6zg\u00fcn g\u00f6r\u00fcnmeyen veya yanl\u0131\u015f \u00f6ncelikleri \u00f6neren a\u015f\u0131r\u0131 m\u00fckemmellikten ka\u00e7\u0131n\u0131r. Golden gibi i\u015f\u00e7i s\u0131n\u0131f\u0131 temsilcileri i\u00e7in, g\u00fcl\u00fcmseme iyile\u015ftirmesi medya gereksinimlerini optimize ederken do\u011fal karakteri korumal\u0131d\u0131r &#8211; a\u015f\u0131r\u0131 parlakl\u0131k olmadan parlatma, yapay tekd\u00fczelik olmadan iyile\u015ftirme. Bu sofistike k\u0131s\u0131tlama, uzman kozmetik di\u015f hekimli\u011fini bariz yapay iyile\u015ftirmeden ay\u0131r\u0131r ve cilal\u0131 profesyonellik arac\u0131l\u0131\u011f\u0131yla ger\u00e7ek ili\u015fkilendirilebilirli\u011fi koruyarak siyasi g\u00fcvenilirli\u011fi \u00e7eli\u015fmek yerine destekleyen sonu\u00e7lar yarat\u0131r.<\/span><\/p>\n<h4><span class=\"ez-toc-section\" id=\"Ince_Kaplamalar_Dogal_Profesyonel_Bir_Gulumsemeyi_Nasil_Basarabilir\"><\/span><b>\u0130nce Kaplamalar Do\u011fal, Profesyonel Bir G\u00fcl\u00fcmsemeyi Nas\u0131l Ba\u015farabilir?<\/b><span class=\"ez-toc-section-end\"><\/span><\/h4>\n<p><span style=\"font-weight: 400;\">Modern minimal haz\u0131rl\u0131k kaplamalar\u0131, anlaml\u0131 estetik iyile\u015ftirme sa\u011flarken daha fazla do\u011fal di\u015f yap\u0131s\u0131n\u0131 korur, rafine g\u00f6r\u00fcn\u00fcm ve do\u011fal karakter koruma yarat\u0131r. \u00d6zg\u00fcn sunum gerektiren politikac\u0131lar i\u00e7in, en g\u00f6r\u00fcn\u00fcr di\u015flerde muhafazakar kaplama uygulamas\u0131 bariz yapay m\u00fckemmellik olmadan profesyonel cila sa\u011flar. Uzman tasar\u0131m, bireysel y\u00fcz \u00f6zelliklerini, ya\u015f\u0131 ve k\u00fclt\u00fcrel ba\u011flam\u0131 dikkate al\u0131r ve sonu\u00e7lar\u0131n kozmetik olarak geli\u015ftirilmi\u015f de\u011fil do\u011fal olarak m\u00fckemmel g\u00f6r\u00fcnd\u00fc\u011f\u00fcnden emin olur. Kaplamalar katk\u0131da bulunduysa jared golden <a href=\"https:\/\/dev.vitrinclinic.com\/tr\/hollywood-gulusu\/\"><strong>hollywood smile<\/strong><\/a>, bu sofistike yakla\u015f\u0131m\u0131 g\u00f6sterirdi &#8211; fark edilir derecede rafine ama inand\u0131r\u0131c\u0131 bir \u015fekilde do\u011fal, i\u015f\u00e7i s\u0131n\u0131f\u0131 \u00f6zg\u00fcnl\u00fc\u011f\u00fcn\u00fc korurken profesyonel g\u00fcvenilirli\u011fi destekler.<\/span><\/p>\n<h4><span class=\"ez-toc-section\" id=\"Dis_Beyazlatma_Parlak_ve_Genc_Bir_Gorunum_Icin_Neden_Populer\"><\/span><b>Di\u015f Beyazlatma Parlak ve Gen\u00e7 Bir G\u00f6r\u00fcn\u00fcm \u0130\u00e7in Neden Pop\u00fcler?<\/b><span class=\"ez-toc-section-end\"><\/span><\/h4>\n<p><span style=\"font-weight: 400;\">Profesyonel jarred golden di\u015f beyazlatma, yap\u0131sal di\u015f de\u011fi\u015fikli\u011fi olmadan anlaml\u0131 estetik iyile\u015ftirme sa\u011flayan eri\u015filebilir, muhafazakar iyile\u015ftirme sa\u011flar. Beyazlatma, do\u011fal \u00f6zg\u00fcnl\u00fc\u011f\u00fc korurken geli\u015ftirilmi\u015f g\u00f6r\u00fcn\u00fcm gerektiren politikac\u0131lara uygundur, \u00e7\u00fcnk\u00fc mevcut di\u015fleri yapay olarak de\u011fi\u015ftirmek yerine iyile\u015ftirir. Tedavi, pratik avantajlar sunar &#8211; kaplamalara k\u0131yasla nispeten h\u0131zl\u0131, uygun fiyatl\u0131 ve istenirse geri d\u00f6nd\u00fcr\u00fclebilir. Kapsaml\u0131 di\u015f i\u015fi i\u00e7in s\u0131n\u0131rl\u0131 zaman\u0131 olan me\u015fgul politikac\u0131lar i\u00e7in, profesyonel beyazlatma se\u00e7im ba\u015far\u0131s\u0131 i\u00e7in gerekli olan ger\u00e7ek karakteri korurken profesyonel sunum gereksinimlerini destekleyen fark edilir iyile\u015ftirme sa\u011flayan verimli bir \u00e7\u00f6z\u00fcm sunar.<\/span><\/p>\n<h2><span class=\"ez-toc-section\" id=\"Turkiyedeki_Vitrinclinicte_%E2%80%9CJared_Golden_Gulumsemesi%E2%80%9D_Nasil_Elde_Edilir\"><\/span><b>T\u00fcrkiye&#8217;deki Vitrinclinic&#8217;te &#8220;Jared Golden G\u00fcl\u00fcmsemesi&#8221; Nas\u0131l Elde Edilir<\/b><span class=\"ez-toc-section-end\"><\/span><\/h2>\n<p><span style=\"font-weight: 400;\">Jared Golden&#8217;\u0131nkine benzer \u00f6zg\u00fcn, profesyonelce cilal\u0131 bir g\u00fcl\u00fcmseme elde etmek, T\u00fcrkiye&#8217;deki Vitrinclinic gibi uzman tesislerde dan\u0131\u015fma ile ba\u015flar. Uzman kozmetik di\u015f\u00e7iler bireysel \u00f6zellikleri de\u011ferlendirir, profesyonel ba\u011flam\u0131 ve \u00f6zg\u00fcnl\u00fck gereksinimlerini tart\u0131\u015f\u0131r ve dramatik d\u00f6n\u00fc\u015f\u00fcmden ziyade do\u011fal iyile\u015ftirmeyi vurgulayan ki\u015fiselle\u015ftirilmi\u015f tedavi planlar\u0131 tasarlar. Muhafazakar beyazlatma, se\u00e7ici yap\u0131\u015ft\u0131rma veya stratejik kaplamalar arayan deneyimli ekipler, profesyoneller i\u00e7in uygun ileri teknikler, kaliteli malzemeler ve sanatsal hassasiyet yoluyla bireysel karaktere sayg\u0131 g\u00f6steren sofistike sonu\u00e7lar sunar ve ger\u00e7ek, ili\u015fkilendirilebilir sunum gerektirir.<\/span><\/p>\n<h3><span class=\"ez-toc-section\" id=\"Politikacilara_Hazir_Bir_Gulumseme_Elde_Etmek_Icin_Hangi_Tedaviler_Ideal\"><\/span><b>Politikac\u0131lara Haz\u0131r Bir G\u00fcl\u00fcmseme Elde Etmek \u0130\u00e7in Hangi Tedaviler \u0130deal?<\/b><span class=\"ez-toc-section-end\"><\/span><\/h3>\n<p><span style=\"font-weight: 400;\">Golden&#8217;dan ilham alan iyile\u015ftirme arayan profesyoneller i\u00e7in, muhafazakar profesyonel beyazlatma temel parlakl\u0131k iyile\u015ftirmesi sa\u011flar, muhtemelen belirli endi\u015feleri ele alan se\u00e7ici yap\u0131\u015ft\u0131rma veya en g\u00f6r\u00fcn\u00fcr di\u015flerde minimal kaplamalarla birle\u015ftirilir. Tedavi yakla\u015f\u0131m\u0131, foto\u011fraf\u00e7\u0131l\u0131k, televizyon ve kamuya a\u00e7\u0131k konu\u015fma dahil olmak \u00fczere profesyonel ba\u011flamlar i\u00e7in optimize ederken \u00f6zg\u00fcn karakteri koruyan do\u011fal g\u00f6r\u00fcn\u00fcm\u00fc vurgular. Kapsaml\u0131 planlama, y\u00fcz \u00f6zelliklerini, profesyonel gereksinimleri ve ki\u015fisel \u00f6zg\u00fcnl\u00fck ihtiya\u00e7lar\u0131n\u0131 dikkate al\u0131r, herhangi bir profesyonel ba\u011flamda g\u00fcvenilirlik i\u00e7in gerekli olan ger\u00e7ek karakteri korurken g\u00fcveni ve profesyonel etkinli\u011fi destekleyen anlaml\u0131 iyile\u015ftirme sa\u011flayan \u00f6zelle\u015ftirilmi\u015f strateji yarat\u0131r.<\/span><\/p>\n<h3><span class=\"ez-toc-section\" id=\"Vitrinclinic_Neden_Gulumseme_Degisimi_Arayan_Siyasi_Figurler_Icin_En_Iyi_Destinasyon\"><\/span><b>Vitrinclinic Neden G\u00fcl\u00fcmseme De\u011fi\u015fimi Arayan Siyasi Fig\u00fcrler \u0130\u00e7in En \u0130yi Destinasyon?<\/b><span class=\"ez-toc-section-end\"><\/span><\/h3>\n<p><span style=\"font-weight: 400;\">Vitrinclinic, sofistike, do\u011fal g\u00f6r\u00fcn\u00fcml\u00fc iyile\u015ftirmelerde uzmanla\u015fm\u0131\u015ft\u0131r ve bariz yapayl\u0131k olmadan cilal\u0131 sunum gerektiren profesyonel fig\u00fcrler i\u00e7in gereksinimleri anlama konusunda uzmanla\u015fm\u0131\u015ft\u0131r. Klini\u011fin uluslararas\u0131 profesyonel m\u00fc\u015fteriyle uzmanl\u0131\u011f\u0131, \u00e7e\u015fitli k\u00fclt\u00fcrel ba\u011flamlar\u0131n ve \u00f6zg\u00fcnl\u00fck gereksinimlerinin anla\u015f\u0131lmas\u0131n\u0131 sa\u011flar. Uluslararas\u0131 e\u011fitimli uzmanlar\u0131, ileri teknolojiyi ve sanatsal hassasiyeti kapsaml\u0131 bak\u0131m koordinasyonu ve ihtiyatla birle\u015ftiren Vitrinclinic, <\/span><b>jared golden g\u00fcl\u00fcmseme de\u011fi\u015fimi<\/b><span style=\"font-weight: 400;\"> esteti\u011fini arayan profesyoneller i\u00e7in ideal bir ortam sa\u011flar &#8211; profesyonel ve kamu ba\u011flamlar\u0131nda g\u00fcvenilirli\u011fi baltalamak yerine destekleyen ger\u00e7ek karakteri koruyan rafine profesyonellik.<\/span><\/p>\n<h3><span class=\"ez-toc-section\" id=\"Turkiyedeki_Gulumseme_Tasarimi_Dogal_Ozgun_Sonuclari_Nasil_Yaratir\"><\/span><b>T\u00fcrkiye&#8217;deki G\u00fcl\u00fcmseme Tasar\u0131m\u0131 Do\u011fal, \u00d6zg\u00fcn Sonu\u00e7lar\u0131 Nas\u0131l Yarat\u0131r?<\/b><span class=\"ez-toc-section-end\"><\/span><\/h3>\n<p><span style=\"font-weight: 400;\">T\u00fcrk di\u015f m\u00fckemmelli\u011fi, genel m\u00fckemmelli\u011fi uygulamak yerine bireysel \u00f6zelliklere, k\u00fclt\u00fcrel ba\u011flama ve profesyonel gereksinimlere sayg\u0131 g\u00f6steren ki\u015fiselle\u015ftirilmi\u015f tasar\u0131m\u0131 vurgular. Vitrinclinic&#8217;in yakla\u015f\u0131m\u0131, hastan\u0131n profesyonel rol\u00fcn\u00fc, \u00f6zg\u00fcnl\u00fck ihtiya\u00e7lar\u0131n\u0131 ve ki\u015fisel tercihlerini dikkate al\u0131r ve g\u00f6r\u00fcn\u00fcm\u00fc d\u00f6n\u00fc\u015ft\u00fcrmek yerine geli\u015ftiren tedavileri tasarlar. Bu \u00f6zelle\u015ftirme, g\u00fcvenilirli\u011fin profesyonel cila ile birlikte \u00f6zg\u00fcn karakter korumas\u0131 gerektirdi\u011fi politikac\u0131lar, y\u00f6neticiler veya kamu fig\u00fcrleri gibi profesyoneller i\u00e7in hayati \u00f6nem ta\u015f\u0131r. T\u00fcrkiye&#8217;nin sofistike kozmetik di\u015f hekimli\u011fi itibar\u0131, kalite standartlar\u0131ndan \u00f6d\u00fcn vermeden eri\u015filebilir fiyatlarla do\u011fal \u00f6zg\u00fcnl\u00fc\u011f\u00fc koruyan \u00fcnl\u00fc kalitesinde sonu\u00e7lar arayan k\u00fcresel m\u00fc\u015fterileri \u00e7eker.<\/span><\/p>\n<h4><span class=\"ez-toc-section\" id=\"Vitrinclinicte_Kaplama_Uygulamasi_ve_Dis_Beyazlatma_Sureci\"><\/span><b>Vitrinclinic&#8217;te Kaplama Uygulamas\u0131 ve Di\u015f Beyazlatma S\u00fcreci?<\/b><span class=\"ez-toc-section-end\"><\/span><\/h4>\n<p>Vitrinclinic&#8217;in kapsaml\u0131 s\u00fcreci, dijital g\u00f6r\u00fcnt\u00fcleme ve y\u00fcz analizi kullanan detayl\u0131 dan\u0131\u015fma ile ba\u015flar, ard\u0131ndan estetik hedefleri ve profesyonel gereksinimleri dikkate alan \u00f6zelle\u015ftirilmi\u015f tedavi planlamas\u0131 gelir. Profesyonel beyazlatma, temel parlakl\u0131\u011f\u0131 olu\u015fturarak kaplama uygulamas\u0131ndan \u00f6nce gelebilir. Muhafazakar di\u015f haz\u0131rl\u0131\u011f\u0131 do\u011fal yap\u0131y\u0131 korur, ard\u0131ndan premium malzemeler kullanarak \u00f6zel kaplama imalat\u0131 ve kusursuz entegrasyon sa\u011flayan hassas yap\u0131\u015ft\u0131rma gelir. Tedavi boyunca, hasta girdisi sonu\u00e7lar\u0131n beklentilere ve \u00f6zg\u00fcnl\u00fck gereksinimlerine uygun olmas\u0131n\u0131 sa\u011flar. Tedavi sonras\u0131, profesyonel g\u00fcveni destekleyen optimal, kal\u0131c\u0131 sonu\u00e7lar\u0131 sa\u011flayan bak\u0131m rehberli\u011fi ve takip deste\u011fini i\u00e7erir.<\/p>\n<h4><span class=\"ez-toc-section\" id=\"Uluslararasi_Musteriler_Neden_Yuksek_Kaliteli_Kozmetik_Dis_Hekimligi_Icin_Turkiyeyi_Seciyor\"><\/span><b>Uluslararas\u0131 M\u00fc\u015fteriler Neden Y\u00fcksek Kaliteli Kozmetik Di\u015f Hekimli\u011fi \u0130\u00e7in T\u00fcrkiye&#8217;yi Se\u00e7iyor?<\/b><span class=\"ez-toc-section-end\"><\/span><\/h4>\n<p><span style=\"font-weight: 400;\">Uluslararas\u0131 m\u00fc\u015fteriler T\u00fcrkiye&#8217;yi d\u00fcnya standartlar\u0131nda uzmanl\u0131k, ileri teknoloji, premium malzemeler ve kar\u015f\u0131la\u015ft\u0131r\u0131labilir veya \u00fcst\u00fcn kaliteyi korurken Bat\u0131 e\u015fde\u011ferlerinin \u00f6nemli \u00f6l\u00e7\u00fcde alt\u0131nda eri\u015filebilir fiyatland\u0131rman\u0131n ola\u011fan\u00fcst\u00fc kombinasyonu i\u00e7in se\u00e7iyor. \u0130stanbul&#8217;un k\u00fcresel bir \u015fehir olarak konumu, l\u00fcks konaklama ve k\u00fclt\u00fcrel cazibe merkezleriyle rahat bir tedavi deneyimini destekleyen uygun uluslararas\u0131 eri\u015fim sa\u011flar. Vitrinclinic&#8217;in \u00e7e\u015fitli uluslararas\u0131 m\u00fc\u015fteriyle deneyimi, \u00e7e\u015fitli estetik tercihlerin ve k\u00fclt\u00fcrel ba\u011flamlar\u0131n anla\u015f\u0131lmas\u0131n\u0131 sa\u011flar. Bu kombinasyon, T\u00fcrkiye&#8217;yi kariyer hedeflerini ve ki\u015fisel g\u00fcveni destekleyen sofistike g\u00fcl\u00fcmseme iyile\u015ftirmesi arayan profesyoneller i\u00e7in \u00f6nde gelen destinasyon olarak konumland\u0131r\u0131r.<\/span><\/p>\n<h4><span class=\"ez-toc-section\" id=\"Hollywooda_Hazir_Bir_Gulumseme_Icin_Uygun_Fiyatli_ve_Etkili_Cozumler\"><\/span><b>Hollywood&#8217;a Haz\u0131r Bir G\u00fcl\u00fcmseme \u0130\u00e7in Uygun Fiyatl\u0131 ve Etkili \u00c7\u00f6z\u00fcmler?<\/b><span class=\"ez-toc-section-end\"><\/span><\/h4>\n<p><span style=\"font-weight: 400;\">Vitrinclinic, profesyonel beyazlatma ve premium porselen kaplamalar\u0131 i\u00e7eren kapsaml\u0131 g\u00fcl\u00fcmseme de\u011fi\u015fimleri sunar ve genellikle 3.000-10.000 $ aras\u0131nda de\u011fi\u015fir &#8211; e\u015fde\u011fer ABD tedavilerine (15.000-35.000 $ +) g\u00f6re \u00f6nemli \u00f6l\u00e7\u00fcde daha az, ancak titiz kalite standartlar\u0131n\u0131 korur. Her \u015fey dahil paketler dan\u0131\u015fma, tedavi, konaklama, transferler ve takip bak\u0131m\u0131n\u0131 kapsar ve uluslararas\u0131 m\u00fc\u015fteriler i\u00e7in ola\u011fan\u00fcst\u00fc de\u011fer sa\u011flar. Bu fiyatland\u0131rma eri\u015filebilirli\u011fi, sofistike kozmetik di\u015f hekimli\u011fini kariyer etkinli\u011fini ve ki\u015fisel g\u00fcveni destekleyen profesyonel iyile\u015ftirme arayan daha geni\u015f kitlelere eri\u015filebilir k\u0131lar. Rafine, \u00f6zg\u00fcn iyile\u015ftirme arayan profesyoneller i\u00e7in, Vitrinclinic eri\u015filebilir yat\u0131r\u0131m seviyelerinde uzman bak\u0131m yoluyla d\u00fcnya standartlar\u0131nda sonu\u00e7lar sunar.<\/span><\/p>\n<p>&nbsp;<\/p>\n<p><span style=\"font-weight: 400;\">SSS:<\/span><\/p>\n<h3><span class=\"ez-toc-section\" id=\"Jared_Golden_kaplama_veya_baska_kozmetik_dis_isi_yaptirdi_mi\"><\/span><b>Jared Golden kaplama veya ba\u015fka kozmetik di\u015f i\u015fi yapt\u0131rd\u0131 m\u0131?<\/b><span class=\"ez-toc-section-end\"><\/span><\/h3>\n<p><span style=\"font-weight: 400;\">Kongre \u00dcyesi Jared Golden&#8217;\u0131n kaplama veya herhangi bir kozmetik di\u015f i\u015fi ald\u0131\u011f\u0131na dair kamuya a\u00e7\u0131k bir onay yoktur. Ancak, di\u015fleri sa\u011fl\u0131kl\u0131, d\u00fczg\u00fcn ve iyi bak\u0131ml\u0131 g\u00f6r\u00fcnmektedir, bu da muhtemelen kendinden emin, kamuya d\u00f6n\u00fck bir g\u00f6r\u00fcn\u00fcm\u00fc korumak i\u00e7in profesyonel di\u015f bak\u0131m\u0131 ve beyazlatmaya yat\u0131r\u0131m yapt\u0131\u011f\u0131n\u0131 g\u00f6stermektedir.<\/span><\/p>\n<h3><span class=\"ez-toc-section\" id=\"Gulumsemesi_yillar_icinde_nasil_evrimlesti\"><\/span><b>G\u00fcl\u00fcmsemesi y\u0131llar i\u00e7inde nas\u0131l evrimle\u015fti?<\/b><span class=\"ez-toc-section-end\"><\/span><\/h3>\n<p><span style=\"font-weight: 400;\">Zamanla, Jared Golden&#8217;\u0131n g\u00fcl\u00fcmsemesi daha cilal\u0131 ve tutarl\u0131 hale geldi, muhtemelen iyi di\u015f hijyeni, d\u00fczenli temizlikler ve muhtemelen ince beyazlatma tedavilerini yans\u0131t\u0131yor. Ula\u015f\u0131labilir, ger\u00e7ek ifadesi kamu ki\u015fili\u011finin tan\u0131mlay\u0131c\u0131 bir \u00f6zelli\u011fi olarak kald\u0131.<\/span><\/p>\n<h3><span class=\"ez-toc-section\" id=\"Profesyonel_ve_ulasilabilir_gulumsemesinin_arkasinda_hangi_tedavilerin_olmasi_muhtemel\"><\/span><b>Profesyonel ve ula\u015f\u0131labilir g\u00fcl\u00fcmsemesinin arkas\u0131nda hangi tedavilerin olmas\u0131 muhtemel?<\/b><span class=\"ez-toc-section-end\"><\/span><\/h3>\n<p><span style=\"font-weight: 400;\">Golden&#8217;\u0131n g\u00fcl\u00fcmsemesi muhtemelen rutin beyazlatma, mine cilalama ve \u00f6nleyici di\u015f bak\u0131m\u0131ndan faydalan\u0131r. Kamuoyunda olanlar i\u00e7in, bu tedaviler kaplama veya kronlar gibi kapsaml\u0131 kozmetik prosed\u00fcrlere gerek kalmadan parlakl\u0131\u011f\u0131 ve tekd\u00fczeli\u011fi korumas\u0131na yard\u0131mc\u0131 olur.<\/span><\/p>\n<p>&nbsp;<\/p>\n<h3><span class=\"ez-toc-section\" id=\"Gulumsemesi_liderlik_tarzini_ve_kamu_kisiligini_yansitiyor_mu\"><\/span><b>G\u00fcl\u00fcmsemesi liderlik tarz\u0131n\u0131 ve kamu ki\u015fili\u011fini yans\u0131t\u0131yor mu?<\/b><span class=\"ez-toc-section-end\"><\/span><\/h3>\n<p><span style=\"font-weight: 400;\">Evet. Jared Golden&#8217;\u0131n g\u00fcl\u00fcmsemesi \u00f6zg\u00fcn, temelli ve ili\u015fkilendirilebilir geliyor &#8211; pragmatik, insan \u00f6ncelikli liderlik konusundaki itibar\u0131yla uyumlu nitelikler. Do\u011fal, iyi bak\u0131ml\u0131 bir g\u00fcl\u00fcmseme, g\u00fcvenilirli\u011fi ve se\u00e7menlerle ba\u011flant\u0131y\u0131 peki\u015ftirmeye yard\u0131mc\u0131 olabilir.<\/span><\/p>\n<p>&nbsp;<\/p>\n<h3><span class=\"ez-toc-section\" id=\"Politikacilar_ve_kamu_figurleri_icin_yaygin_kozmetik_dis_prosedurleri_nelerdir\"><\/span><b>Politikac\u0131lar ve kamu fig\u00fcrleri i\u00e7in yayg\u0131n kozmetik di\u015f prosed\u00fcrleri nelerdir?<\/b><span class=\"ez-toc-section-end\"><\/span><\/h3>\n<p><span style=\"font-weight: 400;\">Kamu fig\u00fcrleri genellikle profesyonel beyazlatma, yap\u0131\u015ft\u0131rma, kaplamalar, ortodontik dokunu\u015flar ve di\u015f eti konturlama i\u015flemlerine ba\u015fvurur. Bu tedaviler g\u00fcl\u00fcmsemeyi incelikle geli\u015ftirir, medya denetimi alt\u0131nda g\u00fcven ve profesyonelli\u011fi iletirken ger\u00e7ek g\u00f6r\u00fcnd\u00fc\u011f\u00fcnden emin olur.<\/span><\/p>\n<p>&nbsp;<\/p>\n<h3><span class=\"ez-toc-section\" id=\"Jared_Goldeninki_gibi_bir_gulumseme_degisimi_ne_kadar_tutardi\"><\/span><b>Jared Golden&#8217;\u0131nki gibi bir g\u00fcl\u00fcmseme de\u011fi\u015fimi ne kadar tutard\u0131?<\/b><span class=\"ez-toc-section-end\"><\/span><\/h3>\n<p><span style=\"font-weight: 400;\">Bir g\u00fcl\u00fcmseme de\u011fi\u015fimi se\u00e7ilen tedavilere ba\u011fl\u0131d\u0131r. Profesyonel beyazlatma genellikle seans ba\u015f\u0131na 300-1.000 $ tutarken, kaplamalar ABD&#8217;de di\u015f ba\u015f\u0131na 1.000-2.500 $ aras\u0131nda de\u011fi\u015febilir. Eksiksiz ama do\u011fal g\u00f6r\u00fcn\u00fcml\u00fc bir g\u00fcl\u00fcmseme i\u00e7in, \u00f6zelle\u015ftirmeye ba\u011fl\u0131 olarak toplam 5.000 ila 20.000 $ aras\u0131nda de\u011fi\u015febilir.<\/span><\/p>\n<p>&nbsp;<\/p>\n<h3><span class=\"ez-toc-section\" id=\"Benzer_bir_gulumseme_donusumunu_nerede_yaptirabilirim\"><\/span><b>Benzer bir g\u00fcl\u00fcmseme d\u00f6n\u00fc\u015f\u00fcm\u00fcn\u00fc nerede yaptirabilirim?<\/b><span class=\"ez-toc-section-end\"><\/span><\/h3>\n<p><span style=\"font-weight: 400;\">Profesyonel, ya\u015fa uygun estetikte uzmanla\u015fm\u0131\u015f bir kozmetik di\u015f\u00e7iyi ziyaret ederek cilal\u0131, do\u011fal bir g\u00fcl\u00fcmseme elde edebilirsiniz. ABD ve yurt d\u0131\u015f\u0131ndaki bir\u00e7ok klinik, y\u00f6neticiler, liderler ve \u00f6zg\u00fcn ve kendinden emin g\u00f6r\u00fcnen sonu\u00e7lara ihtiya\u00e7 duyan medya profesyonelleri i\u00e7in tasarlanm\u0131\u015f g\u00fcl\u00fcmseme de\u011fi\u015fimleri sunar.<\/span><\/p>\n<p>&nbsp;<\/p>\n<h3><span class=\"ez-toc-section\" id=\"Siyasi_kampanyalarda_gulumseme_tasariminin_onemi_nedir\"><\/span><b>Siyasi kampanyalarda g\u00fcl\u00fcmseme tasar\u0131m\u0131n\u0131n \u00f6nemi nedir?<\/b><span class=\"ez-toc-section-end\"><\/span><\/h3>\n<p><span style=\"font-weight: 400;\">Bir aday\u0131n g\u00fcl\u00fcmsemesi genellikle en etkili s\u00f6zs\u00fcz ipu\u00e7lar\u0131ndan biridir. \u0130yi tasarlanm\u0131\u015f bir g\u00fcl\u00fcmseme g\u00fcven, iyimserlik ve ili\u015fkilendirilebilirli\u011fi yans\u0131t\u0131r &#8211; se\u00e7men alg\u0131s\u0131n\u0131 olumlu etkileyebilecek ve bir politikac\u0131n\u0131n kamu imaj\u0131n\u0131 geli\u015ftirebilecek \u00f6zellikler.<\/span><\/p>\n<p>&nbsp;<\/p>\n<h3><span class=\"ez-toc-section\" id=\"Gulumseme_estetigindeki_kucuk_iyilestirmeler_secmen_algisini_nasil_etkiler\"><\/span><b>G\u00fcl\u00fcmseme esteti\u011findeki k\u00fc\u00e7\u00fck iyile\u015ftirmeler se\u00e7men alg\u0131s\u0131n\u0131 nas\u0131l etkiler?<\/b><span class=\"ez-toc-section-end\"><\/span><\/h3>\n<p><span style=\"font-weight: 400;\">Ara\u015ft\u0131rmalar, daha beyaz di\u015fler veya daha simetrik hizalama gibi ince iyile\u015ftirmelerin bile bir politikac\u0131n\u0131n daha g\u00fcvenilir, yetkin ve kendinden emin g\u00f6r\u00fcnmesini sa\u011flayabilece\u011fini g\u00f6steriyor. Bu bilin\u00e7alt\u0131 g\u00f6rsel ipu\u00e7lar\u0131, se\u00e7menlerin bir adaya duygusal olarak nas\u0131l tepki verdi\u011fini \u015fekillendirmede \u00f6nemli bir rol oynayabilir.<\/span><\/p>\n<p>&nbsp;<\/p>\n<h3><span class=\"ez-toc-section\" id=\"Vitrinclinic_uluslararasi_musteriler_icin_benzer_bir_gulumseme_yaratabilir_mi\"><\/span><b>Vitrinclinic uluslararas\u0131 m\u00fc\u015fteriler i\u00e7in benzer bir g\u00fcl\u00fcmseme yaratabilir mi?<\/b><span class=\"ez-toc-section-end\"><\/span><\/h3>\n<p><span style=\"font-weight: 400;\">Evet. T\u00fcrkiye&#8217;deki Vitrinclinic, kaplamalar, beyazlatma ve dijital g\u00fcl\u00fcmseme tasar\u0131m\u0131 dahil olmak \u00fczere uluslararas\u0131 m\u00fc\u015fteriler i\u00e7in d\u00fcnya standartlar\u0131nda kozmetik di\u015f hekimli\u011fi sunmaktad\u0131r. Y\u00f6neticilere ve kamu fig\u00fcrlerine uygun do\u011fal, profesyonel g\u00fcl\u00fcmsemelerde uzmanla\u015f\u0131rlar, genellikle di\u015f ba\u015f\u0131na 250-700 $ &#8211; ABD fiyatlar\u0131n\u0131n bir k\u0131sm\u0131.<\/span><\/p>\n<p>&nbsp;<\/p>\n","protected":false},"excerpt":{"rendered":"<p>Jared Golden, Maine&#8217;in 2. Kongre B\u00f6lgesi&#8217;ni temsil eden Demokrat bir ABD Temsilcisi olup, ba\u011f\u0131ms\u0131z oy verme kayd\u0131 ve \u0131l\u0131ml\u0131 siyasi duru\u015flar\u0131yla tan\u0131nmaktad\u0131r. Yasama \u00e7al\u0131\u015fmalar\u0131n\u0131n ve askeri hizmet ge\u00e7mi\u015finin \u00f6tesinde, ula\u015f\u0131labilir&hellip;<\/p>\n","protected":false},"author":36,"featured_media":61538,"comment_status":"open","ping_status":"open","sticky":false,"template":"","format":"standard","meta":{"iawp_total_views":0,"footnotes":""},"categories":[349],"tags":[],"class_list":["post-61646","post","type-post","status-publish","format-standard","has-post-thumbnail","hentry","category-uncategorized-tr"],"_wp_old_slugs":[],"rank_math_title":"","rank_math_description":"","rank_math_focus_keyword":"","_links":{"self":[{"href":"https:\/\/dev.vitrinclinic.com\/tr\/wp-json\/wp\/v2\/posts\/61646","targetHints":{"allow":["GET"]}}],"collection":[{"href":"https:\/\/dev.vitrinclinic.com\/tr\/wp-json\/wp\/v2\/posts"}],"about":[{"href":"https:\/\/dev.vitrinclinic.com\/tr\/wp-json\/wp\/v2\/types\/post"}],"author":[{"embeddable":true,"href":"https:\/\/dev.vitrinclinic.com\/tr\/wp-json\/wp\/v2\/users\/36"}],"replies":[{"embeddable":true,"href":"https:\/\/dev.vitrinclinic.com\/tr\/wp-json\/wp\/v2\/comments?post=61646"}],"version-history":[{"count":0,"href":"https:\/\/dev.vitrinclinic.com\/tr\/wp-json\/wp\/v2\/posts\/61646\/revisions"}],"wp:featuredmedia":[{"embeddable":true,"href":"https:\/\/dev.vitrinclinic.com\/tr\/wp-json\/wp\/v2\/media\/61538"}],"wp:attachment":[{"href":"https:\/\/dev.vitrinclinic.com\/tr\/wp-json\/wp\/v2\/media?parent=61646"}],"wp:term":[{"taxonomy":"category","embeddable":true,"href":"https:\/\/dev.vitrinclinic.com\/tr\/wp-json\/wp\/v2\/categories?post=61646"},{"taxonomy":"post_tag","embeddable":true,"href":"https:\/\/dev.vitrinclinic.com\/tr\/wp-json\/wp\/v2\/tags?post=61646"}],"curies":[{"name":"wp","href":"https:\/\/api.w.org\/{rel}","templated":true}]}}